{"id":289715,"date":"2026-01-09T10:50:00","date_gmt":"2026-01-09T09:50:00","guid":{"rendered":"https:\/\/www.tucomarca.com\/wordpress\/segunda\/?p=289715"},"modified":"2026-01-09T18:18:35","modified_gmt":"2026-01-09T17:18:35","slug":"el-departament-de-serveis-socials-de-turis-presenta-la-reforma-de-les-seues-oficines","status":"publish","type":"post","link":"https:\/\/www.tucomarca.com\/wordpress\/segunda\/ca\/el-departament-de-serveis-socials-de-turis-presenta-la-reforma-de-les-seues-oficines\/","title":{"rendered":"El Departament de Serveis Socials de Tur\u00eds presenta la reforma de les seues oficines"},"content":{"rendered":"\n<p>El Departament de Serveis Socials de l\u2019Ajuntament de Tur\u00eds ha presentat la recent reforma de les seues oficines amb la celebraci\u00f3 d\u2019una jornada de portes obertes, a la qual han assistit representants de les associacions locals, amb l\u2019objectiu de donar a con\u00e9ixer les millores realitzades en les instal\u00b7lacions municipals.<\/p>\n\n\n\n<p>Esta actuaci\u00f3 est\u00e0 inclosa dins de la subvenci\u00f3 de 433.669 euros, gestionada a trav\u00e9s del Ministeri de Joventut i Inf\u00e0ncia, destinada a la recuperaci\u00f3 mitjan\u00e7ant obra p\u00fablica i diferents plans d\u2019ocupaci\u00f3 en diversos \u00e0mbits de les zones afectades per la DANA.<\/p>\n\n\n\n<p>La reforma ha suposat una redistribuci\u00f3 integral de l\u2019espai, que ha perm\u00e9s la creaci\u00f3 de set despatxos i una sala de reunions, adaptant aix\u00ed les instal\u00b7lacions a les necessitats actuals del servei. Esta millora facilita una major comoditat tant per al personal t\u00e8cnic com per a les persones usu\u00e0ries, optimitzant l\u2019atenci\u00f3 i el desenvolupament del treball diari.<\/p>\n\n\n\n<p>Durant la jornada tamb\u00e9 s\u2019ha informat de la incorporaci\u00f3 d\u2019un nou vehicle, que permetr\u00e0 millorar i facilitar l\u2019atenci\u00f3 domicili\u00e0ria al municipi, refor\u00e7ant aix\u00ed els recursos destinats a l\u2019atenci\u00f3 social i acostant els serveis a la ciutadania.<\/p>\n\n\n\n<p>Des de l\u2019Ajuntament de Tur\u00eds s\u2019ha destacat la import\u00e0ncia d\u2019esta reforma, que contribu\u00efx a modernitzar els Serveis Socials municipals i a millorar la qualitat de l\u2019atenci\u00f3 prestada a la poblaci\u00f3.<\/p>\n\n\n\n<figure class=\"wp-block-gallery has-nested-images columns-2 is-cropped wp-block-gallery-1 is-layout-flex wp-block-gallery-is-layout-flex\">\n<figure class=\"wp-block-image size-large\"><img loading=\"lazy\" decoding=\"async\" width=\"1024\" height=\"691\" data-id=\"289704\" src=\"https:\/\/www.tucomarca.com\/wordpress\/segunda\/wp-content\/uploads\/2026\/01\/TurisServiciosSociales03-1024x691.jpg\" alt=\"\" class=\"wp-image-289704\" srcset=\"https:\/\/www.tucomarca.com\/wordpress\/segunda\/wp-content\/uploads\/2026\/01\/TurisServiciosSociales03-1024x691.jpg 1024w, https:\/\/www.tucomarca.com\/wordpress\/segunda\/wp-content\/uploads\/2026\/01\/TurisServiciosSociales03-300x202.jpg 300w, https:\/\/www.tucomarca.com\/wordpress\/segunda\/wp-content\/uploads\/2026\/01\/TurisServiciosSociales03-768x518.jpg 768w, https:\/\/www.tucomarca.com\/wordpress\/segunda\/wp-content\/uploads\/2026\/01\/TurisServiciosSociales03.jpg 1181w\" sizes=\"auto, (max-width: 1024px) 100vw, 1024px\" \/><\/figure>\n\n\n\n<figure class=\"wp-block-image size-large\"><img loading=\"lazy\" decoding=\"async\" width=\"1024\" height=\"691\" data-id=\"289710\" src=\"https:\/\/www.tucomarca.com\/wordpress\/segunda\/wp-content\/uploads\/2026\/01\/TurisServiciosSociales06-1024x691.jpg\" alt=\"\" class=\"wp-image-289710\" srcset=\"https:\/\/www.tucomarca.com\/wordpress\/segunda\/wp-content\/uploads\/2026\/01\/TurisServiciosSociales06-1024x691.jpg 1024w, https:\/\/www.tucomarca.com\/wordpress\/segunda\/wp-content\/uploads\/2026\/01\/TurisServiciosSociales06-300x202.jpg 300w, https:\/\/www.tucomarca.com\/wordpress\/segunda\/wp-content\/uploads\/2026\/01\/TurisServiciosSociales06-768x518.jpg 768w, https:\/\/www.tucomarca.com\/wordpress\/segunda\/wp-content\/uploads\/2026\/01\/TurisServiciosSociales06.jpg 1181w\" sizes=\"auto, (max-width: 1024px) 100vw, 1024px\" \/><\/figure>\n\n\n\n<figure class=\"wp-block-image size-large\"><img loading=\"lazy\" decoding=\"async\" width=\"1024\" height=\"691\" data-id=\"289708\" src=\"https:\/\/www.tucomarca.com\/wordpress\/segunda\/wp-content\/uploads\/2026\/01\/TurisServiciosSociales05-1024x691.jpg\" alt=\"\" class=\"wp-image-289708\" srcset=\"https:\/\/www.tucomarca.com\/wordpress\/segunda\/wp-content\/uploads\/2026\/01\/TurisServiciosSociales05-1024x691.jpg 1024w, https:\/\/www.tucomarca.com\/wordpress\/segunda\/wp-content\/uploads\/2026\/01\/TurisServiciosSociales05-300x202.jpg 300w, https:\/\/www.tucomarca.com\/wordpress\/segunda\/wp-content\/uploads\/2026\/01\/TurisServiciosSociales05-768x518.jpg 768w, https:\/\/www.tucomarca.com\/wordpress\/segunda\/wp-content\/uploads\/2026\/01\/TurisServiciosSociales05.jpg 1181w\" sizes=\"auto, (max-width: 1024px) 100vw, 1024px\" \/><\/figure>\n\n\n\n<figure class=\"wp-block-image size-large\"><img loading=\"lazy\" decoding=\"async\" width=\"1024\" height=\"691\" data-id=\"289702\" src=\"https:\/\/www.tucomarca.com\/wordpress\/segunda\/wp-content\/uploads\/2026\/01\/TurisServiciosSociales02-1024x691.jpg\" alt=\"\" class=\"wp-image-289702\" srcset=\"https:\/\/www.tucomarca.com\/wordpress\/segunda\/wp-content\/uploads\/2026\/01\/TurisServiciosSociales02-1024x691.jpg 1024w, https:\/\/www.tucomarca.com\/wordpress\/segunda\/wp-content\/uploads\/2026\/01\/TurisServiciosSociales02-300x202.jpg 300w, https:\/\/www.tucomarca.com\/wordpress\/segunda\/wp-content\/uploads\/2026\/01\/TurisServiciosSociales02-768x518.jpg 768w, https:\/\/www.tucomarca.com\/wordpress\/segunda\/wp-content\/uploads\/2026\/01\/TurisServiciosSociales02.jpg 1181w\" sizes=\"auto, (max-width: 1024px) 100vw, 1024px\" \/><\/figure>\n\n\n\n<figure class=\"wp-block-image size-large\"><img loading=\"lazy\" decoding=\"async\" width=\"1024\" height=\"691\" data-id=\"289712\" src=\"https:\/\/www.tucomarca.com\/wordpress\/segunda\/wp-content\/uploads\/2026\/01\/TurisServiciosSociales07-1024x691.jpg\" alt=\"\" class=\"wp-image-289712\" srcset=\"https:\/\/www.tucomarca.com\/wordpress\/segunda\/wp-content\/uploads\/2026\/01\/TurisServiciosSociales07-1024x691.jpg 1024w, https:\/\/www.tucomarca.com\/wordpress\/segunda\/wp-content\/uploads\/2026\/01\/TurisServiciosSociales07-300x202.jpg 300w, https:\/\/www.tucomarca.com\/wordpress\/segunda\/wp-content\/uploads\/2026\/01\/TurisServiciosSociales07-768x518.jpg 768w, https:\/\/www.tucomarca.com\/wordpress\/segunda\/wp-content\/uploads\/2026\/01\/TurisServiciosSociales07.jpg 1181w\" sizes=\"auto, (max-width: 1024px) 100vw, 1024px\" \/><\/figure>\n\n\n\n<figure class=\"wp-block-image size-large\"><img loading=\"lazy\" decoding=\"async\" width=\"1024\" height=\"691\" data-id=\"289700\" src=\"https:\/\/www.tucomarca.com\/wordpress\/segunda\/wp-content\/uploads\/2026\/01\/TurisServiciosSociales01-1024x691.jpg\" alt=\"\" class=\"wp-image-289700\" srcset=\"https:\/\/www.tucomarca.com\/wordpress\/segunda\/wp-content\/uploads\/2026\/01\/TurisServiciosSociales01-1024x691.jpg 1024w, https:\/\/www.tucomarca.com\/wordpress\/segunda\/wp-content\/uploads\/2026\/01\/TurisServiciosSociales01-300x202.jpg 300w, https:\/\/www.tucomarca.com\/wordpress\/segunda\/wp-content\/uploads\/2026\/01\/TurisServiciosSociales01-768x518.jpg 768w, https:\/\/www.tucomarca.com\/wordpress\/segunda\/wp-content\/uploads\/2026\/01\/TurisServiciosSociales01.jpg 1181w\" sizes=\"auto, (max-width: 1024px) 100vw, 1024px\" \/><\/figure>\n<\/figure>\n","protected":false},"excerpt":{"rendered":"<div class=\"mh-excerpt\">El Departament de Serveis Socials de l\u2019Ajuntament de Tur\u00eds ha presentat la recent reforma de les seues oficines amb la celebraci\u00f3 d\u2019una jornada de portes obertes, a la qual han assistit representants de les associacions <a class=\"mh-excerpt-more\" href=\"https:\/\/www.tucomarca.com\/wordpress\/segunda\/ca\/el-departament-de-serveis-socials-de-turis-presenta-la-reforma-de-les-seues-oficines\/\" title=\"El Departament de Serveis Socials de Tur\u00eds presenta la reforma de les seues oficines\">[+] <\/a><\/div>\n","protected":false},"author":12,"featured_media":289707,"comment_status":"open","ping_status":"open","sticky":false,"template":"","format":"gallery","meta":{"footnotes":""},"categories":[10948,10894,10902,10947,10896,11047],"tags":[11356,13446,11093],"class_list":{"0":"post-289715","1":"post","2":"type-post","3":"status-publish","4":"format-gallery","5":"has-post-thumbnail","7":"category-infraestructuras-ca","8":"category-la-comarca-ca","9":"category-la-ribera-ca","10":"category-politica","11":"category-seccion-ca","12":"category-turis-ca","13":"tag-ribera-alta-ca","14":"tag-servicios-sociales-ca","15":"tag-turis-ca","16":"post_format-post-format-gallery"},"_links":{"self":[{"href":"https:\/\/www.tucomarca.com\/wordpress\/segunda\/ca\/wp-json\/wp\/v2\/posts\/289715","targetHints":{"allow":["GET"]}}],"collection":[{"href":"https:\/\/www.tucomarca.com\/wordpress\/segunda\/ca\/wp-json\/wp\/v2\/posts"}],"about":[{"href":"https:\/\/www.tucomarca.com\/wordpress\/segunda\/ca\/wp-json\/wp\/v2\/types\/post"}],"author":[{"embeddable":true,"href":"https:\/\/www.tucomarca.com\/wordpress\/segunda\/ca\/wp-json\/wp\/v2\/users\/12"}],"replies":[{"embeddable":true,"href":"https:\/\/www.tucomarca.com\/wordpress\/segunda\/ca\/wp-json\/wp\/v2\/comments?post=289715"}],"version-history":[{"count":0,"href":"https:\/\/www.tucomarca.com\/wordpress\/segunda\/ca\/wp-json\/wp\/v2\/posts\/289715\/revisions"}],"wp:featuredmedia":[{"embeddable":true,"href":"https:\/\/www.tucomarca.com\/wordpress\/segunda\/ca\/wp-json\/wp\/v2\/media\/289707"}],"wp:attachment":[{"href":"https:\/\/www.tucomarca.com\/wordpress\/segunda\/ca\/wp-json\/wp\/v2\/media?parent=289715"}],"wp:term":[{"taxonomy":"category","embeddable":true,"href":"https:\/\/www.tucomarca.com\/wordpress\/segunda\/ca\/wp-json\/wp\/v2\/categories?post=289715"},{"taxonomy":"post_tag","embeddable":true,"href":"https:\/\/www.tucomarca.com\/wordpress\/segunda\/ca\/wp-json\/wp\/v2\/tags?post=289715"}],"curies":[{"name":"wp","href":"https:\/\/api.w.org\/{rel}","templated":true}]}}