{"id":289792,"date":"2026-01-10T13:00:00","date_gmt":"2026-01-10T12:00:00","guid":{"rendered":"https:\/\/www.tucomarca.com\/wordpress\/segunda\/?p=289792"},"modified":"2026-03-12T00:22:49","modified_gmt":"2026-03-11T23:22:49","slug":"dol-en-lsm-lartistica-de-bunyol-per-la-defuncio-del-music-javier-gomez-masmano","status":"publish","type":"post","link":"https:\/\/www.tucomarca.com\/wordpress\/segunda\/ca\/dol-en-lsm-lartistica-de-bunyol-per-la-defuncio-del-music-javier-gomez-masmano\/","title":{"rendered":"Dol en la SM \u201cL&#8217;Art\u00edstica\u201d de Bunyol per la defunci\u00f3 del m\u00fasic Javier G\u00f3mez Masmano"},"content":{"rendered":"\n<p>La Societat Musical \u201cL&#8217;Art\u00edstica\u201d de Bunyol ha comunicat aquest divendres la defunci\u00f3 de Javier G\u00f3mez Masmano, flautista de la Banda Simf\u00f2nica, una p\u00e8rdua que ha provocat una profunda consternaci\u00f3 entre m\u00fasics, directiva i socis de l&#8217;entitat.<\/p>\n\n\n\n<p>Des de la societat musical han expressat el seu afecte i m\u00e9s sentit condol a la fam\u00edlia i als sers estimats del m\u00fasic, amb una menci\u00f3 especial al seu germ\u00e0 bess\u00f3, Alberto, que tamb\u00e9 forma part de la Banda Simf\u00f2nica de \u201cL&#8217;Art\u00edstica\u201d.<\/p>\n\n\n\n<p>En senyal de dol i respecte, l&#8217;entitat ha anunciat la suspensi\u00f3 de tots els actes previstos per a aquest cap de setmana, sumant-se aix\u00ed al dolor per la p\u00e8rdua d&#8217;un dels seus integrants.<\/p>\n\n\n\n<p>La Societat Musical \u201cL&#8217;Art\u00edstica\u201d ha volgut acomiadar-se de Javier G\u00f3mez Masmano amb un missatge carregat d&#8217;afecte, reconeixement i gratitud, recordant-lo com una pe\u00e7a fonamental del projecte musical i hum\u00e0 de l&#8217;entitat, i destacant el seu comprom\u00eds, companyonia i amor per la m\u00fasica.<\/p>\n\n\n\n<p>La desaparici\u00f3 de Javier deixa un profund buit en la fam\u00edlia &#8220;fea&#8221;, que plora la p\u00e8rdua d&#8217;una persona molt volguda.<\/p>\n","protected":false},"excerpt":{"rendered":"<div class=\"mh-excerpt\">La Societat Musical \u201cL&#8217;Art\u00edstica\u201d de Bunyol ha comunicat aquest divendres la defunci\u00f3 de Javier G\u00f3mez Masmano, flautista de la Banda Simf\u00f2nica, una p\u00e8rdua que ha provocat una profunda consternaci\u00f3 entre m\u00fasics, directiva i socis de <a class=\"mh-excerpt-more\" href=\"https:\/\/www.tucomarca.com\/wordpress\/segunda\/ca\/dol-en-lsm-lartistica-de-bunyol-per-la-defuncio-del-music-javier-gomez-masmano\/\" title=\"Dol en la SM \u201cL&#8217;Art\u00edstica\u201d de Bunyol per la defunci\u00f3 del m\u00fasic Javier G\u00f3mez Masmano\">[+] <\/a><\/div>\n","protected":false},"author":12,"featured_media":114602,"comment_status":"open","ping_status":"open","sticky":false,"template":"","format":"standard","meta":{"footnotes":""},"categories":[10911,11005,10894,10912,11007,10896,10897],"tags":[10913,10914,11154],"class_list":{"0":"post-289792","1":"post","2":"type-post","3":"status-publish","4":"format-standard","5":"has-post-thumbnail","7":"category-bunol-ca","8":"category-canal-musica","9":"category-la-comarca-ca","10":"category-la-hoya-ca","11":"category-ocio-y-cultura-ca","12":"category-seccion-ca","13":"category-sucesos-la-comarca-ca","14":"tag-bunol-ca","15":"tag-la-hoya-de-bunol-chiva-ca","16":"tag-sm-la-artistica-de-bunol-ca"},"_links":{"self":[{"href":"https:\/\/www.tucomarca.com\/wordpress\/segunda\/ca\/wp-json\/wp\/v2\/posts\/289792","targetHints":{"allow":["GET"]}}],"collection":[{"href":"https:\/\/www.tucomarca.com\/wordpress\/segunda\/ca\/wp-json\/wp\/v2\/posts"}],"about":[{"href":"https:\/\/www.tucomarca.com\/wordpress\/segunda\/ca\/wp-json\/wp\/v2\/types\/post"}],"author":[{"embeddable":true,"href":"https:\/\/www.tucomarca.com\/wordpress\/segunda\/ca\/wp-json\/wp\/v2\/users\/12"}],"replies":[{"embeddable":true,"href":"https:\/\/www.tucomarca.com\/wordpress\/segunda\/ca\/wp-json\/wp\/v2\/comments?post=289792"}],"version-history":[{"count":0,"href":"https:\/\/www.tucomarca.com\/wordpress\/segunda\/ca\/wp-json\/wp\/v2\/posts\/289792\/revisions"}],"wp:featuredmedia":[{"embeddable":true,"href":"https:\/\/www.tucomarca.com\/wordpress\/segunda\/ca\/wp-json\/wp\/v2\/media\/114602"}],"wp:attachment":[{"href":"https:\/\/www.tucomarca.com\/wordpress\/segunda\/ca\/wp-json\/wp\/v2\/media?parent=289792"}],"wp:term":[{"taxonomy":"category","embeddable":true,"href":"https:\/\/www.tucomarca.com\/wordpress\/segunda\/ca\/wp-json\/wp\/v2\/categories?post=289792"},{"taxonomy":"post_tag","embeddable":true,"href":"https:\/\/www.tucomarca.com\/wordpress\/segunda\/ca\/wp-json\/wp\/v2\/tags?post=289792"}],"curies":[{"name":"wp","href":"https:\/\/api.w.org\/{rel}","templated":true}]}}