{"id":289885,"date":"2026-01-12T09:45:00","date_gmt":"2026-01-12T08:45:00","guid":{"rendered":"https:\/\/www.tucomarca.com\/wordpress\/segunda\/?p=289885"},"modified":"2026-01-12T09:56:56","modified_gmt":"2026-01-12T08:56:56","slug":"la-banda-simfonica-de-la-sm-lartistica-de-bunyol-anuncia-al-seu-nou-director-josep-gil-gil","status":"publish","type":"post","link":"https:\/\/www.tucomarca.com\/wordpress\/segunda\/ca\/la-banda-simfonica-de-la-sm-lartistica-de-bunyol-anuncia-al-seu-nou-director-josep-gil-gil\/","title":{"rendered":"La Banda Simf\u00f2nica de la SM \u201cL&#8217;Art\u00edstica\u201d de Bunyol anuncia al seu nou director: Josep Gil Gil"},"content":{"rendered":"\n<p>Despr\u00e9s del proc\u00e9s de selecci\u00f3 que va comen\u00e7ar el mes de setembre passat, la Banda Simf\u00f2nica de la Societat Musical \u201cL&#8217;Art\u00edstica\u201d ja compta amb nou director: Josep Gil Gil.\u2028Dos van ser els candidats que van arribar a l&#8217;\u00faltima fase de la selecci\u00f3, dirigint als m\u00fasics &#8220;Feos&#8221; en els dos \u00faltims concerts de l&#8217;any. Despr\u00e9s d&#8217;aquests concerts, la Comissi\u00f3 Art\u00edstica traslladava el passat cap de setmana l&#8217;elecci\u00f3 de Josep Gil Gil, que va ser ratificada per la Junta Directiva de L&#8217;Art\u00edstica i comunicada als m\u00fasics. Natural de Vila-real, va cursar els seus estudis de direcci\u00f3 en el Conservatori Nacional d&#8217;Est\u00f2nia (Tallinn) on va realitzar el M\u00e0ster en Direcci\u00f3 d&#8217;Orquestra i M\u00e0ster en Direcci\u00f3 de Cor amb el professor Toomas Kapten.<\/p>\n\n\n\n<p>Ha treballat com a director assistent en institucions de la talla del Palau de les Arts de Val\u00e8ncia, el Gran Teatre del Liceu de Barcelona, el Teatre Real de Madrid, l&#8217;Opera Royal de Wallonie, el Radi Philharmonie de Saarbr\u00fccken, el Teatre Municipale Giuseppe Verdi di Salern i l&#8217;Orquestra i Cor Nacionals d&#8217;Espanya. A m\u00e9s, ha assistit a mestres com Gustavo Dudamel, James Gaffigan, Gustavo Gimeno o Daniel Oren.<\/p>\n\n\n\n<p>En el seu curr\u00edculum, destaquen les seues participacions com a director convidat amb la Simf\u00f2nica del Vall\u00e9s en el Palau de la M\u00fasica Catalana, amb l&#8217;Orquestra Filharm\u00f2nica de Gran Can\u00e0ria a l&#8217;Auditori Alfredo Kraus, amb la Orquestra de la Comunitat Valenciana en el Palau de les Arts Reina Sofia, amb l&#8217;Orquestra Nacional d&#8217;Espanya a l&#8217;Auditori Nacional i amb l&#8217;Orquestra Simf\u00f2nica de R\u00e0dio Televisi\u00f3 Espanyola en el Teatre Monumental de Madrid.<\/p>\n\n\n\n<p>Compta amb una dilatada experi\u00e8ncia en la direcci\u00f3 d&#8217;\u00f2pera i oratori, sent des del 2019, Director Art\u00edstico del Cicle de M\u00fasica Cl\u00e0ssica Crea Escena de Vila-real. Josep Gil afronta ara el repte de dirigir a la Banda Simf\u00f2nica de \u201cLos Feos\u201d aportant la seua experi\u00e8ncia i entusiasme en aquest nova etapa, que comen\u00e7ar\u00e0 en les pr\u00f2ximes setmanes i que es materialitzar\u00e0 en la seua estrena com a director el mes vinent d&#8217;abril, en el Concert commemoratiu de l&#8217;Aniversari del Teatre Montecarlo.<\/p>\n","protected":false},"excerpt":{"rendered":"<div class=\"mh-excerpt\">Despr\u00e9s del proc\u00e9s de selecci\u00f3 que va comen\u00e7ar el mes de setembre passat, la Banda Simf\u00f2nica de la Societat Musical \u201cL&#8217;Art\u00edstica\u201d ja compta amb nou director: Josep Gil Gil.\u2028Dos van ser els candidats que van <a class=\"mh-excerpt-more\" href=\"https:\/\/www.tucomarca.com\/wordpress\/segunda\/ca\/la-banda-simfonica-de-la-sm-lartistica-de-bunyol-anuncia-al-seu-nou-director-josep-gil-gil\/\" title=\"La Banda Simf\u00f2nica de la SM \u201cL&#8217;Art\u00edstica\u201d de Bunyol anuncia al seu nou director: Josep Gil Gil\">[+] <\/a><\/div>\n","protected":false},"author":12,"featured_media":289884,"comment_status":"open","ping_status":"open","sticky":false,"template":"","format":"standard","meta":{"footnotes":""},"categories":[10911,11005,10894,10912,11007,10896],"tags":[10913,23674,10914,23675,11154],"class_list":{"0":"post-289885","1":"post","2":"type-post","3":"status-publish","4":"format-standard","5":"has-post-thumbnail","7":"category-bunol-ca","8":"category-canal-musica","9":"category-la-comarca-ca","10":"category-la-hoya-ca","11":"category-ocio-y-cultura-ca","12":"category-seccion-ca","13":"tag-bunol-ca","14":"tag-josep-gil-gil-ca","15":"tag-la-hoya-de-bunol-chiva-ca","16":"tag-nuevo-director-ca","17":"tag-sm-la-artistica-de-bunol-ca"},"_links":{"self":[{"href":"https:\/\/www.tucomarca.com\/wordpress\/segunda\/ca\/wp-json\/wp\/v2\/posts\/289885","targetHints":{"allow":["GET"]}}],"collection":[{"href":"https:\/\/www.tucomarca.com\/wordpress\/segunda\/ca\/wp-json\/wp\/v2\/posts"}],"about":[{"href":"https:\/\/www.tucomarca.com\/wordpress\/segunda\/ca\/wp-json\/wp\/v2\/types\/post"}],"author":[{"embeddable":true,"href":"https:\/\/www.tucomarca.com\/wordpress\/segunda\/ca\/wp-json\/wp\/v2\/users\/12"}],"replies":[{"embeddable":true,"href":"https:\/\/www.tucomarca.com\/wordpress\/segunda\/ca\/wp-json\/wp\/v2\/comments?post=289885"}],"version-history":[{"count":0,"href":"https:\/\/www.tucomarca.com\/wordpress\/segunda\/ca\/wp-json\/wp\/v2\/posts\/289885\/revisions"}],"wp:featuredmedia":[{"embeddable":true,"href":"https:\/\/www.tucomarca.com\/wordpress\/segunda\/ca\/wp-json\/wp\/v2\/media\/289884"}],"wp:attachment":[{"href":"https:\/\/www.tucomarca.com\/wordpress\/segunda\/ca\/wp-json\/wp\/v2\/media?parent=289885"}],"wp:term":[{"taxonomy":"category","embeddable":true,"href":"https:\/\/www.tucomarca.com\/wordpress\/segunda\/ca\/wp-json\/wp\/v2\/categories?post=289885"},{"taxonomy":"post_tag","embeddable":true,"href":"https:\/\/www.tucomarca.com\/wordpress\/segunda\/ca\/wp-json\/wp\/v2\/tags?post=289885"}],"curies":[{"name":"wp","href":"https:\/\/api.w.org\/{rel}","templated":true}]}}