{"id":289906,"date":"2026-01-12T09:00:00","date_gmt":"2026-01-12T08:00:00","guid":{"rendered":"https:\/\/www.tucomarca.com\/wordpress\/segunda\/?p=289906"},"modified":"2026-01-12T13:23:33","modified_gmt":"2026-01-12T12:23:33","slug":"el-cd-bunyol-b-reforca-la-pinya-en-el-seu-tradicional-sopar-de-nadal","status":"publish","type":"post","link":"https:\/\/www.tucomarca.com\/wordpress\/segunda\/ca\/el-cd-bunyol-b-reforca-la-pinya-en-el-seu-tradicional-sopar-de-nadal\/","title":{"rendered":"El CD Bunyol B refor\u00e7a la pinya en el seu tradicional sopar de Nadal"},"content":{"rendered":"\n<p>El CD Bunyol B va celebrar en els \u00faltims dies el seu sopar de Nadal en un ambient marcat per la companyonia, el bon rotllo i la cohesi\u00f3 de grup. La plantilla de l&#8217;equip amateur, al costat del cos t\u00e8cnic, va compartir una vetlada distesa que va servir per a enfortir els lla\u00e7os fora del terreny de joc.<\/p>\n\n\n\n<p>M\u00e9s enll\u00e0 dels resultats esportius, la trobada va evidenciar el bon moment que travessa el vestuari. El CD Bunyol B no sols est\u00e0 mostrant un rendiment s\u00f2lid sobre la gespa, sin\u00f3 que tamb\u00e9 demostra que sap gaudir i conviure com a grup, un aspecte clau en la din\u00e0mica de qualsevol equip.<\/p>\n\n\n\n<p>El sopar va tindre lloc en el restaurant Tr\u00e9bede i es va convertir en una oportunitat per a fer balan\u00e7 de la temporada, intercanviar an\u00e8cdotes i refor\u00e7ar el sentiment de pertinen\u00e7a al club, en una mostra m\u00e9s que el bon ambient \u00e9s un dels pilars del conjunt amateur.<\/p>\n\n\n\n<p>Aquest tipus d&#8217;iniciatives contribueixen a mantindre la motivaci\u00f3 i el comprom\u00eds de l&#8217;equip, ingredients fonamentals per a continuar competint al m\u00e0xim nivell durant la resta de la temporada.<\/p>\n","protected":false},"excerpt":{"rendered":"<div class=\"mh-excerpt\">El CD Bunyol B va celebrar en els \u00faltims dies el seu sopar de Nadal en un ambient marcat per la companyonia, el bon rotllo i la cohesi\u00f3 de grup. La plantilla de l&#8217;equip amateur, <a class=\"mh-excerpt-more\" href=\"https:\/\/www.tucomarca.com\/wordpress\/segunda\/ca\/el-cd-bunyol-b-reforca-la-pinya-en-el-seu-tradicional-sopar-de-nadal\/\" title=\"El CD Bunyol B refor\u00e7a la pinya en el seu tradicional sopar de Nadal\">[+] <\/a><\/div>\n","protected":false},"author":12,"featured_media":289912,"comment_status":"open","ping_status":"open","sticky":false,"template":"","format":"standard","meta":{"footnotes":""},"categories":[10911,11015,11003,10894,10912,10896],"tags":[10913,17861,10914],"class_list":{"0":"post-289906","1":"post","2":"type-post","3":"status-publish","4":"format-standard","5":"has-post-thumbnail","7":"category-bunol-ca","8":"category-canal-futbol","9":"category-sports","10":"category-la-comarca-ca","11":"category-la-hoya-ca","12":"category-seccion-ca","13":"tag-bunol-ca","14":"tag-cd-bunol-b-ca","15":"tag-la-hoya-de-bunol-chiva-ca"},"_links":{"self":[{"href":"https:\/\/www.tucomarca.com\/wordpress\/segunda\/ca\/wp-json\/wp\/v2\/posts\/289906","targetHints":{"allow":["GET"]}}],"collection":[{"href":"https:\/\/www.tucomarca.com\/wordpress\/segunda\/ca\/wp-json\/wp\/v2\/posts"}],"about":[{"href":"https:\/\/www.tucomarca.com\/wordpress\/segunda\/ca\/wp-json\/wp\/v2\/types\/post"}],"author":[{"embeddable":true,"href":"https:\/\/www.tucomarca.com\/wordpress\/segunda\/ca\/wp-json\/wp\/v2\/users\/12"}],"replies":[{"embeddable":true,"href":"https:\/\/www.tucomarca.com\/wordpress\/segunda\/ca\/wp-json\/wp\/v2\/comments?post=289906"}],"version-history":[{"count":0,"href":"https:\/\/www.tucomarca.com\/wordpress\/segunda\/ca\/wp-json\/wp\/v2\/posts\/289906\/revisions"}],"wp:featuredmedia":[{"embeddable":true,"href":"https:\/\/www.tucomarca.com\/wordpress\/segunda\/ca\/wp-json\/wp\/v2\/media\/289912"}],"wp:attachment":[{"href":"https:\/\/www.tucomarca.com\/wordpress\/segunda\/ca\/wp-json\/wp\/v2\/media?parent=289906"}],"wp:term":[{"taxonomy":"category","embeddable":true,"href":"https:\/\/www.tucomarca.com\/wordpress\/segunda\/ca\/wp-json\/wp\/v2\/categories?post=289906"},{"taxonomy":"post_tag","embeddable":true,"href":"https:\/\/www.tucomarca.com\/wordpress\/segunda\/ca\/wp-json\/wp\/v2\/tags?post=289906"}],"curies":[{"name":"wp","href":"https:\/\/api.w.org\/{rel}","templated":true}]}}