{"id":289973,"date":"2026-01-12T13:00:00","date_gmt":"2026-01-12T12:00:00","guid":{"rendered":"https:\/\/www.tucomarca.com\/wordpress\/segunda\/?p=289973"},"modified":"2026-01-12T20:52:50","modified_gmt":"2026-01-12T19:52:50","slug":"lajuntament-de-turis-afronta-la-reforma-integral-i-millores-en-el-local-de-lassociacio-de-jubilats","status":"publish","type":"post","link":"https:\/\/www.tucomarca.com\/wordpress\/segunda\/ca\/lajuntament-de-turis-afronta-la-reforma-integral-i-millores-en-el-local-de-lassociacio-de-jubilats\/","title":{"rendered":"L&#8217;Ajuntament de Tur\u00eds afronta la reforma integral i millores en el local de l&#8217;Associaci\u00f3 de Jubilats"},"content":{"rendered":"\n<p>L\u2019Ajuntament de Tur\u00eds est\u00e0 duent a terme en les \u00faltimes setmanes una reforma integral i diverses millores a la seu de l\u2019Associaci\u00f3 de Jubilats i Pensionistes del municipi, una actuaci\u00f3 que s\u2019executa amb recursos propis municipals i que t\u00e9 com a objectiu adequar el local a la normativa vigent i millorar de manera notable la seua accessibilitat i funcionalitat.<\/p>\n\n\n\n<p>Les obres permetran adaptar l\u2019espai a les exig\u00e8ncies actuals dels locals de p\u00fablica concurr\u00e8ncia, garantint unes millors condicions de seguretat, comoditat i \u00fas per a les persones majors que fan \u00fas habitual d\u2019estes instal\u00b7lacions.<\/p>\n\n\n\n<p>Entre les principals actuacions que s\u2019estan desenvolupant destaca la independitzaci\u00f3 dels comptadors divisionaris del subministrament el\u00e8ctric i d\u2019aigua potable respecte de la resta de l\u2019edifici de la Casa de la Cultura. Aix\u00ed mateix, s\u2019est\u00e0 realitzant la renovaci\u00f3 i adequaci\u00f3 completa de la instal\u00b7laci\u00f3 el\u00e8ctrica, amb la incorporaci\u00f3 de cablejat lliure d\u2019hal\u00f2gens i llumin\u00e0ries de tipus LED.<\/p>\n\n\n\n<p>El projecte contempla tamb\u00e9 el trasllat de les m\u00e0quines d\u2019aire condicionat des de la fa\u00e7ana a la terrassa, la reparaci\u00f3 dels escalons d\u2019acc\u00e9s per l\u2019avinguda principal i l\u2019adaptaci\u00f3 dels banys per a garantir l\u2019accessibilitat en un espai de p\u00fablica concurr\u00e8ncia. A m\u00e9s, s\u2019est\u00e0 millorant la il\u00b7luminaci\u00f3 dels lavabos i de les zones de menor pas mitjan\u00e7ant la instal\u00b7laci\u00f3 de sensors de pres\u00e8ncia.<\/p>\n\n\n\n<p>Altres intervencions rellevants inclouen la independitzaci\u00f3 del local respecte de la resta de l\u2019edifici en mat\u00e8ria de resist\u00e8ncia al foc, aix\u00ed com diverses millores en els elements de la cuina.<\/p>\n\n\n\n<p>Amb esta actuaci\u00f3, el consistori reafirma el seu comprom\u00eds amb el benestar de les persones majors del municipi, dotant l\u2019Associaci\u00f3 de Jubilats d\u2019unes instal\u00b7lacions m\u00e9s segures, accessibles i adequades a les seues necessitats.<\/p>\n\n\n\n<figure class=\"wp-block-gallery has-nested-images columns-default is-cropped wp-block-gallery-1 is-layout-flex wp-block-gallery-is-layout-flex\">\n<figure class=\"wp-block-image size-large\"><img loading=\"lazy\" decoding=\"async\" width=\"1024\" height=\"768\" data-id=\"289971\" src=\"https:\/\/www.tucomarca.com\/wordpress\/segunda\/wp-content\/uploads\/2026\/01\/TurisHogarJubilado3-1024x768.jpeg\" alt=\"\" class=\"wp-image-289971\" srcset=\"https:\/\/www.tucomarca.com\/wordpress\/segunda\/wp-content\/uploads\/2026\/01\/TurisHogarJubilado3-1024x768.jpeg 1024w, https:\/\/www.tucomarca.com\/wordpress\/segunda\/wp-content\/uploads\/2026\/01\/TurisHogarJubilado3-300x225.jpeg 300w, https:\/\/www.tucomarca.com\/wordpress\/segunda\/wp-content\/uploads\/2026\/01\/TurisHogarJubilado3-768x576.jpeg 768w, https:\/\/www.tucomarca.com\/wordpress\/segunda\/wp-content\/uploads\/2026\/01\/TurisHogarJubilado3-1536x1152.jpeg 1536w, https:\/\/www.tucomarca.com\/wordpress\/segunda\/wp-content\/uploads\/2026\/01\/TurisHogarJubilado3-678x509.jpeg 678w, https:\/\/www.tucomarca.com\/wordpress\/segunda\/wp-content\/uploads\/2026\/01\/TurisHogarJubilado3-326x245.jpeg 326w, https:\/\/www.tucomarca.com\/wordpress\/segunda\/wp-content\/uploads\/2026\/01\/TurisHogarJubilado3-80x60.jpeg 80w, https:\/\/www.tucomarca.com\/wordpress\/segunda\/wp-content\/uploads\/2026\/01\/TurisHogarJubilado3.jpeg 2048w\" sizes=\"auto, (max-width: 1024px) 100vw, 1024px\" \/><\/figure>\n\n\n\n<figure class=\"wp-block-image size-large\"><img loading=\"lazy\" decoding=\"async\" width=\"1024\" height=\"768\" data-id=\"289969\" src=\"https:\/\/www.tucomarca.com\/wordpress\/segunda\/wp-content\/uploads\/2026\/01\/TurisHogarJubilado2-1024x768.jpeg\" alt=\"\" class=\"wp-image-289969\" srcset=\"https:\/\/www.tucomarca.com\/wordpress\/segunda\/wp-content\/uploads\/2026\/01\/TurisHogarJubilado2-1024x768.jpeg 1024w, https:\/\/www.tucomarca.com\/wordpress\/segunda\/wp-content\/uploads\/2026\/01\/TurisHogarJubilado2-300x225.jpeg 300w, https:\/\/www.tucomarca.com\/wordpress\/segunda\/wp-content\/uploads\/2026\/01\/TurisHogarJubilado2-768x576.jpeg 768w, https:\/\/www.tucomarca.com\/wordpress\/segunda\/wp-content\/uploads\/2026\/01\/TurisHogarJubilado2-1536x1152.jpeg 1536w, https:\/\/www.tucomarca.com\/wordpress\/segunda\/wp-content\/uploads\/2026\/01\/TurisHogarJubilado2-678x509.jpeg 678w, https:\/\/www.tucomarca.com\/wordpress\/segunda\/wp-content\/uploads\/2026\/01\/TurisHogarJubilado2-326x245.jpeg 326w, https:\/\/www.tucomarca.com\/wordpress\/segunda\/wp-content\/uploads\/2026\/01\/TurisHogarJubilado2-80x60.jpeg 80w, https:\/\/www.tucomarca.com\/wordpress\/segunda\/wp-content\/uploads\/2026\/01\/TurisHogarJubilado2.jpeg 2048w\" sizes=\"auto, (max-width: 1024px) 100vw, 1024px\" \/><\/figure>\n<\/figure>\n","protected":false},"excerpt":{"rendered":"<div class=\"mh-excerpt\">L\u2019Ajuntament de Tur\u00eds est\u00e0 duent a terme en les \u00faltimes setmanes una reforma integral i diverses millores a la seu de l\u2019Associaci\u00f3 de Jubilats i Pensionistes del municipi, una actuaci\u00f3 que s\u2019executa amb recursos propis <a class=\"mh-excerpt-more\" href=\"https:\/\/www.tucomarca.com\/wordpress\/segunda\/ca\/lajuntament-de-turis-afronta-la-reforma-integral-i-millores-en-el-local-de-lassociacio-de-jubilats\/\" title=\"L&#8217;Ajuntament de Tur\u00eds afronta la reforma integral i millores en el local de l&#8217;Associaci\u00f3 de Jubilats\">[+] <\/a><\/div>\n","protected":false},"author":12,"featured_media":289968,"comment_status":"open","ping_status":"open","sticky":false,"template":"","format":"gallery","meta":{"footnotes":""},"categories":[10948,10894,10902,10947,10896,11047],"tags":[23682,23683,11356,11093],"class_list":{"0":"post-289973","1":"post","2":"type-post","3":"status-publish","4":"format-gallery","5":"has-post-thumbnail","7":"category-infraestructuras-ca","8":"category-la-comarca-ca","9":"category-la-ribera-ca","10":"category-politica","11":"category-seccion-ca","12":"category-turis-ca","13":"tag-hogar-del-jubilado-ca","14":"tag-reforma-integral-ca","15":"tag-ribera-alta-ca","16":"tag-turis-ca","17":"post_format-post-format-gallery"},"_links":{"self":[{"href":"https:\/\/www.tucomarca.com\/wordpress\/segunda\/ca\/wp-json\/wp\/v2\/posts\/289973","targetHints":{"allow":["GET"]}}],"collection":[{"href":"https:\/\/www.tucomarca.com\/wordpress\/segunda\/ca\/wp-json\/wp\/v2\/posts"}],"about":[{"href":"https:\/\/www.tucomarca.com\/wordpress\/segunda\/ca\/wp-json\/wp\/v2\/types\/post"}],"author":[{"embeddable":true,"href":"https:\/\/www.tucomarca.com\/wordpress\/segunda\/ca\/wp-json\/wp\/v2\/users\/12"}],"replies":[{"embeddable":true,"href":"https:\/\/www.tucomarca.com\/wordpress\/segunda\/ca\/wp-json\/wp\/v2\/comments?post=289973"}],"version-history":[{"count":0,"href":"https:\/\/www.tucomarca.com\/wordpress\/segunda\/ca\/wp-json\/wp\/v2\/posts\/289973\/revisions"}],"wp:featuredmedia":[{"embeddable":true,"href":"https:\/\/www.tucomarca.com\/wordpress\/segunda\/ca\/wp-json\/wp\/v2\/media\/289968"}],"wp:attachment":[{"href":"https:\/\/www.tucomarca.com\/wordpress\/segunda\/ca\/wp-json\/wp\/v2\/media?parent=289973"}],"wp:term":[{"taxonomy":"category","embeddable":true,"href":"https:\/\/www.tucomarca.com\/wordpress\/segunda\/ca\/wp-json\/wp\/v2\/categories?post=289973"},{"taxonomy":"post_tag","embeddable":true,"href":"https:\/\/www.tucomarca.com\/wordpress\/segunda\/ca\/wp-json\/wp\/v2\/tags?post=289973"}],"curies":[{"name":"wp","href":"https:\/\/api.w.org\/{rel}","templated":true}]}}