{"id":289992,"date":"2026-01-12T12:00:00","date_gmt":"2026-01-12T11:00:00","guid":{"rendered":"https:\/\/www.tucomarca.com\/wordpress\/segunda\/?p=289992"},"modified":"2026-01-12T20:40:28","modified_gmt":"2026-01-12T19:40:28","slug":"la-diputacio-condiciona-quatre-camins-dalpuente-per-a-millorar-la-connectivitat-del-municipi","status":"publish","type":"post","link":"https:\/\/www.tucomarca.com\/wordpress\/segunda\/ca\/la-diputacio-condiciona-quatre-camins-dalpuente-per-a-millorar-la-connectivitat-del-municipi\/","title":{"rendered":"La Diputaci\u00f3 condiciona quatre camins d&#8217;Alpuente per a millorar la connectivitat del municipi"},"content":{"rendered":"\n<h3 class=\"wp-block-heading\">L&#8217;\u00e0rea de Carreteres que dirigix Reme Mazzolari prepara ja la licitaci\u00f3 de les obres, que comen\u00e7aran este mateix any i tenen un termini d&#8217;execuci\u00f3 estimat de cinc mesos.<\/h3>\n\n\n\n<p>La Diputaci\u00f3 de Val\u00e8ncia ha aprovat el projecte per a la millora i condicionament de diversos camins de titularitat municipal en el terme d&#8217;Alpuente, una actuaci\u00f3 que permetr\u00e0 renovar m\u00e9s de cinc quil\u00f2metres de vies d&#8217;\u00fas quotidi\u00e0 i que resulten fonamentals per a la mobilitat, l&#8217;activitat econ\u00f2mica i la cohesi\u00f3 territorial del municipi.<\/p>\n\n\n\n<p>La intervenci\u00f3 s&#8217;emmarca en el programa provincial de millora de Camins d&#8217;Inter\u00e9s Territorial, amb el qual la instituci\u00f3 provincial actua sobre infraestructures que, tot i que no formen part de la xarxa de carreteres de la Diputaci\u00f3, complixen una funci\u00f3 clau com a element vertebrador del territori. En este cas, els treballs s&#8217;executaran sobre camins de domini p\u00fablic municipal, que continuaran sent de titularitat de l&#8217;ajuntament d&#8217;Alpuente una vegada finalitzades les obres.<\/p>\n\n\n\n<p>El projecte contempla actuacions en quatre trams situats en diferents punts del terme municipal, amb una longitud total aproximada de 5,1 quil\u00f2metres, els quals inclouen l&#8217;acc\u00e9s a Campo Abajo, des de la CV-345, el cam\u00ed d&#8217;acc\u00e9s a Alpuente des de la CV-353 fins a la resid\u00e8ncia de persones majors i la seua connexi\u00f3 amb la CV-345, l&#8217;acc\u00e9s a Corcolilla i el cam\u00ed d&#8217;acc\u00e9s a la Almeza. Les obres permetran refor\u00e7ar el ferm, millorar el drenatge i renovar la senyalitzaci\u00f3 i els elements de seguretat, incrementant aix\u00ed la comoditat i la seguretat de la circulaci\u00f3.<\/p>\n\n\n\n<p>La diputada de Carreteres i Projectes T\u00e8cnics, Reme Mazzolari, ha destacat que \u201cels camins municipals s\u00f3n infraestructures essencials per al dia a dia de milers de ve\u00efns en tota la prov\u00edncia, especialment en els municipis rurals, on connecten vivendes, pedanies, explotacions agr\u00e0ries i servicis b\u00e0sics\u201d. En este sentit, ha subratllat que \u201cencara que no estiguen catalogats com a carreteres provincials, des de la Diputaci\u00f3 els considerem estrat\u00e8gics perqu\u00e8 contribu\u00efxen a que el territori estiga ben comunicat i per tant, que viure i treballar en el medi rural siga una opci\u00f3 real i atractiva\u201d.<\/p>\n\n\n\n<p>Per part seua, l&#8217;alcaldessa d&#8217;Alpuente, Itziar M\u00e9ndez, ha posat en valor la import\u00e0ncia d&#8217;este tipus d&#8217;actuacions en municipis amb una elevada dispersi\u00f3 geogr\u00e0fica. \u201cAlpuente compta amb m\u00e9s de 500 quil\u00f2metres de camins municipals, que s\u00f3n utilitzats de manera habitual pel sector primari, base de la nostra economia local, i des dels quals s&#8217;accedix a explotacions ramaderes i agr\u00edcoles repartides per tot el terme\u201d, ha assenyalat.<\/p>\n\n\n\n<p>L&#8217;alcaldessa ha remarcat que \u201cmolts ajuntaments rurals no disposem de recursos suficients per a mantindre i millorar una xarxa de camins tan extensa, per la qual cosa el suport d&#8217;altres administracions resulta clau per a garantir la igualtat d&#8217;oportunitats, millorar la connectivitat i fixar poblaci\u00f3\u201d. En esta l\u00ednia, ha afegit que \u201cinvertir en camins municipals no \u00e9s un gasto, sin\u00f3 una inversi\u00f3 estrat\u00e8gica que afavorix el desenvolupament econ\u00f2mic, la cohesi\u00f3 social i la sostenibilitat del territori, especialment en municipis amb menor capacitat financera\u201d.<\/p>\n\n\n\n<p>Actualment, el projecte es troba en fase de preparaci\u00f3 de la licitaci\u00f3, i est\u00e0 previst que les obres puguen comen\u00e7ar al llarg d&#8217;este mateix any, una vegada completats els tr\u00e0mits administratius necessaris. L&#8217;actuaci\u00f3 compta amb un pressupost total de licitaci\u00f3 superior als 800.000 euros i un termini d&#8217;execuci\u00f3 estimat de cinc mesos des de l&#8217;inici dels treballs.<\/p>\n","protected":false},"excerpt":{"rendered":"<div class=\"mh-excerpt\">L&#8217;\u00e0rea de Carreteres que dirigix Reme Mazzolari prepara ja la licitaci\u00f3 de les obres, que comen\u00e7aran este mateix any i tenen un termini d&#8217;execuci\u00f3 estimat de cinc mesos. La Diputaci\u00f3 de Val\u00e8ncia ha aprovat el <a class=\"mh-excerpt-more\" href=\"https:\/\/www.tucomarca.com\/wordpress\/segunda\/ca\/la-diputacio-condiciona-quatre-camins-dalpuente-per-a-millorar-la-connectivitat-del-municipi\/\" title=\"La Diputaci\u00f3 condiciona quatre camins d&#8217;Alpuente per a millorar la connectivitat del municipi\">[+] <\/a><\/div>\n","protected":false},"author":12,"featured_media":289991,"comment_status":"open","ping_status":"open","sticky":false,"template":"","format":"standard","meta":{"footnotes":""},"categories":[11044,11046,10898,10948,10894,10903,10947,10896],"tags":[11187,16772,11246,11928,11080],"class_list":{"0":"post-289992","1":"post","2":"type-post","3":"status-publish","4":"format-standard","5":"has-post-thumbnail","7":"category-alpuente-ca","8":"category-los-serranos-ca","9":"category-ventana-ca","10":"category-infraestructuras-ca","11":"category-la-comarca-ca","12":"category-medio-ambiente-la-comarca-ca","13":"category-politica","14":"category-seccion-ca","15":"tag-alpuente-ca","16":"tag-caminos-ca","17":"tag-diputacio-de-valencia-ca","18":"tag-la-serrania-ca","19":"tag-los-serranos-ca"},"_links":{"self":[{"href":"https:\/\/www.tucomarca.com\/wordpress\/segunda\/ca\/wp-json\/wp\/v2\/posts\/289992","targetHints":{"allow":["GET"]}}],"collection":[{"href":"https:\/\/www.tucomarca.com\/wordpress\/segunda\/ca\/wp-json\/wp\/v2\/posts"}],"about":[{"href":"https:\/\/www.tucomarca.com\/wordpress\/segunda\/ca\/wp-json\/wp\/v2\/types\/post"}],"author":[{"embeddable":true,"href":"https:\/\/www.tucomarca.com\/wordpress\/segunda\/ca\/wp-json\/wp\/v2\/users\/12"}],"replies":[{"embeddable":true,"href":"https:\/\/www.tucomarca.com\/wordpress\/segunda\/ca\/wp-json\/wp\/v2\/comments?post=289992"}],"version-history":[{"count":0,"href":"https:\/\/www.tucomarca.com\/wordpress\/segunda\/ca\/wp-json\/wp\/v2\/posts\/289992\/revisions"}],"wp:featuredmedia":[{"embeddable":true,"href":"https:\/\/www.tucomarca.com\/wordpress\/segunda\/ca\/wp-json\/wp\/v2\/media\/289991"}],"wp:attachment":[{"href":"https:\/\/www.tucomarca.com\/wordpress\/segunda\/ca\/wp-json\/wp\/v2\/media?parent=289992"}],"wp:term":[{"taxonomy":"category","embeddable":true,"href":"https:\/\/www.tucomarca.com\/wordpress\/segunda\/ca\/wp-json\/wp\/v2\/categories?post=289992"},{"taxonomy":"post_tag","embeddable":true,"href":"https:\/\/www.tucomarca.com\/wordpress\/segunda\/ca\/wp-json\/wp\/v2\/tags?post=289992"}],"curies":[{"name":"wp","href":"https:\/\/api.w.org\/{rel}","templated":true}]}}