{"id":290036,"date":"2026-01-13T08:45:00","date_gmt":"2026-01-13T07:45:00","guid":{"rendered":"https:\/\/www.tucomarca.com\/wordpress\/segunda\/?p=290036"},"modified":"2026-01-13T18:47:53","modified_gmt":"2026-01-13T17:47:53","slug":"xarrada-montessori-en-la-llar-en-escola-infantil-zorita-de-requena","status":"publish","type":"post","link":"https:\/\/www.tucomarca.com\/wordpress\/segunda\/ca\/xarrada-montessori-en-la-llar-en-escola-infantil-zorita-de-requena\/","title":{"rendered":"Xarrada &#8216;Montessori en la llar&#8217; en Escola Infantil Zorita de Requena"},"content":{"rendered":"\n<p>Dissabte que ve, 17 de gener, d&#8217;11,00 a 13,00 hores, l&#8217;Escola Infantil Zorita acollir\u00e0 una xarrada dirigida a fam\u00edlies i professionals interessats en l&#8217;enfocament Montessori per a l&#8217;educaci\u00f3 infantil. La xarrada ser\u00e0 dirigida per Sheila Masi\u00e1 amb la col\u00b7laboraci\u00f3 de Santi Salines.<br>L&#8217;assist\u00e8ncia a la xarrada \u00e9s lliure i gratu\u00efta, encara que es prega assistir sense xiquets, a excepci\u00f3 de beb\u00e9s lactants.<br>Sheila Masi\u00e1 \u00e9s mestra en pedagogia Montessori amb quasi 10 anys d&#8217;experi\u00e8ncia liderant equips i transformacions Montessori en col\u00b7legis infantils entre els quals figuren els del Grup Palma.<br>Sheila ha treballat no sols en l&#8217;educaci\u00f3 infantil, sin\u00f3 tamb\u00e9 en la formaci\u00f3 d&#8217;adults com a futures guies Montessori tant a Espanya com en col\u00b7laboraci\u00f3 amb la Universitat d&#8217;Hartford- (Connecticut).<br>El seu enfocament innovador ha perm\u00e9s crear entorns d&#8217;aprenentatge que promouen el respecte i l&#8217;autonomia en els xiquets, i la seua passi\u00f3 per l&#8217;educaci\u00f3 Montessori \u00e9s evident en el seu desenvolupament professional.<br>Santi Salines \u00e9s director d&#8217;Escola Zorita i assistent de Casa de Xiquets Montessori per l&#8217;Associaci\u00f3 Montessori Internacional. A m\u00e9s s&#8217;ha format en altres branques pedag\u00f2giques alternatives, com el metodo Waldorf, Benenzon o la psicomotricitat relacional.<br>Durant la xarrada, Sheila i Santi oferiran una introducci\u00f3 completa al m\u00e8tode Montessori, a m\u00e9s de compartir aplicacions pr\u00e0ctiques que les fam\u00edlies poden implementar en les seues llars. L&#8217;objectiu principal \u00e9s inspirar als assistents i proporcionar-los idees i recursos pr\u00e0ctics per a integrar aquesta filosofia educativa en la vida di\u00e0ria dels seus fills i filles.<br>Les fam\u00edlies interessades a assistir tenen l&#8217;oportunitat de connectar amb un enfocament educatiu que fomenta un ambient d&#8217;aprenentatge respectu\u00f3s i enriquidor. <strong>Informa, Luis Ib\u00e1\u00f1ez.<\/strong><\/p>\n","protected":false},"excerpt":{"rendered":"<div class=\"mh-excerpt\">Dissabte que ve, 17 de gener, d&#8217;11,00 a 13,00 hores, l&#8217;Escola Infantil Zorita acollir\u00e0 una xarrada dirigida a fam\u00edlies i professionals interessats en l&#8217;enfocament Montessori per a l&#8217;educaci\u00f3 infantil. La xarrada ser\u00e0 dirigida per Sheila <a class=\"mh-excerpt-more\" href=\"https:\/\/www.tucomarca.com\/wordpress\/segunda\/ca\/xarrada-montessori-en-la-llar-en-escola-infantil-zorita-de-requena\/\" title=\"Xarrada &#8216;Montessori en la llar&#8217; en Escola Infantil Zorita de Requena\">[+] <\/a><\/div>\n","protected":false},"author":12,"featured_media":290035,"comment_status":"open","ping_status":"open","sticky":false,"template":"","format":"standard","meta":{"footnotes":""},"categories":[11019,10894,11007,10908,10909,10896],"tags":[23690,11099,10910],"class_list":{"0":"post-290036","1":"post","2":"type-post","3":"status-publish","4":"format-standard","5":"has-post-thumbnail","7":"category-agenda-ca","8":"category-la-comarca-ca","9":"category-ocio-y-cultura-ca","10":"category-requena-ca","11":"category-requena-utiel-ca","12":"category-seccion-ca","13":"tag-escuela-infantil-zorita-ca","14":"tag-requena-ca","15":"tag-requena-utiel-ca"},"_links":{"self":[{"href":"https:\/\/www.tucomarca.com\/wordpress\/segunda\/ca\/wp-json\/wp\/v2\/posts\/290036","targetHints":{"allow":["GET"]}}],"collection":[{"href":"https:\/\/www.tucomarca.com\/wordpress\/segunda\/ca\/wp-json\/wp\/v2\/posts"}],"about":[{"href":"https:\/\/www.tucomarca.com\/wordpress\/segunda\/ca\/wp-json\/wp\/v2\/types\/post"}],"author":[{"embeddable":true,"href":"https:\/\/www.tucomarca.com\/wordpress\/segunda\/ca\/wp-json\/wp\/v2\/users\/12"}],"replies":[{"embeddable":true,"href":"https:\/\/www.tucomarca.com\/wordpress\/segunda\/ca\/wp-json\/wp\/v2\/comments?post=290036"}],"version-history":[{"count":0,"href":"https:\/\/www.tucomarca.com\/wordpress\/segunda\/ca\/wp-json\/wp\/v2\/posts\/290036\/revisions"}],"wp:featuredmedia":[{"embeddable":true,"href":"https:\/\/www.tucomarca.com\/wordpress\/segunda\/ca\/wp-json\/wp\/v2\/media\/290035"}],"wp:attachment":[{"href":"https:\/\/www.tucomarca.com\/wordpress\/segunda\/ca\/wp-json\/wp\/v2\/media?parent=290036"}],"wp:term":[{"taxonomy":"category","embeddable":true,"href":"https:\/\/www.tucomarca.com\/wordpress\/segunda\/ca\/wp-json\/wp\/v2\/categories?post=290036"},{"taxonomy":"post_tag","embeddable":true,"href":"https:\/\/www.tucomarca.com\/wordpress\/segunda\/ca\/wp-json\/wp\/v2\/tags?post=290036"}],"curies":[{"name":"wp","href":"https:\/\/api.w.org\/{rel}","templated":true}]}}