{"id":290062,"date":"2026-01-13T08:55:00","date_gmt":"2026-01-13T07:55:00","guid":{"rendered":"https:\/\/www.tucomarca.com\/wordpress\/segunda\/?p=290062"},"modified":"2026-01-13T20:30:18","modified_gmt":"2026-01-13T19:30:18","slug":"la-junta-local-fallera-de-turis-convoca-el-concurs-per-a-triar-el-cartell-anunciador-de-les-falles-de-turis","status":"publish","type":"post","link":"https:\/\/www.tucomarca.com\/wordpress\/segunda\/ca\/la-junta-local-fallera-de-turis-convoca-el-concurs-per-a-triar-el-cartell-anunciador-de-les-falles-de-turis\/","title":{"rendered":"La Junta Local Fallera de Tur\u00eds convoca el concurs per a triar el cartell anunciador de les Falles de Tur\u00eds"},"content":{"rendered":"\n<p>La Junta Local Fallera de Tur\u00eds ha establit el 15 de febrer com a data l\u00edmit per a presentar els treballs que vulguen participar en el XXX concurs de cartells anunciadors de les Falles de Tur\u00eds, que enguany se celebraran del 26 al 29 de mar\u00e7.<\/p>\n\n\n\n<p>En el concurs poden participar persones a partir de 14 anys amb cartells elaborats amb qualsevol tipus de material en format A4. El mateix artista podr\u00e0 presentar tantes obres com desitge.<\/p>\n\n\n\n<p>Els treballs no hauran d\u2019estar signats i s\u2019entregaran a l\u2019ajuntament, a l\u2019atenci\u00f3 de la presidenta de la Junta Local Fallera, i s\u2019hauran d\u2019enviar tamb\u00e9 en format JPG al correu <a>juntalocalturis@gmail.com<\/a>. Al cartell s\u2019haur\u00e0 d\u2019adjuntar un sobre tancat que incloga en el seu interior les dades de l\u2019autor: nom, edat i DNI, adre\u00e7a, correu electr\u00f2nic i n\u00famero de tel\u00e8fon.<\/p>\n\n\n\n<p>Les bases completes poden consultar-se al web municipal: <a href=\"https:\/\/acortar.link\/zImA6q\">https:\/\/acortar.link\/zImA6q<\/a><\/p>\n","protected":false},"excerpt":{"rendered":"<div class=\"mh-excerpt\">La Junta Local Fallera de Tur\u00eds ha establit el 15 de febrer com a data l\u00edmit per a presentar els treballs que vulguen participar en el XXX concurs de cartells anunciadors de les Falles de <a class=\"mh-excerpt-more\" href=\"https:\/\/www.tucomarca.com\/wordpress\/segunda\/ca\/la-junta-local-fallera-de-turis-convoca-el-concurs-per-a-triar-el-cartell-anunciador-de-les-falles-de-turis\/\" title=\"La Junta Local Fallera de Tur\u00eds convoca el concurs per a triar el cartell anunciador de les Falles de Tur\u00eds\">[+] <\/a><\/div>\n","protected":false},"author":12,"featured_media":260723,"comment_status":"open","ping_status":"open","sticky":false,"template":"","format":"standard","meta":{"footnotes":""},"categories":[11019,10894,10902,11007,10896,11047],"tags":[23697,20083,11356,11093],"class_list":{"0":"post-290062","1":"post","2":"type-post","3":"status-publish","4":"format-standard","5":"has-post-thumbnail","7":"category-agenda-ca","8":"category-la-comarca-ca","9":"category-la-ribera-ca","10":"category-ocio-y-cultura-ca","11":"category-seccion-ca","12":"category-turis-ca","13":"tag-cartel-de-fallas-2026-ca","14":"tag-junta-local-de-turis-ca","15":"tag-ribera-alta-ca","16":"tag-turis-ca"},"_links":{"self":[{"href":"https:\/\/www.tucomarca.com\/wordpress\/segunda\/ca\/wp-json\/wp\/v2\/posts\/290062","targetHints":{"allow":["GET"]}}],"collection":[{"href":"https:\/\/www.tucomarca.com\/wordpress\/segunda\/ca\/wp-json\/wp\/v2\/posts"}],"about":[{"href":"https:\/\/www.tucomarca.com\/wordpress\/segunda\/ca\/wp-json\/wp\/v2\/types\/post"}],"author":[{"embeddable":true,"href":"https:\/\/www.tucomarca.com\/wordpress\/segunda\/ca\/wp-json\/wp\/v2\/users\/12"}],"replies":[{"embeddable":true,"href":"https:\/\/www.tucomarca.com\/wordpress\/segunda\/ca\/wp-json\/wp\/v2\/comments?post=290062"}],"version-history":[{"count":0,"href":"https:\/\/www.tucomarca.com\/wordpress\/segunda\/ca\/wp-json\/wp\/v2\/posts\/290062\/revisions"}],"wp:featuredmedia":[{"embeddable":true,"href":"https:\/\/www.tucomarca.com\/wordpress\/segunda\/ca\/wp-json\/wp\/v2\/media\/260723"}],"wp:attachment":[{"href":"https:\/\/www.tucomarca.com\/wordpress\/segunda\/ca\/wp-json\/wp\/v2\/media?parent=290062"}],"wp:term":[{"taxonomy":"category","embeddable":true,"href":"https:\/\/www.tucomarca.com\/wordpress\/segunda\/ca\/wp-json\/wp\/v2\/categories?post=290062"},{"taxonomy":"post_tag","embeddable":true,"href":"https:\/\/www.tucomarca.com\/wordpress\/segunda\/ca\/wp-json\/wp\/v2\/tags?post=290062"}],"curies":[{"name":"wp","href":"https:\/\/api.w.org\/{rel}","templated":true}]}}