{"id":290172,"date":"2026-01-14T17:00:00","date_gmt":"2026-01-14T16:00:00","guid":{"rendered":"https:\/\/www.tucomarca.com\/wordpress\/segunda\/?p=290172"},"modified":"2026-01-14T09:33:53","modified_gmt":"2026-01-14T08:33:53","slug":"la-generalitat-concedix-les-primeres-ajudes-directes-per-un-total-de-300-000-euros-per-a-la-compra-de-vivenda-a-32-families-afectades-per-la-dana","status":"publish","type":"post","link":"https:\/\/www.tucomarca.com\/wordpress\/segunda\/ca\/la-generalitat-concedix-les-primeres-ajudes-directes-per-un-total-de-300-000-euros-per-a-la-compra-de-vivenda-a-32-families-afectades-per-la-dana\/","title":{"rendered":"La Generalitat concedix les primeres ajudes directes per un total de 300.000 euros per a la compra de vivenda a 32 fam\u00edlies afectades per la DANA"},"content":{"rendered":"\n<h3 class=\"wp-block-heading\">Camarero destaca que el Pla especial de vivenda DANA busca proporcionar una soluci\u00f3 residencial permanent i \u201cfacilita als ve\u00efns noves oportunitats de futur en les zones m\u00e9s castigades per les inundacions\u201d.<\/h3>\n\n\n\n<h3 class=\"wp-block-heading\">La vicepresidenta subratlla que esta pol\u00edtica prioritza el dret a la vivenda i la resili\u00e8ncia dels municipis afectats.<\/h3>\n\n\n\n<p>La Vicepresid\u00e8ncia Primera i Conselleria de Vivenda, Ocupaci\u00f3, Joventut i Igualtat ha resolt la concessi\u00f3 de les primeres ajudes del Pla especial de vivenda DANA per a donar suport a les persones damnificades pel sever temporal de vent i pluges del 29 d\u2019octubre de 2024.<\/p>\n\n\n\n<p>Aix\u00ed, mitjan\u00e7ant una resoluci\u00f3 publicada esta setmana en el Diari Oficial de la Generalitat Valenciana (DOGV), s\u2019aprova una inversi\u00f3 inicial de 303.157,41 euros que beneficiar\u00e0 32 fam\u00edlies per a l\u2019adquisici\u00f3 d\u2019una vivenda en algun dels municipis afectats per la DANA.<\/p>\n\n\n\n<p>Referent a aix\u00f2, la vicepresidenta primera i consellera de Vivenda, Ocupaci\u00f3, Joventut i Igualtat, Susana Camarero, ha destacat que \u201camb estes ajudes, la Generalitat complix amb les fam\u00edlies que ho van perdre tot i els oferix una ferramenta concreta per a refer la seua vida amb seguretat i dignitat en els seus municipis\u201d.<\/p>\n\n\n\n<p>\u201cNo es tracta nom\u00e9s d\u2019una compensaci\u00f3 econ\u00f2mica\u201d, ha afegit Camarero, \u201csin\u00f3 d\u2019una pol\u00edtica que prioritza el dret a la vivenda i la resili\u00e8ncia dels nostres pobles davant de l\u2019adversitat clim\u00e0tica\u201d.<\/p>\n\n\n\n<p>La vicepresidenta ha explicat que es tracta de la primera concessi\u00f3 d\u2019estes ajudes a les persones afectades per la DANA que han optat per \u201cbuscar una nova vivenda en els seus municipis, despr\u00e9s que les seues cases s\u2019hagen vist greument afectades\u201d. No obstant aix\u00f2, ha assenyalat que \u201ceste pla d\u2019ajudes va m\u00e9s enll\u00e0 de la reparaci\u00f3, busca rellan\u00e7ar i impulsar estes localitats, ateses les necessitats dels ve\u00efns perqu\u00e8 puguen optar a ajudes a vivenda en els seus municipis i tindre noves oportunitats en la seua terra\u201d.<\/p>\n\n\n\n<p>Aix\u00ed, ha remarcat el car\u00e0cter estrat\u00e8gic de la mesura, \u201cperqu\u00e8 permetre l\u2019establiment de la poblaci\u00f3 en estes localitats \u00e9s essencial per a la seua recuperaci\u00f3 econ\u00f2mica i social i esta ajuda resulta una inversi\u00f3 en el futur i en la vertebraci\u00f3 del nostre territori\u201d.<\/p>\n\n\n\n<p>Estes subvencions, que cobrixen fins al 10 % del preu de compra amb un m\u00e0xim de 20.000 euros per vivenda, estan destinades espec\u00edficament als qui van perdre la seua casa o van patir danys estructurals irreparables a causa de les inundacions.<\/p>\n\n\n\n<p>La mesura t\u00e9 com a objectiu proporcionar una soluci\u00f3 residencial estable i duradora als afectats i a residents d\u2019estos municipis, i fixar poblaci\u00f3 en els nuclis urbans afectats, dinamitzant aix\u00ed la seua recuperaci\u00f3.<\/p>\n\n\n\n<p>Les persones benefici\u00e0ries pertanyen als municipis de Catarroja, Albal, Paiporta, Chiva, Alfafar, Beniparrell, Algemes\u00ed, Alc\u00e0sser, Massanassa, Picassent, Benet\u00fasser, Sedav\u00ed, Silla, Aldaia, l\u2019Alc\u00fadia, Montserrat, Torrent, Utiel, Pedralba i Vilamarxant.<\/p>\n\n\n\n<p>El pagament de l\u2019ajuda s\u2019efectuar\u00e0 d\u2019una sola vegada mitjan\u00e7ant transfer\u00e8ncia banc\u00e0ria, sense necessitat que les persones benefici\u00e0ries aporten documentaci\u00f3 justificativa addicional a la presentada amb la sol\u00b7licitud, agilitzant aix\u00ed al m\u00e0xim el proc\u00e9s de recepci\u00f3 de l\u2019ajuda.<\/p>\n\n\n\n<p><strong>Ajudes vivenda zona DANA<\/strong><\/p>\n\n\n\n<p>Este pla especial de vivenda DANA preveu un marc integral de suport a la vivenda dirigit a persones residents en la zona afectada. Inclou ajudes al lloguer, de les quals ja s\u2019han beneficiat m\u00e9s de 1.300 fam\u00edlies, la qual cosa suposa el 100 % de les sol\u00b7licituds que complien els requisits; ajudes a la compra de vivenda, destinades als qui busquen una nova casa i vullguen establir-se en el seu municipi; i un pla de construcci\u00f3 de vivenda industrialitzada, ja licitat a Albal, Torrent i Utiel, que preveu la construcci\u00f3 de vora 100 vivendes i una inversi\u00f3 total de 21,7 milions d\u2019euros en estos tres municipis, finan\u00e7ats per la Generalitat.<\/p>\n","protected":false},"excerpt":{"rendered":"<div class=\"mh-excerpt\">Camarero destaca que el Pla especial de vivenda DANA busca proporcionar una soluci\u00f3 residencial permanent i \u201cfacilita als ve\u00efns noves oportunitats de futur en les zones m\u00e9s castigades per les inundacions\u201d. La vicepresidenta subratlla que <a class=\"mh-excerpt-more\" href=\"https:\/\/www.tucomarca.com\/wordpress\/segunda\/ca\/la-generalitat-concedix-les-primeres-ajudes-directes-per-un-total-de-300-000-euros-per-a-la-compra-de-vivenda-a-32-families-afectades-per-la-dana\/\" title=\"La Generalitat concedix les primeres ajudes directes per un total de 300.000 euros per a la compra de vivenda a 32 fam\u00edlies afectades per la DANA\">[+] <\/a><\/div>\n","protected":false},"author":12,"featured_media":290170,"comment_status":"open","ping_status":"open","sticky":false,"template":"","format":"standard","meta":{"footnotes":""},"categories":[10983,10892,21466,11046,10898,10948,10995,10894,10904,10912,10902,10903,11000,11025,10947,10896,10897,10927,10975],"tags":[21732,15409,11498],"class_list":{"0":"post-290172","1":"post","2":"type-post","3":"status-publish","4":"format-standard","5":"has-post-thumbnail","7":"category-algemesi-ca","8":"category-camp-de-turia-ca","9":"category-dana-ca","10":"category-los-serranos-ca","11":"category-ventana-ca","12":"category-infraestructuras-ca","13":"category-lalcudia-ca","14":"category-la-comarca-ca","15":"category-sin-categorizar-ca","16":"category-la-hoya-ca","17":"category-la-ribera-ca","18":"category-medio-ambiente-la-comarca-ca","19":"category-monserrat-ca","20":"category-pedralba-ca","21":"category-politica","22":"category-seccion-ca","23":"category-sucesos-la-comarca-ca","24":"category-vilamarxant-ca","25":"category-chiva-ca","26":"tag-ayudas-directas-municipios-afectados-por-la-dana-ca","27":"tag-dana-2-ca","28":"tag-generalitat-valenciana-ca"},"_links":{"self":[{"href":"https:\/\/www.tucomarca.com\/wordpress\/segunda\/ca\/wp-json\/wp\/v2\/posts\/290172","targetHints":{"allow":["GET"]}}],"collection":[{"href":"https:\/\/www.tucomarca.com\/wordpress\/segunda\/ca\/wp-json\/wp\/v2\/posts"}],"about":[{"href":"https:\/\/www.tucomarca.com\/wordpress\/segunda\/ca\/wp-json\/wp\/v2\/types\/post"}],"author":[{"embeddable":true,"href":"https:\/\/www.tucomarca.com\/wordpress\/segunda\/ca\/wp-json\/wp\/v2\/users\/12"}],"replies":[{"embeddable":true,"href":"https:\/\/www.tucomarca.com\/wordpress\/segunda\/ca\/wp-json\/wp\/v2\/comments?post=290172"}],"version-history":[{"count":0,"href":"https:\/\/www.tucomarca.com\/wordpress\/segunda\/ca\/wp-json\/wp\/v2\/posts\/290172\/revisions"}],"wp:featuredmedia":[{"embeddable":true,"href":"https:\/\/www.tucomarca.com\/wordpress\/segunda\/ca\/wp-json\/wp\/v2\/media\/290170"}],"wp:attachment":[{"href":"https:\/\/www.tucomarca.com\/wordpress\/segunda\/ca\/wp-json\/wp\/v2\/media?parent=290172"}],"wp:term":[{"taxonomy":"category","embeddable":true,"href":"https:\/\/www.tucomarca.com\/wordpress\/segunda\/ca\/wp-json\/wp\/v2\/categories?post=290172"},{"taxonomy":"post_tag","embeddable":true,"href":"https:\/\/www.tucomarca.com\/wordpress\/segunda\/ca\/wp-json\/wp\/v2\/tags?post=290172"}],"curies":[{"name":"wp","href":"https:\/\/api.w.org\/{rel}","templated":true}]}}