{"id":290209,"date":"2026-01-14T17:15:00","date_gmt":"2026-01-14T16:15:00","guid":{"rendered":"https:\/\/www.tucomarca.com\/wordpress\/segunda\/?p=290209"},"modified":"2026-01-14T21:23:16","modified_gmt":"2026-01-14T20:23:16","slug":"la-diputacio-interviene-en-sot-de-chera-para-prevenir-desprendimientos-y-proteger-viviendas","status":"publish","type":"post","link":"https:\/\/www.tucomarca.com\/wordpress\/segunda\/ca\/la-diputacio-interviene-en-sot-de-chera-para-prevenir-desprendimientos-y-proteger-viviendas\/","title":{"rendered":"La Diputaci\u00f3 interviene en Sot de Chera para prevenir desprendimientos y proteger viviendas"},"content":{"rendered":"\n<h3 class=\"wp-block-heading\">L&#8217;\u00e0rea provincial de Medi Ambient que dirigix Avelino Mascarell interv\u00e9 en una roca sobre el <em>Camino de Cubillas<\/em> i un tal\u00fas junt al carrer Joaqu\u00edn Licer.<\/h3>\n\n\n\n<p>La Diputaci\u00f3 de Val\u00e8ncia, a trav\u00e9s de la secci\u00f3 de Riscos Geol\u00f2gics i Espais Degradats del Servici de Medi Ambient, est\u00e0 executant una actuaci\u00f3 destinada a reduir riscos geol\u00f2gics en Sot de Chera, amb l&#8217;objectiu de millorar la seguretat de les persones i protegir tant les infraestructures vi\u00e0ries com les vivendes situades en zones sensibles.<\/p>\n\n\n\n<p>La intervenci\u00f3 contempla dos actuacions diferenciades que donen resposta a problemes d&#8217;inestabilitat detectats en diferents punts del terme municipal. D&#8217;una banda, s&#8217;est\u00e0 actuant sobre una roca fracturada i en volada situada sobre el <em>Camino de Cubillas<\/em>, el qual presenta risc de despreniment. Per a evitar la seua caiguda, els treballs consistixen en la consolidaci\u00f3 de la roca mitjan\u00e7ant l&#8217;execuci\u00f3 d&#8217;un mur de formig\u00f3 armat de 40 cent\u00edmetres de gross\u00e0ria, que servir\u00e0 com a suport estructural i garantir\u00e0 la seua estabilitat.<\/p>\n\n\n\n<p>La segona actuaci\u00f3 s&#8217;est\u00e0 duent a terme en un tal\u00fas situat al costat del carrer Joaqu\u00edn Licer, on es produ\u00efxen de manera recurrent despreniments de pedres que cauen tant sobre la cal\u00e7ada com sobre les vivendes confrontants, generant una situaci\u00f3 de risc per a les persones i les seues propietats. En este cas, l&#8217;obra per a reduir els riscos geol\u00f2gics consistix en la instal\u00b7laci\u00f3, mitjan\u00e7ant t\u00e8cniques d&#8217;alpinisme, d&#8217;una malla de triple torsi\u00f3 que cobrix una superf\u00edcie aproximada de 900 metres quadrats. Esta malla s&#8217;ancora al terreny mitjan\u00e7ant piques d&#8217;acer corrugat i es refor\u00e7a amb cable d&#8217;acer galvanitzat tant en la coronaci\u00f3 com en la base del tal\u00fas, amb la finalitat de contindre possibles despreniments.<\/p>\n\n\n\n<p>El diputat de Medi Ambient, Avelino Mascarell, ha anunciat que &#8220;les obres estan pr\u00e0cticament finalitzades&#8221; i destaca que \u201cestes actuacions permeten anticipar-se a possibles situacions de risc i actuar abans que es produ\u00efsquen danys personals o materials, especialment en municipis amb una orografia complexa com Sot de Chera\u201d. Mascarell ha subratllat a m\u00e9s que \u201cla prevenci\u00f3 i la reducci\u00f3 de riscos geol\u00f2gics formen part de l&#8217;estrat\u00e8gia de la Diputaci\u00f3 per garantir la seguretat de la ciutadania i preservar l&#8217;entorn, actuant all\u00ed on els informes t\u00e8cnics detecten situacions d&#8217;inestabilitat\u201d.<\/p>\n\n\n\n<p>El pressupost total d&#8217;estes actuacions supera els 27.000 euros, i s&#8217;emmarca en la l\u00ednia de treballs que desenrotlla la Diputaci\u00f3 de Val\u00e8ncia per a previndre riscos geol\u00f2gics i millorar la seguretat en municipis de la prov\u00edncia, especialment en entorns amb condicionants geogr\u00e0fics complexos.<\/p>\n","protected":false},"excerpt":{"rendered":"<div class=\"mh-excerpt\">L&#8217;\u00e0rea provincial de Medi Ambient que dirigix Avelino Mascarell interv\u00e9 en una roca sobre el Camino de Cubillas i un tal\u00fas junt al carrer Joaqu\u00edn Licer. La Diputaci\u00f3 de Val\u00e8ncia, a trav\u00e9s de la secci\u00f3 <a class=\"mh-excerpt-more\" href=\"https:\/\/www.tucomarca.com\/wordpress\/segunda\/ca\/la-diputacio-interviene-en-sot-de-chera-para-prevenir-desprendimientos-y-proteger-viviendas\/\" title=\"La Diputaci\u00f3 interviene en Sot de Chera para prevenir desprendimientos y proteger viviendas\">[+] <\/a><\/div>\n","protected":false},"author":12,"featured_media":290208,"comment_status":"open","ping_status":"open","sticky":false,"template":"","format":"standard","meta":{"footnotes":""},"categories":[11046,10898,10948,10894,10903,10947,10896,11026,10897],"tags":[11246,11928,11080,23716,17643],"class_list":{"0":"post-290209","1":"post","2":"type-post","3":"status-publish","4":"format-standard","5":"has-post-thumbnail","7":"category-los-serranos-ca","8":"category-ventana-ca","9":"category-infraestructuras-ca","10":"category-la-comarca-ca","11":"category-medio-ambiente-la-comarca-ca","12":"category-politica","13":"category-seccion-ca","14":"category-sot-de-chera-ca","15":"category-sucesos-la-comarca-ca","16":"tag-diputacio-de-valencia-ca","17":"tag-la-serrania-ca","18":"tag-los-serranos-ca","19":"tag-prevencion-de-desprendimientos-ca","20":"tag-sot-de-chera-ca"},"_links":{"self":[{"href":"https:\/\/www.tucomarca.com\/wordpress\/segunda\/ca\/wp-json\/wp\/v2\/posts\/290209","targetHints":{"allow":["GET"]}}],"collection":[{"href":"https:\/\/www.tucomarca.com\/wordpress\/segunda\/ca\/wp-json\/wp\/v2\/posts"}],"about":[{"href":"https:\/\/www.tucomarca.com\/wordpress\/segunda\/ca\/wp-json\/wp\/v2\/types\/post"}],"author":[{"embeddable":true,"href":"https:\/\/www.tucomarca.com\/wordpress\/segunda\/ca\/wp-json\/wp\/v2\/users\/12"}],"replies":[{"embeddable":true,"href":"https:\/\/www.tucomarca.com\/wordpress\/segunda\/ca\/wp-json\/wp\/v2\/comments?post=290209"}],"version-history":[{"count":0,"href":"https:\/\/www.tucomarca.com\/wordpress\/segunda\/ca\/wp-json\/wp\/v2\/posts\/290209\/revisions"}],"wp:featuredmedia":[{"embeddable":true,"href":"https:\/\/www.tucomarca.com\/wordpress\/segunda\/ca\/wp-json\/wp\/v2\/media\/290208"}],"wp:attachment":[{"href":"https:\/\/www.tucomarca.com\/wordpress\/segunda\/ca\/wp-json\/wp\/v2\/media?parent=290209"}],"wp:term":[{"taxonomy":"category","embeddable":true,"href":"https:\/\/www.tucomarca.com\/wordpress\/segunda\/ca\/wp-json\/wp\/v2\/categories?post=290209"},{"taxonomy":"post_tag","embeddable":true,"href":"https:\/\/www.tucomarca.com\/wordpress\/segunda\/ca\/wp-json\/wp\/v2\/tags?post=290209"}],"curies":[{"name":"wp","href":"https:\/\/api.w.org\/{rel}","templated":true}]}}