{"id":290272,"date":"2026-01-15T09:00:00","date_gmt":"2026-01-15T08:00:00","guid":{"rendered":"https:\/\/www.tucomarca.com\/wordpress\/segunda\/?p=290272"},"modified":"2026-01-15T21:01:41","modified_gmt":"2026-01-15T20:01:41","slug":"xelva-encen-la-paraula-i-el-foc-en-el-xxix-festival-de-narrativa-oral-de-sant-anton","status":"publish","type":"post","link":"https:\/\/www.tucomarca.com\/wordpress\/segunda\/ca\/xelva-encen-la-paraula-i-el-foc-en-el-xxix-festival-de-narrativa-oral-de-sant-anton\/","title":{"rendered":"Xelva\u00a0enc\u00e9n la paraula i el foc en el XXIX Festival de Narrativa Oral de Sant Ant\u00f3n"},"content":{"rendered":"\n<p>Xelva\u00a0tornar\u00e0 a convertir-se del 16 al 18 de gener de 2026 en un escenari on la tradici\u00f3, la paraula i el foc es donen la m\u00e0\u00a0amb la celebraci\u00f3 del XXIX\u00a0 Festival de Narrativa Oral de Sant Ant\u00f3n, una cita declarada\u00a0Festa d&#8217;Inter\u00e9s Tur\u00edstic Provincial\u00a0que cada hivern transforma el centre hist\u00f2ric en un gran relat col\u00b7lectiu a la calor de les fogueres.<\/p>\n\n\n\n<p>Durant tres dies,\u00a0Xelva\u00a0retr\u00e0 homenatge a una de les seues celebracions m\u00e9s arrelades, en la qual conviuen la devoci\u00f3 popular, la cultura oral i l&#8217;ambient festiu que embolica carrers, places i barris hist\u00f2rics. El festival no sols celebra a Sant Ant\u00f3n, sin\u00f3 que converteix al poble sencer en un espai per a comptar, escoltar i compartir hist\u00f2ries, moltes d&#8217;elles heretades de generaci\u00f3 en generaci\u00f3.<\/p>\n\n\n<div class=\"wp-block-image\">\n<figure class=\"alignleft size-full is-resized\"><img loading=\"lazy\" decoding=\"async\" width=\"649\" height=\"924\" src=\"http:\/\/www.tucomarca.com\/wordpress\/segunda\/wp-content\/uploads\/2026\/01\/chelva-Cuentanton.jpg\" alt=\"\" class=\"wp-image-290267\" style=\"width:363px;height:auto\" srcset=\"https:\/\/www.tucomarca.com\/wordpress\/segunda\/wp-content\/uploads\/2026\/01\/chelva-Cuentanton.jpg 649w, https:\/\/www.tucomarca.com\/wordpress\/segunda\/wp-content\/uploads\/2026\/01\/chelva-Cuentanton-211x300.jpg 211w\" sizes=\"auto, (max-width: 649px) 100vw, 649px\" \/><\/figure>\n<\/div>\n\n\n<p>El <strong>divendres 16 de gener<\/strong>\u00a0la festa arrancar\u00e0 des de primera hora amb els contes que arriben a l&#8217;escola, portant la narraci\u00f3 oral al col\u00b7legi, a l&#8217;institut i a l&#8217;escola infantil. El mat\u00ed continuar\u00e0 amb la foguera escolar en la Pla\u00e7a Major i amb la participaci\u00f3 dels majors, protagonistes tamb\u00e9 d&#8217;aquesta mem\u00f2ria viva. A la vesprada, la literatura pren forma en els\u00a0contes lectors\u00a0i en el brindis inaugural de Sant Ant\u00f3n, un acte simb\u00f2lic que recorda als caballistas de\u00a0Xelva\u00a0i dona pas a la primera encesa de foguera. La jornada es tancar\u00e0 amb humor, foc i misteri, en una nit de relats i espectacles que il\u00b7luminaran l&#8217;ermita de Santa Cruz i els carrers del centre hist\u00f2ric.<\/p>\n\n\n\n<p>El <strong>dissabte 17 de gener<\/strong>\u00a0estar\u00e0 marcat pel protagonisme del cavall i dels contes al carrer. Des de la concentraci\u00f3 de cavalls i la carrera de cintes fins al mercat dels contes i l&#8217;animaci\u00f3 itinerant,\u00a0Xelva\u00a0s&#8217;omplir\u00e0 de vida durant tot el mat\u00ed. Al migdia arribar\u00e0 la tradicional\u00a0cencerr\u00e0 de Sant Ant\u00f3n, seguida de la ruta a cavall pel municipi. Ja a la vesprada, el teatre infantil, els espectacles de foc i el gran enc\u00e9s de fogueres en la Pla\u00e7a Major donaran pas a un dels moments m\u00e9s singulars del festival:\u00a0la travessia dels contes, un recorregut narrat entre fogueres on les paraules viatgen al ritme de la m\u00fasica i de la calor del foc. La nit conclour\u00e0 amb relats a l&#8217;amor del foc i la rondalla de Sant Ant\u00f3n, abans de la revetla popular.<\/p>\n\n\n\n<p>El <strong>diumenge 18 de gener<\/strong>\u00a0posar\u00e0 el fermall final amb jocs tradicionals, carreres populars, la missa i benedicci\u00f3 d&#8217;animals \u2014un dels actes m\u00e9s emotius\u2014 i una vesprada pensada per a compartir en fam\u00edlia, amb xocolate i cucanyes en la Pla\u00e7a Major, acomiadant aix\u00ed tres dies en qu\u00e8\u00a0Xelva\u00a0torna a mirar-se en la seua hist\u00f2ria i a contar-la en veu alta.<\/p>\n\n\n\n<p>El\u00a0Festival de Narrativa Oral de Sant Ant\u00f3n\u00a0s&#8217;ha consolidat com una de les cites culturals m\u00e9s singulars de l&#8217;interior valenci\u00e0, on la tradici\u00f3 no s&#8217;exhibeix, sin\u00f3 que es viu.\u00a0Fogueres que il\u00b7luminen fa\u00e7anes centen\u00e0ries, contes que salten de boca en boca i un poble sencer que es reconeix en la calor del foc\u00a0converteixen aquesta celebraci\u00f3 en alguna cosa m\u00e9s que una festa: en un relat compartit que cada gener torna a escriure&#8217;s a\u00a0Xelva.<\/p>\n","protected":false},"excerpt":{"rendered":"<div class=\"mh-excerpt\">Xelva\u00a0tornar\u00e0 a convertir-se del 16 al 18 de gener de 2026 en un escenari on la tradici\u00f3, la paraula i el foc es donen la m\u00e0\u00a0amb la celebraci\u00f3 del XXIX\u00a0 Festival de Narrativa Oral de <a class=\"mh-excerpt-more\" href=\"https:\/\/www.tucomarca.com\/wordpress\/segunda\/ca\/xelva-encen-la-paraula-i-el-foc-en-el-xxix-festival-de-narrativa-oral-de-sant-anton\/\" title=\"Xelva\u00a0enc\u00e9n la paraula i el foc en el XXIX Festival de Narrativa Oral de Sant Ant\u00f3n\">[+] <\/a><\/div>\n","protected":false},"author":12,"featured_media":290271,"comment_status":"open","ping_status":"open","sticky":false,"template":"","format":"standard","meta":{"footnotes":""},"categories":[11019,11039,11046,10894,11007,10896],"tags":[11083,11928,11080,23727],"class_list":{"0":"post-290272","1":"post","2":"type-post","3":"status-publish","4":"format-standard","5":"has-post-thumbnail","7":"category-agenda-ca","8":"category-chelva-ca","9":"category-los-serranos-ca","10":"category-la-comarca-ca","11":"category-ocio-y-cultura-ca","12":"category-seccion-ca","13":"tag-chelva-ca","14":"tag-la-serrania-ca","15":"tag-los-serranos-ca","16":"tag-xxix-festival-de-narrativa-oral-de-san-anton-ca"},"_links":{"self":[{"href":"https:\/\/www.tucomarca.com\/wordpress\/segunda\/ca\/wp-json\/wp\/v2\/posts\/290272","targetHints":{"allow":["GET"]}}],"collection":[{"href":"https:\/\/www.tucomarca.com\/wordpress\/segunda\/ca\/wp-json\/wp\/v2\/posts"}],"about":[{"href":"https:\/\/www.tucomarca.com\/wordpress\/segunda\/ca\/wp-json\/wp\/v2\/types\/post"}],"author":[{"embeddable":true,"href":"https:\/\/www.tucomarca.com\/wordpress\/segunda\/ca\/wp-json\/wp\/v2\/users\/12"}],"replies":[{"embeddable":true,"href":"https:\/\/www.tucomarca.com\/wordpress\/segunda\/ca\/wp-json\/wp\/v2\/comments?post=290272"}],"version-history":[{"count":0,"href":"https:\/\/www.tucomarca.com\/wordpress\/segunda\/ca\/wp-json\/wp\/v2\/posts\/290272\/revisions"}],"wp:featuredmedia":[{"embeddable":true,"href":"https:\/\/www.tucomarca.com\/wordpress\/segunda\/ca\/wp-json\/wp\/v2\/media\/290271"}],"wp:attachment":[{"href":"https:\/\/www.tucomarca.com\/wordpress\/segunda\/ca\/wp-json\/wp\/v2\/media?parent=290272"}],"wp:term":[{"taxonomy":"category","embeddable":true,"href":"https:\/\/www.tucomarca.com\/wordpress\/segunda\/ca\/wp-json\/wp\/v2\/categories?post=290272"},{"taxonomy":"post_tag","embeddable":true,"href":"https:\/\/www.tucomarca.com\/wordpress\/segunda\/ca\/wp-json\/wp\/v2\/tags?post=290272"}],"curies":[{"name":"wp","href":"https:\/\/api.w.org\/{rel}","templated":true}]}}