{"id":290301,"date":"2026-01-15T09:25:00","date_gmt":"2026-01-15T08:25:00","guid":{"rendered":"https:\/\/www.tucomarca.com\/wordpress\/segunda\/?p=290301"},"modified":"2026-03-12T00:15:57","modified_gmt":"2026-03-11T23:15:57","slug":"bunyol-encendra-la-seua-foguera-municipal-de-sant-anton-aquest-dissabte-17-de-gener","status":"publish","type":"post","link":"https:\/\/www.tucomarca.com\/wordpress\/segunda\/ca\/bunyol-encendra-la-seua-foguera-municipal-de-sant-anton-aquest-dissabte-17-de-gener\/","title":{"rendered":"Bunyol encendr\u00e0 la seua Foguera Municipal de Sant Ant\u00f3n aquest dissabte 17 de gener"},"content":{"rendered":"\n<h3 class=\"wp-block-heading\">Bunyol es prepara per a encendre la tradicional\u00a0Foguera de Sant Ant\u00f3n aquest dissabte 17 de gener, a partir de les 19.00 hores a la pla\u00e7a Las Ventas.<\/h3>\n\n<p>La\u00a0Pla\u00e7a de Las Ventas ser\u00e0 l&#8217;epicentre d&#8217;aquesta festivitat, que comptar\u00e0 amb l&#8217;emblem\u00e0tica\u00a0Foguera Municipal de Sant Ant\u00f3n, patrocinada per l&#8217;Ajuntament de Bunyol i organitzada per l&#8217;Associaci\u00f3\u00a0 de Hateros, en col\u00b7laboraci\u00f3 amb la\u00a0Falla Las Ventas.<\/p>\n\n<p>El programa inclou la tradicional\u00a0torr\u00e1, per a la qual es pot adquirir un tiquet per 8 euros en punts de venda com\u00a0Fercom i\u00a0Chafl\u00e1n 23. Aquest tiquet inclou una generosa raci\u00f3 composta per dues llonganisses, una botifarra, un xori\u00e7o, taj\u00e1, pa i una beguda, assegurant una experi\u00e8ncia gastron\u00f2mica t\u00edpica i deliciosa.<\/p>\n\n<p>Despr\u00e9s de l&#8217;encesa de la foguera, els assistents podran gaudir del sopar en un ambient festiu en el\u00a0Barrac\u00f3 de Las Ventas, on a partir de les 12,30, la Dj Loles Mart\u00ednez posar\u00e0 m\u00fasica i diversi\u00f3 per a tancar la nit en gran.<\/p>\n\n<p>Des de l&#8217;Ajuntament de Bunyol es convida a tots els ve\u00efns i visitants a sumar-se a aquesta celebraci\u00f3, que combina l&#8217;arrelament de les tradicions amb un espai de trobada, m\u00fasica i bon menjar.<\/p>\n","protected":false},"excerpt":{"rendered":"<div class=\"mh-excerpt\">Bunyol es prepara per a encendre la tradicional\u00a0Foguera de Sant Ant\u00f3n aquest dissabte 17 de gener, a partir de les 19.00 hores a la pla\u00e7a Las Ventas. La\u00a0Pla\u00e7a de Las Ventas ser\u00e0 l&#8217;epicentre d&#8217;aquesta festivitat, <a class=\"mh-excerpt-more\" href=\"https:\/\/www.tucomarca.com\/wordpress\/segunda\/ca\/bunyol-encendra-la-seua-foguera-municipal-de-sant-anton-aquest-dissabte-17-de-gener\/\" title=\"Bunyol encendr\u00e0 la seua Foguera Municipal de Sant Ant\u00f3n aquest dissabte 17 de gener\">[+] <\/a><\/div>\n","protected":false},"author":12,"featured_media":290298,"comment_status":"open","ping_status":"open","sticky":false,"template":"","format":"standard","meta":{"footnotes":""},"categories":[11019,10911,10894,10912,11007,10896],"tags":[10913,23731,10914],"class_list":{"0":"post-290301","1":"post","2":"type-post","3":"status-publish","4":"format-standard","5":"has-post-thumbnail","7":"category-agenda-ca","8":"category-bunol-ca","9":"category-la-comarca-ca","10":"category-la-hoya-ca","11":"category-ocio-y-cultura-ca","12":"category-seccion-ca","13":"tag-bunol-ca","14":"tag-hoguera-san-anton-ca","15":"tag-la-hoya-de-bunol-chiva-ca"},"_links":{"self":[{"href":"https:\/\/www.tucomarca.com\/wordpress\/segunda\/ca\/wp-json\/wp\/v2\/posts\/290301","targetHints":{"allow":["GET"]}}],"collection":[{"href":"https:\/\/www.tucomarca.com\/wordpress\/segunda\/ca\/wp-json\/wp\/v2\/posts"}],"about":[{"href":"https:\/\/www.tucomarca.com\/wordpress\/segunda\/ca\/wp-json\/wp\/v2\/types\/post"}],"author":[{"embeddable":true,"href":"https:\/\/www.tucomarca.com\/wordpress\/segunda\/ca\/wp-json\/wp\/v2\/users\/12"}],"replies":[{"embeddable":true,"href":"https:\/\/www.tucomarca.com\/wordpress\/segunda\/ca\/wp-json\/wp\/v2\/comments?post=290301"}],"version-history":[{"count":0,"href":"https:\/\/www.tucomarca.com\/wordpress\/segunda\/ca\/wp-json\/wp\/v2\/posts\/290301\/revisions"}],"wp:featuredmedia":[{"embeddable":true,"href":"https:\/\/www.tucomarca.com\/wordpress\/segunda\/ca\/wp-json\/wp\/v2\/media\/290298"}],"wp:attachment":[{"href":"https:\/\/www.tucomarca.com\/wordpress\/segunda\/ca\/wp-json\/wp\/v2\/media?parent=290301"}],"wp:term":[{"taxonomy":"category","embeddable":true,"href":"https:\/\/www.tucomarca.com\/wordpress\/segunda\/ca\/wp-json\/wp\/v2\/categories?post=290301"},{"taxonomy":"post_tag","embeddable":true,"href":"https:\/\/www.tucomarca.com\/wordpress\/segunda\/ca\/wp-json\/wp\/v2\/tags?post=290301"}],"curies":[{"name":"wp","href":"https:\/\/api.w.org\/{rel}","templated":true}]}}