{"id":290325,"date":"2026-01-15T09:15:00","date_gmt":"2026-01-15T08:15:00","guid":{"rendered":"https:\/\/www.tucomarca.com\/wordpress\/segunda\/?p=290325"},"modified":"2026-01-15T21:11:39","modified_gmt":"2026-01-15T20:11:39","slug":"la-biblioteca-municipal-de-bunyol-acull-este-divendres-el-concert-presentacio-de-lultima-obra-de-francisco-ruiz","status":"publish","type":"post","link":"https:\/\/www.tucomarca.com\/wordpress\/segunda\/ca\/la-biblioteca-municipal-de-bunyol-acull-este-divendres-el-concert-presentacio-de-lultima-obra-de-francisco-ruiz\/","title":{"rendered":"La biblioteca municipal de Bunyol acull este divendres el concert-presentaci\u00f3 de l\u2019\u00faltima obra de Francisco Ruiz"},"content":{"rendered":"\n<p>La <strong>Biblioteca Municipal de Bunyol<\/strong> ser\u00e0 l\u2019escenari este <strong>divendres, 16 de gener<\/strong>, d\u2019un <strong>concert-recital<\/strong> amb motiu de la presentaci\u00f3 de l\u2019\u00faltima obra liter\u00e0ria de <strong>Francisco Ruiz<\/strong>.<\/p>\n\n\n<div class=\"wp-block-image\">\n<figure class=\"alignleft size-large is-resized\"><img loading=\"lazy\" decoding=\"async\" width=\"819\" height=\"1024\" src=\"https:\/\/www.tucomarca.com\/wordpress\/segunda\/wp-content\/uploads\/2026\/01\/LibroFrancis-819x1024.jpg\" alt=\"\" class=\"wp-image-290320\" style=\"width:423px;height:auto\" srcset=\"https:\/\/www.tucomarca.com\/wordpress\/segunda\/wp-content\/uploads\/2026\/01\/LibroFrancis-819x1024.jpg 819w, https:\/\/www.tucomarca.com\/wordpress\/segunda\/wp-content\/uploads\/2026\/01\/LibroFrancis-240x300.jpg 240w, https:\/\/www.tucomarca.com\/wordpress\/segunda\/wp-content\/uploads\/2026\/01\/LibroFrancis-768x960.jpg 768w, https:\/\/www.tucomarca.com\/wordpress\/segunda\/wp-content\/uploads\/2026\/01\/LibroFrancis.jpg 1080w\" sizes=\"auto, (max-width: 819px) 100vw, 819px\" \/><\/figure>\n<\/div>\n\n\n<p>L\u2019acte combinar\u00e0 literatura i m\u00fasica en una proposta art\u00edstica singular que inclour\u00e0 un <strong>concert de percussi\u00f3 a c\u00e0rrec de Rafael Ferr\u00fas<\/strong>, acompanyat per la <strong>veu i els textos del mateix Francisco Ruiz<\/strong>. La part musical comptar\u00e0, a m\u00e9s, amb <strong>composicions de Manuel Carrascosa<\/strong>, creades expressament en di\u00e0leg amb el contingut del llibre <strong><em>Camino de Burdeos<\/em><\/strong>.<\/p>\n\n\n\n<p>Esta cita cultural oferir\u00e0 al p\u00fablic una experi\u00e8ncia sensorial en qu\u00e8 paraula i m\u00fasica s\u2019entrellacen, convertint-se en una oportunitat per a descobrir la nova obra de l\u2019autor en un format original i proper.<\/p>\n","protected":false},"excerpt":{"rendered":"<div class=\"mh-excerpt\">La Biblioteca Municipal de Bunyol ser\u00e0 l\u2019escenari este divendres, 16 de gener, d\u2019un concert-recital amb motiu de la presentaci\u00f3 de l\u2019\u00faltima obra liter\u00e0ria de Francisco Ruiz. L\u2019acte combinar\u00e0 literatura i m\u00fasica en una proposta art\u00edstica <a class=\"mh-excerpt-more\" href=\"https:\/\/www.tucomarca.com\/wordpress\/segunda\/ca\/la-biblioteca-municipal-de-bunyol-acull-este-divendres-el-concert-presentacio-de-lultima-obra-de-francisco-ruiz\/\" title=\"La biblioteca municipal de Bunyol acull este divendres el concert-presentaci\u00f3 de l\u2019\u00faltima obra de Francisco Ruiz\">[+] <\/a><\/div>\n","protected":false},"author":12,"featured_media":290324,"comment_status":"open","ping_status":"open","sticky":false,"template":"","format":"standard","meta":{"footnotes":""},"categories":[11019,10911,10894,10912,11007,10896],"tags":[14386,10913,23734,23735,10914],"class_list":{"0":"post-290325","1":"post","2":"type-post","3":"status-publish","4":"format-standard","5":"has-post-thumbnail","7":"category-agenda-ca","8":"category-bunol-ca","9":"category-la-comarca-ca","10":"category-la-hoya-ca","11":"category-ocio-y-cultura-ca","12":"category-seccion-ca","13":"tag-biblioteca-municipal-de-bunol-ca","14":"tag-bunol-ca","15":"tag-camino-de-burdeos-ca","16":"tag-francisco-ruiz-ca","17":"tag-la-hoya-de-bunol-chiva-ca"},"_links":{"self":[{"href":"https:\/\/www.tucomarca.com\/wordpress\/segunda\/ca\/wp-json\/wp\/v2\/posts\/290325","targetHints":{"allow":["GET"]}}],"collection":[{"href":"https:\/\/www.tucomarca.com\/wordpress\/segunda\/ca\/wp-json\/wp\/v2\/posts"}],"about":[{"href":"https:\/\/www.tucomarca.com\/wordpress\/segunda\/ca\/wp-json\/wp\/v2\/types\/post"}],"author":[{"embeddable":true,"href":"https:\/\/www.tucomarca.com\/wordpress\/segunda\/ca\/wp-json\/wp\/v2\/users\/12"}],"replies":[{"embeddable":true,"href":"https:\/\/www.tucomarca.com\/wordpress\/segunda\/ca\/wp-json\/wp\/v2\/comments?post=290325"}],"version-history":[{"count":0,"href":"https:\/\/www.tucomarca.com\/wordpress\/segunda\/ca\/wp-json\/wp\/v2\/posts\/290325\/revisions"}],"wp:featuredmedia":[{"embeddable":true,"href":"https:\/\/www.tucomarca.com\/wordpress\/segunda\/ca\/wp-json\/wp\/v2\/media\/290324"}],"wp:attachment":[{"href":"https:\/\/www.tucomarca.com\/wordpress\/segunda\/ca\/wp-json\/wp\/v2\/media?parent=290325"}],"wp:term":[{"taxonomy":"category","embeddable":true,"href":"https:\/\/www.tucomarca.com\/wordpress\/segunda\/ca\/wp-json\/wp\/v2\/categories?post=290325"},{"taxonomy":"post_tag","embeddable":true,"href":"https:\/\/www.tucomarca.com\/wordpress\/segunda\/ca\/wp-json\/wp\/v2\/tags?post=290325"}],"curies":[{"name":"wp","href":"https:\/\/api.w.org\/{rel}","templated":true}]}}