{"id":290331,"date":"2026-01-15T11:30:00","date_gmt":"2026-01-15T10:30:00","guid":{"rendered":"https:\/\/www.tucomarca.com\/wordpress\/segunda\/?p=290331"},"modified":"2026-01-15T20:57:44","modified_gmt":"2026-01-15T19:57:44","slug":"ava-asaja-quantifica-en-340-milions-les-perdues-dun-any-agrari-2025-molt-dificil","status":"publish","type":"post","link":"https:\/\/www.tucomarca.com\/wordpress\/segunda\/ca\/ava-asaja-quantifica-en-340-milions-les-perdues-dun-any-agrari-2025-molt-dificil\/","title":{"rendered":"AVA-Asaja quantifica en 340 milions les p\u00e8rdues d&#8217;un any agrari 2025 \u201cmolt dif\u00edcil\u201d"},"content":{"rendered":"\n<h3 class=\"wp-block-heading\">Critica durament les decisions de la Comissi\u00f3 Europea i el Govern espanyol, com la futura PAC i Mercosur, que \u201csacrifiquen al sector agrari\u201d.<\/h3>\n\n\n\n<p>L&#8217;Associaci\u00f3 Valenciana d&#8217;Agricultors (AVA-Asaja) va quantificar en 340 milions les p\u00e8rdues dels agricultors i ramaders de la Comunitat Valenciana en un 2025 molt dif\u00edcil, marcat per les adversitats clim\u00e0tiques i la lenta reconstrucci\u00f3 de la DANA, els elevats costos de producci\u00f3, les plagues i malalties agr\u00edcoles i ramaderes, la compet\u00e8ncia deslleial de les importacions procedents de pa\u00efsos tercers, els danys r\u00e8cord de la fauna salvatge, els robatoris i les pol\u00edtiques europees que asfixien la rendibilitat de les explotacions agr\u00e0ries.<\/p>\n\n\n\n<p>El president de AVA-Asaja, Crist\u00f3bal Aguado, va anunciar que les pr\u00f2ximes mobilitzacions del sector agrari seran el 20 de gener a Estrasburg, convocada pel COPA-Cocega i a la qual assistir\u00e0 una delegaci\u00f3 valenciana, i el 29 de gener a Val\u00e8ncia, convocada dins del calendari de protestes conjuntes de Asaja, COAG i UPA a nivell nacional.<\/p>\n\n\n\n<p>Despr\u00e9s d&#8217;un 2024 hist\u00f2ricament tr\u00e0gic per la DANA i la sequera, en 2025 les adversitats clim\u00e0tiques \u2018nom\u00e9s\u2019 van provocar 150 milions de p\u00e8rdues al sector agrari, sobretot pels nombrosos temporals de pedra i les pluges persistents al desembre. L&#8217;any tamb\u00e9 va estar condicionat per la lenta reconstrucci\u00f3: encara queda m\u00e9s del 30% de les parcel\u00b7les, empreses i infraestructures agr\u00e0ries per recuperar el seu estat previ al temporal. AVA-Asaja va exigir celeritat en la gesti\u00f3 de les ajudes i la posada en marxa de les infraestructures hidr\u00e0uliques que va quedar evident que fan falta per a minimitzar l&#8217;impacte de futures riuades.<\/p>\n\n\n\n<p>En termes de rendibilitat, els productors van perdre 40 milions perqu\u00e8 els preus en origen no van permetre cobrir els minvaments de collita i els costos de producci\u00f3. Mentre les despeses van augmentar un 7% en l&#8217;\u00faltim any -van destacar els encariments de fertilitzants, fitosanitaris i maquin\u00e0ria- els preus percebuts van descendir un 1%, segons dades del Ministeri d&#8217;Agricultura fins a setembre. L&#8217;associaci\u00f3 va ressaltar els mals resultats en c\u00edtrics, ra\u00efm per a vi i cava, arr\u00f2s, cebes, cre\u00eflles, mel\u00f3 d&#8217;Alger, garrofes, olivar, cereals, t\u00f2fona, porc\u00ed, ov\u00ed-capr\u00ed, cunicultura i apicultura.<\/p>\n\n\n\n<p>Els atacs de plagues i malalties van causar en 2025 unes p\u00e8rdues de 60 milions. Els cultius m\u00e9s afectats van ser els c\u00edtrics (a la consolidaci\u00f3 del nou trips de Sud-\u00e0frica cal destacar importants danys per \u00e0cars i mosques blanques), els caquis (cotonets, mosques blanques, taca foliar i el trips de Sud-\u00e0frica), les ametles (la avispilla va castigar especialment el cultiu en ecol\u00f2gic) i l&#8217;arr\u00f2s (el major brot de la hist\u00f2ria de piricularia va desplomar les produccions de varietats tradicionals com a Bomba, Albufera i, per primera vegada, J-Sendra).<br><br>En ramaderia, 2025 va ser un any negre de sanitat animal. Les explotacions van redoblar els seus esfor\u00e7os en bioseguretat davant els brots de grip avi\u00e0ria, dermatosis nodular contagiosa (DNC), llengua blava i la malaltia de Newcastle. Aix\u00ed mateix, la troballa de senglars morts per pesta porcina africana (PPA) a Catalunya, a m\u00e9s de suposar una greu amena\u00e7a per al sector, ja va causar al final d&#8217;any un descens dels preus en origen de la carn de porc.<br>La superpoblaci\u00f3 de fauna salvatge va ocasionar en 2025 unes p\u00e8rdues de 60 milions en el sector agrari de la Comunitat Valenciana, la qual cosa suposa un increment de 10 milions respecte a l&#8217;any anterior. Les p\u00e8rdues estimades a causa dels robatoris es van mantindre en 30 milions.<\/p>\n\n\n\n<p>AVA-Asaja va criticar durament decisions de la Comissi\u00f3 Europea en 2025 que van sacrificar al sector agrari enfront d&#8217;altres prioritats, com ara la proposta sobre la futura Pol\u00edtica Agr\u00edcola Comuna (PAC) que va contemplar una retallada del 22% de les ajudes; l&#8217;ampliaci\u00f3 de l&#8217;acord amb Ucra\u00efna que va augmentar un 583% les quotes sense aranzel de la mel; l&#8217;acord amb els Estats Units que va imposar un aranzel del 20% a productes europeus com l&#8217;oli, vi i fruita seca; els aranzels de la Xina al sector porc\u00ed com a repres\u00e0lia pels aranzels de la UE als vehicles el\u00e8ctrics xinesos; i l&#8217;inici del proc\u00e9s de ratificaci\u00f3 del tractat amb Mercosur (el Brasil, l&#8217;Argentina, l&#8217;Uruguai i Paraguai), que no es va arribar a ratificar en 2025 per les retic\u00e8ncies de Fran\u00e7a i It\u00e0lia arran de la gran manifestaci\u00f3 del 18 de desembre a Brussel\u00b7les, convocada per Copa-Cogeca, amb la participaci\u00f3 de AVA-Asaja. L&#8217;associaci\u00f3 tamb\u00e9 es va concentrar a les portes del Ministeri d&#8217;Agricultura el 4 de juny per la crisi del cereal. De cara a 2026, les protestes agr\u00e0ries continuaran per a reclamar reciprocitat en les importacions, simplificaci\u00f3 de la burocr\u00e0cia i unes pol\u00edtiques agr\u00e0ries que garantisquen una rendibilitat digna als productors.<\/p>\n","protected":false},"excerpt":{"rendered":"<div class=\"mh-excerpt\">Critica durament les decisions de la Comissi\u00f3 Europea i el Govern espanyol, com la futura PAC i Mercosur, que \u201csacrifiquen al sector agrari\u201d. L&#8217;Associaci\u00f3 Valenciana d&#8217;Agricultors (AVA-Asaja) va quantificar en 340 milions les p\u00e8rdues dels <a class=\"mh-excerpt-more\" href=\"https:\/\/www.tucomarca.com\/wordpress\/segunda\/ca\/ava-asaja-quantifica-en-340-milions-les-perdues-dun-any-agrari-2025-molt-dificil\/\" title=\"AVA-Asaja quantifica en 340 milions les p\u00e8rdues d&#8217;un any agrari 2025 \u201cmolt dif\u00edcil\u201d\">[+] <\/a><\/div>\n","protected":false},"author":12,"featured_media":290329,"comment_status":"open","ping_status":"open","sticky":false,"template":"","format":"standard","meta":{"footnotes":""},"categories":[10905,21466,10898,10948,10894,10904,10903,10947,10896],"tags":[11924,23737,13469],"class_list":{"0":"post-290331","1":"post","2":"type-post","3":"status-publish","4":"format-standard","5":"has-post-thumbnail","7":"category-agricultura-la-comarca-ca","8":"category-dana-ca","9":"category-ventana-ca","10":"category-infraestructuras-ca","11":"category-la-comarca-ca","12":"category-sin-categorizar-ca","13":"category-medio-ambiente-la-comarca-ca","14":"category-politica","15":"category-seccion-ca","16":"tag-ava-asaja-ca","17":"tag-mercosur-ca","18":"tag-pac-ca"},"_links":{"self":[{"href":"https:\/\/www.tucomarca.com\/wordpress\/segunda\/ca\/wp-json\/wp\/v2\/posts\/290331","targetHints":{"allow":["GET"]}}],"collection":[{"href":"https:\/\/www.tucomarca.com\/wordpress\/segunda\/ca\/wp-json\/wp\/v2\/posts"}],"about":[{"href":"https:\/\/www.tucomarca.com\/wordpress\/segunda\/ca\/wp-json\/wp\/v2\/types\/post"}],"author":[{"embeddable":true,"href":"https:\/\/www.tucomarca.com\/wordpress\/segunda\/ca\/wp-json\/wp\/v2\/users\/12"}],"replies":[{"embeddable":true,"href":"https:\/\/www.tucomarca.com\/wordpress\/segunda\/ca\/wp-json\/wp\/v2\/comments?post=290331"}],"version-history":[{"count":0,"href":"https:\/\/www.tucomarca.com\/wordpress\/segunda\/ca\/wp-json\/wp\/v2\/posts\/290331\/revisions"}],"wp:featuredmedia":[{"embeddable":true,"href":"https:\/\/www.tucomarca.com\/wordpress\/segunda\/ca\/wp-json\/wp\/v2\/media\/290329"}],"wp:attachment":[{"href":"https:\/\/www.tucomarca.com\/wordpress\/segunda\/ca\/wp-json\/wp\/v2\/media?parent=290331"}],"wp:term":[{"taxonomy":"category","embeddable":true,"href":"https:\/\/www.tucomarca.com\/wordpress\/segunda\/ca\/wp-json\/wp\/v2\/categories?post=290331"},{"taxonomy":"post_tag","embeddable":true,"href":"https:\/\/www.tucomarca.com\/wordpress\/segunda\/ca\/wp-json\/wp\/v2\/tags?post=290331"}],"curies":[{"name":"wp","href":"https:\/\/api.w.org\/{rel}","templated":true}]}}