{"id":290389,"date":"2026-01-16T09:30:00","date_gmt":"2026-01-16T08:30:00","guid":{"rendered":"https:\/\/www.tucomarca.com\/wordpress\/segunda\/?p=290389"},"modified":"2026-01-16T18:36:26","modified_gmt":"2026-01-16T17:36:26","slug":"xest-posa-en-marxa-el-cicle-de-cinema-dactualitat-2026","status":"publish","type":"post","link":"https:\/\/www.tucomarca.com\/wordpress\/segunda\/ca\/xest-posa-en-marxa-el-cicle-de-cinema-dactualitat-2026\/","title":{"rendered":"Xest posa en marxa el cicle de Cinema d&#8217;Actualitat 2026"},"content":{"rendered":"\n<p>Diumenge que ve, 18 de gener, comen\u00e7a el cicle de Cinema d&#8217;Actualitat de la temporada d&#8217;hivern, organitzat des de la regidoria de Cultura, amb la projecci\u00f3 de La primera escola, una pel\u00b7l\u00edcula dirigida per \u00c9ric Besnard que conta la hist\u00f2ria de Louise Violet una professora parisenca, enviada a la campanya francesa a la fi del segle XIX, que haur\u00e0 de conv\u00e9ncer als habitants perqu\u00e8 envien als seus fills a l&#8217;escola.<\/p>\n\n\n\n<p>En total el nou cicle de cinema contempla 10 t\u00edtols, que es projectaran els diumenges de gener, febrer i mar\u00e7, a les 19.00, en el teatre Liceu: Els lla\u00e7os que ens uneixen, Els diumenges, Els colors del temps, Song Sung Blue, La cinquena portuguesa, El deute, I si vivim tots junts?, Rondalles i La invasi\u00f3 dels b\u00e0rbars.<\/p>\n\n\n\n<p>\u201cDes de la regidoria de cultura, un any m\u00e9s oferim a la ciutadania una acurada selecci\u00f3 de pel\u00b7l\u00edcules de m\u00e0xima actualitat que sumen qualitat i varietat. Crec que el cinema \u00e9s una forma d&#8217;expressi\u00f3 art\u00edstica i cultural que reflecteix la realitat de les societats actuals. A trav\u00e9s de les seues hist\u00f2ries, permet comprendre diferents cultures, valors i problemes socials. A m\u00e9s, el cinema entret\u00e9 i educa, ja que transmet missatges que conviden a la reflexi\u00f3 i al pensament cr\u00edtic. Tamb\u00e9 \u00e9s una eina poderosa per a sensibilitzar sobre temes com la igualtat, la just\u00edcia o el respecte. Per aix\u00f2, el cinema continua sent fonamental en la construcci\u00f3 de la identitat i la consci\u00e8ncia social.\u201d, afirma M\u00aa \u00c1ngeles Llorente , regidora de cultura.<\/p>\n\n\n\n<p>Les entrades es poden adquirir de forma anticipada en la web www.agendacheste.com; tamb\u00e9 es podran comprar el mateix dia de la projecci\u00f3, a partir de les 17.00, en la taquilla del teatre.<\/p>\n\n\n\n<p>Els preus seran de 4 euros, l&#8217;entrada general; de 3 euros, per a les persones jubilades, amb diversitat funcional o en possessi\u00f3 del Carnet Jove; i de 2 euros, per als i les menors de 12 anys.<\/p>\n\n\n\n<p><strong>Programaci\u00f3 del cinema d&#8217;actualitat 2026<\/strong><\/p>\n\n\n\n<p><strong>Diumenge, 18 de gener.<\/strong><\/p>\n\n\n\n<p>La primera escuela.<\/p>\n\n\n\n<p><strong>Diumenge, 25 de gener.<\/strong><\/p>\n\n\n\n<p>Los lazos que nos unen.<\/p>\n\n\n\n<p><strong>Diumenge, 1 de febrer<\/strong><\/p>\n\n\n\n<p>Los domingos.<\/p>\n\n\n\n<p><strong>Diumenge, 8 de febrer<\/strong><\/p>\n\n\n\n<p>Los colores del tiempo.<\/p>\n\n\n\n<p><strong>Diumenge, 15 de febrer<\/strong><\/p>\n\n\n\n<p>Song Sung Blue.<\/p>\n\n\n\n<p><strong>Diumenge, 1 de mar\u00e7<\/strong><\/p>\n\n\n\n<p>La quinta portuguesa.<\/p>\n\n\n\n<p><strong>Diumenge, 15 de mar\u00e7<\/strong><\/p>\n\n\n\n<p>La deuda.<\/p>\n\n\n\n<p><strong>Dissabate, 21 de mar\u00e7<\/strong><\/p>\n\n\n\n<p>\u00bfY si vivimos todos juntos?.<\/p>\n\n\n\n<p><strong>Diumenge, 22 de mar\u00e7<\/strong><\/p>\n\n\n\n<p>Rondallas.<\/p>\n\n\n\n<p><strong>Diumenge, 29 de mar\u00e7<\/strong><\/p>\n\n\n\n<p>La invasi\u00f3 dels b\u00e0rbars.<\/p>\n","protected":false},"excerpt":{"rendered":"<div class=\"mh-excerpt\">Diumenge que ve, 18 de gener, comen\u00e7a el cicle de Cinema d&#8217;Actualitat de la temporada d&#8217;hivern, organitzat des de la regidoria de Cultura, amb la projecci\u00f3 de La primera escola, una pel\u00b7l\u00edcula dirigida per \u00c9ric <a class=\"mh-excerpt-more\" href=\"https:\/\/www.tucomarca.com\/wordpress\/segunda\/ca\/xest-posa-en-marxa-el-cicle-de-cinema-dactualitat-2026\/\" title=\"Xest posa en marxa el cicle de Cinema d&#8217;Actualitat 2026\">[+] <\/a><\/div>\n","protected":false},"author":12,"featured_media":290388,"comment_status":"open","ping_status":"open","sticky":false,"template":"","format":"standard","meta":{"footnotes":""},"categories":[11019,10894,10912,11007,10896,10974],"tags":[11071,16046,10914],"class_list":{"0":"post-290389","1":"post","2":"type-post","3":"status-publish","4":"format-standard","5":"has-post-thumbnail","7":"category-agenda-ca","8":"category-la-comarca-ca","9":"category-la-hoya-ca","10":"category-ocio-y-cultura-ca","11":"category-seccion-ca","12":"category-cheste-ca","13":"tag-cheste","14":"tag-cine-en-el-liceo-ca","15":"tag-la-hoya-de-bunol-chiva-ca"},"_links":{"self":[{"href":"https:\/\/www.tucomarca.com\/wordpress\/segunda\/ca\/wp-json\/wp\/v2\/posts\/290389","targetHints":{"allow":["GET"]}}],"collection":[{"href":"https:\/\/www.tucomarca.com\/wordpress\/segunda\/ca\/wp-json\/wp\/v2\/posts"}],"about":[{"href":"https:\/\/www.tucomarca.com\/wordpress\/segunda\/ca\/wp-json\/wp\/v2\/types\/post"}],"author":[{"embeddable":true,"href":"https:\/\/www.tucomarca.com\/wordpress\/segunda\/ca\/wp-json\/wp\/v2\/users\/12"}],"replies":[{"embeddable":true,"href":"https:\/\/www.tucomarca.com\/wordpress\/segunda\/ca\/wp-json\/wp\/v2\/comments?post=290389"}],"version-history":[{"count":0,"href":"https:\/\/www.tucomarca.com\/wordpress\/segunda\/ca\/wp-json\/wp\/v2\/posts\/290389\/revisions"}],"wp:featuredmedia":[{"embeddable":true,"href":"https:\/\/www.tucomarca.com\/wordpress\/segunda\/ca\/wp-json\/wp\/v2\/media\/290388"}],"wp:attachment":[{"href":"https:\/\/www.tucomarca.com\/wordpress\/segunda\/ca\/wp-json\/wp\/v2\/media?parent=290389"}],"wp:term":[{"taxonomy":"category","embeddable":true,"href":"https:\/\/www.tucomarca.com\/wordpress\/segunda\/ca\/wp-json\/wp\/v2\/categories?post=290389"},{"taxonomy":"post_tag","embeddable":true,"href":"https:\/\/www.tucomarca.com\/wordpress\/segunda\/ca\/wp-json\/wp\/v2\/tags?post=290389"}],"curies":[{"name":"wp","href":"https:\/\/api.w.org\/{rel}","templated":true}]}}