{"id":290395,"date":"2026-01-16T09:00:00","date_gmt":"2026-01-16T08:00:00","guid":{"rendered":"https:\/\/www.tucomarca.com\/wordpress\/segunda\/?p=290395"},"modified":"2026-01-16T18:38:51","modified_gmt":"2026-01-16T17:38:51","slug":"xest-impulsa-el-talent-literari-local-amb-un-nou-cicle-de-presentacions-de-llibres","status":"publish","type":"post","link":"https:\/\/www.tucomarca.com\/wordpress\/segunda\/ca\/xest-impulsa-el-talent-literari-local-amb-un-nou-cicle-de-presentacions-de-llibres\/","title":{"rendered":"Xest impulsa el talent literari local amb un nou cicle de presentacions de llibres"},"content":{"rendered":"\n<h3 class=\"wp-block-heading\">La Regidoria de Cultura organitza una s\u00e8rie de trobades liter\u00e0ries entre gener i febrer en el Sal\u00f3 de Plens de l&#8217;Ajuntament.<\/h3>\n\n\n\n<h3 class=\"wp-block-heading\">M\u00aa \u00c1ngeles Llorente: \u201cDonar suport al talent emergent \u00e9s enfortir la nostra cultura local i generar pensament cr\u00edtic\u201d.<\/h3>\n\n\n\n<h3 class=\"wp-block-heading\">El cicle arranca aquest divendres, 17 de gener, amb la presentaci\u00f3 de &#8220;Viv\u00e8ncies&#8221;, l&#8217;obra de mem\u00f2ria local de Vicente Tar\u00edn Tar\u00edn<\/h3>\n\n\n\n<p>L&#8217;Ajuntament de Xest, a trav\u00e9s de la seua Regidoria de Cultura, reafirma el seu comprom\u00eds amb la lectura i la creaci\u00f3 liter\u00e0ria mitjan\u00e7ant la posada en marxa d&#8217;un nou cicle de presentacions de llibres. Durant les pr\u00f2ximes setmanes, el Sal\u00f3 de Plens de l&#8217;Ajuntament de Xest es convertir\u00e0 en un espai de trobada entre autors i lectors, abastant g\u00e8neres que van des de la mem\u00f2ria hist\u00f2rica local fins a la literatura infantil, la narrativa i el creixement personal.<\/p>\n\n\n\n<p><strong>Un comprom\u00eds amb la creaci\u00f3 i la cohesi\u00f3 social<\/strong><\/p>\n\n\n\n<p>La regidora de Cultura, M\u00aa \u00c1ngeles Llorente, ha destacat la import\u00e0ncia d&#8217;aquestes iniciatives com a motor de desenvolupament social. \u201cDes de la regidoria apostem fermament per donar visibilitat a les persones que inicien el seu cam\u00ed en l&#8217;escriptura, perqu\u00e8 donar suport al talent emergent \u00e9s enfortir la nostra cultura local\u201d, explica la regidora.<\/p>\n\n\n\n<p>Per a Llorente, aquest cicle va m\u00e9s enll\u00e0 de la mera promoci\u00f3 editorial: \u201cPresentar aquests llibres \u00e9s una manera de fomentar la lectura i la creaci\u00f3 liter\u00e0ria entre tota la poblaci\u00f3. Llegir i escriure no sols enriqueixen a nivell personal, sin\u00f3 que tamb\u00e9 generen pensament cr\u00edtic, di\u00e0leg i cohesi\u00f3 social. La cultura compartida construeix comunitats m\u00e9s lliures, creatives i participatives. Iniciatives com aquest cicle s\u00f3n una inversi\u00f3 en el present i el futur cultural del nostre municipi\u201d.<\/p>\n\n\n\n<p><strong>Programaci\u00f3 del cicle literari<\/strong><\/p>\n\n\n\n<p>El cicle donar\u00e0 principi aquest mateix divendres, 17 de gener, a les 19.00 hores, amb la presentaci\u00f3 de &#8220;Viv\u00e8ncies&#8221;, obra del ve\u00ed de Xest Vicente Tar\u00edn Tar\u00edn. Aquest llibre proposa un recorregut per la mem\u00f2ria i les experi\u00e8ncies personals que conformen la identitat del municipi, oferint una cita ineludible amb la hist\u00f2ria i records dels chestanos.<\/p>\n\n\n\n<p>La seg\u00fcent cita tindr\u00e0 lloc el divendres, 23 de gener, tamb\u00e9 a les 19.00 hores. En aquesta ocasi\u00f3, el protagonisme ser\u00e0 per al p\u00fablic infantil i familiar amb l&#8217;obra &#8220;Viol\u00ed chiquit\u00edn i la corxera saltarina&#8221;, creada per l&#8217;escriptora Mar\u00eda del Carmen Moscard\u00f3 Sierra i la il\u00b7lustradora Vicenta Ballester Rehues. Un projecte que uneix m\u00fasica i il\u00b7lustraci\u00f3 per a fomentar la creativitat des de la inf\u00e0ncia.<br>Una setmana despr\u00e9s, el 30 de gener, arribar\u00e0 el torn de \u201cSoc jo. Com tu&#8230;: Diari d&#8217;una pand\u00e8mia COVID-19&#8243;, de N\u00e9stor Hern\u00e1n Mirasol Cort\u00e9s, un diari escrit durant els mesos m\u00e9s intensos de la pand\u00e8mia.<\/p>\n\n\n\n<p>El calendari continuar\u00e0 el divendres, 6 de febrer, a les 19.00 hores, amb la presentaci\u00f3 de l&#8217;obra &#8220;Ah, eres tu!&#8221;, escrita per Miguel \u00c1ngel S\u00e1nchez-Qui\u00f1ones P\u00e9rez. Amb aquesta trobada, la programaci\u00f3 busca donar veu a noves narratives i consolidar el Sal\u00f3 de Plens com un f\u00f2rum de di\u00e0leg cultural permanent.<\/p>\n\n\n\n<p>Finalment, el divendres, 20 de febrer, a les 19.00 hores, es presentar\u00e0 &#8220;L&#8217;Ona De Transformaci\u00f3, Un Viatge Interior&#8221;, d&#8217;Ana Torrero Garc\u00eda. Aquesta obra convida als assistents a explorar l&#8217;autoconeixement i la reflexi\u00f3 personal, completant aix\u00ed una oferta liter\u00e0ria diversa i enriquidora per a tots els p\u00fablics.<\/p>\n","protected":false},"excerpt":{"rendered":"<div class=\"mh-excerpt\">La Regidoria de Cultura organitza una s\u00e8rie de trobades liter\u00e0ries entre gener i febrer en el Sal\u00f3 de Plens de l&#8217;Ajuntament. M\u00aa \u00c1ngeles Llorente: \u201cDonar suport al talent emergent \u00e9s enfortir la nostra cultura local <a class=\"mh-excerpt-more\" href=\"https:\/\/www.tucomarca.com\/wordpress\/segunda\/ca\/xest-impulsa-el-talent-literari-local-amb-un-nou-cicle-de-presentacions-de-llibres\/\" title=\"Xest impulsa el talent literari local amb un nou cicle de presentacions de llibres\">[+] <\/a><\/div>\n","protected":false},"author":12,"featured_media":290394,"comment_status":"open","ping_status":"open","sticky":false,"template":"","format":"standard","meta":{"footnotes":""},"categories":[11019,10894,10912,11007,10896,10974],"tags":[11071,10914,23744,23743],"class_list":{"0":"post-290395","1":"post","2":"type-post","3":"status-publish","4":"format-standard","5":"has-post-thumbnail","7":"category-agenda-ca","8":"category-la-comarca-ca","9":"category-la-hoya-ca","10":"category-ocio-y-cultura-ca","11":"category-seccion-ca","12":"category-cheste-ca","13":"tag-cheste","14":"tag-la-hoya-de-bunol-chiva-ca","15":"tag-presentaciones-literarias","16":"tag-talento-literario-local-ca"},"_links":{"self":[{"href":"https:\/\/www.tucomarca.com\/wordpress\/segunda\/ca\/wp-json\/wp\/v2\/posts\/290395","targetHints":{"allow":["GET"]}}],"collection":[{"href":"https:\/\/www.tucomarca.com\/wordpress\/segunda\/ca\/wp-json\/wp\/v2\/posts"}],"about":[{"href":"https:\/\/www.tucomarca.com\/wordpress\/segunda\/ca\/wp-json\/wp\/v2\/types\/post"}],"author":[{"embeddable":true,"href":"https:\/\/www.tucomarca.com\/wordpress\/segunda\/ca\/wp-json\/wp\/v2\/users\/12"}],"replies":[{"embeddable":true,"href":"https:\/\/www.tucomarca.com\/wordpress\/segunda\/ca\/wp-json\/wp\/v2\/comments?post=290395"}],"version-history":[{"count":0,"href":"https:\/\/www.tucomarca.com\/wordpress\/segunda\/ca\/wp-json\/wp\/v2\/posts\/290395\/revisions"}],"wp:featuredmedia":[{"embeddable":true,"href":"https:\/\/www.tucomarca.com\/wordpress\/segunda\/ca\/wp-json\/wp\/v2\/media\/290394"}],"wp:attachment":[{"href":"https:\/\/www.tucomarca.com\/wordpress\/segunda\/ca\/wp-json\/wp\/v2\/media?parent=290395"}],"wp:term":[{"taxonomy":"category","embeddable":true,"href":"https:\/\/www.tucomarca.com\/wordpress\/segunda\/ca\/wp-json\/wp\/v2\/categories?post=290395"},{"taxonomy":"post_tag","embeddable":true,"href":"https:\/\/www.tucomarca.com\/wordpress\/segunda\/ca\/wp-json\/wp\/v2\/tags?post=290395"}],"curies":[{"name":"wp","href":"https:\/\/api.w.org\/{rel}","templated":true}]}}