{"id":290449,"date":"2026-01-16T11:10:00","date_gmt":"2026-01-16T10:10:00","guid":{"rendered":"https:\/\/www.tucomarca.com\/wordpress\/segunda\/?p=290449"},"modified":"2026-03-12T00:14:58","modified_gmt":"2026-03-11T23:14:58","slug":"el-comissionat-per-a-la-recuperacio-inicia-amb-els-de-la-ribera-una-ronda-de-trobades-amb-els-alcaldes-de-municipis-afectats-per-la-riuada-per-a-estretir-la-collaboracio","status":"publish","type":"post","link":"https:\/\/www.tucomarca.com\/wordpress\/segunda\/ca\/el-comissionat-per-a-la-recuperacio-inicia-amb-els-de-la-ribera-una-ronda-de-trobades-amb-els-alcaldes-de-municipis-afectats-per-la-riuada-per-a-estretir-la-collaboracio\/","title":{"rendered":"El comissionat per a la Recuperaci\u00f3 inicia amb els de la Ribera una ronda de trobades amb els alcaldes de municipis afectats per la riuada per a estretir la col\u00b7laboraci\u00f3"},"content":{"rendered":"\n<h3 class=\"wp-block-heading\">Ra\u00fal M\u00e9rida t\u00e9 com a objectiu reunir-se amb tots els representants municipals en un mes per a planificar esta nova fase de la reconstrucci\u00f3.<\/h3>\n\n\n\n<h3 class=\"wp-block-heading\">El comissionat ha estat este divendres amb alcaldes i alcaldesses de la Ribera Alta per a con\u00e9ixer les seues necessitats.<\/h3>\n\n\n\n<p>El comissionat per a la Recuperaci\u00f3, Ra\u00fal M\u00e9rida, ha iniciat una ronda de reunions amb alcaldes i alcaldesses de municipis afectats per la riuada per a estretir la col\u00b7laboraci\u00f3 que mant\u00e9 amb ells la Generalitat i con\u00e9ixer, de primera m\u00e0, les seues necessitats i inquietuds, una vegada transcorregut un any des de la cat\u00e0strofe de cara a una nova fase de la reconstrucci\u00f3 i la convocat\u00f2ria de la Comissi\u00f3 Mixta en la qual participaran juntament amb la Generalitat i el Govern central.&nbsp;<\/p>\n\n\n\n<p>Ra\u00fal M\u00e9rida ha presidit este divendres la primera d\u2019estes reunions de treball amb alcaldes i representants municipals de localitats de la comarca de la Ribera com Tur\u00eds, Alginet, Algemes\u00ed, Catadau, Guadassuar, Montserrat, la Pobla Llarga, Carcaixent, Benimuslem, Alzira, l\u2019Alc\u00fadia, Montroi o Alberich.<\/p>\n\n\n\n<p>M\u00e9rida ha mostrat la seua disposici\u00f3 a la col\u00b7laboraci\u00f3 i al di\u00e0leg per a continuar avan\u00e7ant en el proc\u00e9s de recuperaci\u00f3 que viuen els municipis i ha assenyalat que \u201cla m\u00e0 est\u00e0 estesa\u201d per a tots els representants municipals. \u201cLa Generalitat ha estat i continuar\u00e0 estant al vostre costat. Este \u00e9s un repte conjunt\u201d, ha indicat el comissionat.&nbsp;<\/p>\n\n\n\n<figure class=\"wp-block-image size-full\"><img loading=\"lazy\" decoding=\"async\" width=\"809\" height=\"491\" src=\"https:\/\/www.tucomarca.com\/wordpress\/segunda\/wp-content\/uploads\/2026\/01\/GVAalcaldesLaRibera2.jpg\" alt=\"\" class=\"wp-image-290444\" srcset=\"https:\/\/www.tucomarca.com\/wordpress\/segunda\/wp-content\/uploads\/2026\/01\/GVAalcaldesLaRibera2.jpg 809w, https:\/\/www.tucomarca.com\/wordpress\/segunda\/wp-content\/uploads\/2026\/01\/GVAalcaldesLaRibera2-300x182.jpg 300w, https:\/\/www.tucomarca.com\/wordpress\/segunda\/wp-content\/uploads\/2026\/01\/GVAalcaldesLaRibera2-768x466.jpg 768w\" sizes=\"auto, (max-width: 809px) 100vw, 809px\" \/><\/figure>\n\n\n\n<p><\/p>\n\n\n\n<p><strong>Reuni\u00f3 amb tots en un mes<\/strong><\/p>\n\n\n\n<p>El comissionat per a la Recuperaci\u00f3 ha explicat que el seu objectiu \u00e9s mantindre reunions amb tots els alcaldes de la zona afectada en el termini d\u2019un mes per a \u201cdisposar d\u2019una visi\u00f3 global de la situaci\u00f3 i a partir d\u2019ac\u00ed anar planificant els nous passos en el projecte de recuperaci\u00f3\u201d.&nbsp;<\/p>\n\n\n\n<p>\u201cEn poc m\u00e9s d\u2019un any des de la riuada l\u2019avan\u00e7 de la reconstrucci\u00f3 \u00e9s evident, per\u00f2 tamb\u00e9 sabem que queda molt per fer i ac\u00ed \u00e9s a on necessitem la vostra col\u00b7laboraci\u00f3 i la vostra complicitat per a continuar avan\u00e7ant\u201d, ha indicat M\u00e9rida als representants municipals.<\/p>\n\n\n\n<p>La Generalitat ha mobilitzat 2.500 milions d\u2019euros per a pal\u00b7liar els efectes de les riuades, la qual cosa suposa la major inversi\u00f3 realitzada per una comunitat aut\u00f2noma per a afrontar una cat\u00e0strofe natural. Aix\u00ed mateix, el 50 % de les iniciatives del pla Endavant estan ja iniciades i la previsi\u00f3 de la Generalitat \u00e9s activar les actuacions restants al llarg del primer trimestre de 2026.<\/p>\n\n\n\n<p>En la Ribera destaquen projectes finalitzats com la recuperaci\u00f3 de la xarxa de Metrovalencia, la carretera CV-42 o la retirada de residus, un pla que ha sigut ampliat per a tamb\u00e9 gestionar els enderrocs procedents de les tasques de reconstrucci\u00f3. Una mesura de suport als ajuntaments en paral\u00b7lel a la reparaci\u00f3 d\u2019infraestructures municipals que no han pogut assumir municipis com Montroi, Montserrat o Algemes\u00ed, entre altres.<\/p>\n\n\n\n<p>En la reuni\u00f3, que ha servit com a primera presa de contacte entre el nou equip de recuperaci\u00f3 i els primers edils, han assistit tamb\u00e9 la directora de Recuperaci\u00f3 i Reconstrucci\u00f3, Sandra Castillo; el director general de Relacions Institucionals, Seguiment i Comunicaci\u00f3, Javier Zaragos\u00ed, i la directora general d\u2019Atenci\u00f3 a les V\u00edctimes i als Afectats, Amparo Clemente.&nbsp;<\/p>\n\n\n\n<p>Durant la seua intervenci\u00f3, el comissionat ha destacat tamb\u00e9 la implicaci\u00f3 que han demostrat durant la cat\u00e0strofe i el proc\u00e9s de reconstrucci\u00f3 els alcaldes i alcaldesses, als quals ha descrit com a \u201cherois an\u00f2nims\u201d.<\/p>\n","protected":false},"excerpt":{"rendered":"<div class=\"mh-excerpt\">Ra\u00fal M\u00e9rida t\u00e9 com a objectiu reunir-se amb tots els representants municipals en un mes per a planificar esta nova fase de la reconstrucci\u00f3. El comissionat ha estat este divendres amb alcaldes i alcaldesses de <a class=\"mh-excerpt-more\" href=\"https:\/\/www.tucomarca.com\/wordpress\/segunda\/ca\/el-comissionat-per-a-la-recuperacio-inicia-amb-els-de-la-ribera-una-ronda-de-trobades-amb-els-alcaldes-de-municipis-afectats-per-la-riuada-per-a-estretir-la-collaboracio\/\" title=\"El comissionat per a la Recuperaci\u00f3 inicia amb els de la Ribera una ronda de trobades amb els alcaldes de municipis afectats per la riuada per a estretir la col\u00b7laboraci\u00f3\">[+] <\/a><\/div>\n","protected":false},"author":1,"featured_media":290447,"comment_status":"open","ping_status":"open","sticky":false,"template":"","format":"standard","meta":{"footnotes":""},"categories":[10983,10889,10991,21466,10898,10994,10948,10995,10894,10904,10942,10902,10903,11000,11001,10947,10896,10897],"tags":[11081,11077,11093],"class_list":{"0":"post-290449","1":"post","2":"type-post","3":"status-publish","4":"format-standard","5":"has-post-thumbnail","7":"category-algemesi-ca","8":"category-alzira-cat","9":"category-catadau-ca","10":"category-dana-ca","11":"category-ventana-ca","12":"category-guadassuar-ca","13":"category-infraestructuras-ca","14":"category-lalcudia-ca","15":"category-la-comarca-ca","16":"category-sin-categorizar-ca","17":"category-la-pobla-llarga-ca","18":"category-la-ribera-ca","19":"category-medio-ambiente-la-comarca-ca","20":"category-monserrat-ca","21":"category-montroi-ca","22":"category-politica","23":"category-seccion-ca","24":"category-sucesos-la-comarca-ca","25":"tag-algemesi-ca","26":"tag-la-ribera-alta-ca","27":"tag-turis-ca"},"_links":{"self":[{"href":"https:\/\/www.tucomarca.com\/wordpress\/segunda\/ca\/wp-json\/wp\/v2\/posts\/290449","targetHints":{"allow":["GET"]}}],"collection":[{"href":"https:\/\/www.tucomarca.com\/wordpress\/segunda\/ca\/wp-json\/wp\/v2\/posts"}],"about":[{"href":"https:\/\/www.tucomarca.com\/wordpress\/segunda\/ca\/wp-json\/wp\/v2\/types\/post"}],"author":[{"embeddable":true,"href":"https:\/\/www.tucomarca.com\/wordpress\/segunda\/ca\/wp-json\/wp\/v2\/users\/1"}],"replies":[{"embeddable":true,"href":"https:\/\/www.tucomarca.com\/wordpress\/segunda\/ca\/wp-json\/wp\/v2\/comments?post=290449"}],"version-history":[{"count":0,"href":"https:\/\/www.tucomarca.com\/wordpress\/segunda\/ca\/wp-json\/wp\/v2\/posts\/290449\/revisions"}],"wp:featuredmedia":[{"embeddable":true,"href":"https:\/\/www.tucomarca.com\/wordpress\/segunda\/ca\/wp-json\/wp\/v2\/media\/290447"}],"wp:attachment":[{"href":"https:\/\/www.tucomarca.com\/wordpress\/segunda\/ca\/wp-json\/wp\/v2\/media?parent=290449"}],"wp:term":[{"taxonomy":"category","embeddable":true,"href":"https:\/\/www.tucomarca.com\/wordpress\/segunda\/ca\/wp-json\/wp\/v2\/categories?post=290449"},{"taxonomy":"post_tag","embeddable":true,"href":"https:\/\/www.tucomarca.com\/wordpress\/segunda\/ca\/wp-json\/wp\/v2\/tags?post=290449"}],"curies":[{"name":"wp","href":"https:\/\/api.w.org\/{rel}","templated":true}]}}