{"id":290506,"date":"2026-01-18T18:00:00","date_gmt":"2026-01-18T17:00:00","guid":{"rendered":"https:\/\/www.tucomarca.com\/wordpress\/segunda\/?p=290506"},"modified":"2026-03-12T00:12:06","modified_gmt":"2026-03-11T23:12:06","slug":"video-vicente-martinez-mus-recolza-a-bunyol-la-reinvindicacion-de-modernitzar-i-electrificar-la-linia-de-rodalia-c-3","status":"publish","type":"post","link":"https:\/\/www.tucomarca.com\/wordpress\/segunda\/ca\/video-vicente-martinez-mus-recolza-a-bunyol-la-reinvindicacion-de-modernitzar-i-electrificar-la-linia-de-rodalia-c-3\/","title":{"rendered":"V\u00eddeo: Vicente Mart\u00ednez Mus recolza a Bunyol la reinvindicaci\u00f3n de recuperar totalment, modernitzar i electrificar la l\u00ednia de Rodalia C-3"},"content":{"rendered":"\n<figure class=\"wp-block-embed is-type-video is-provider-youtube wp-block-embed-youtube wp-embed-aspect-16-9 wp-has-aspect-ratio\"><div class=\"wp-block-embed__wrapper\">\n<iframe loading=\"lazy\" title=\"V\u00eddeo: Mart\u00ednez Mus apoya en Bu\u00f1ol la reinvindicaci\u00f3n de modernizar y electrificar la l\u00ednea C-3\" width=\"500\" height=\"281\" src=\"https:\/\/www.youtube.com\/embed\/605qu9FI21M?feature=oembed\" frameborder=\"0\" allow=\"accelerometer; autoplay; clipboard-write; encrypted-media; gyroscope; picture-in-picture; web-share\" referrerpolicy=\"strict-origin-when-cross-origin\" allowfullscreen><\/iframe>\n<\/div><\/figure>\n\n\n\n<p>El vicepresident tercer i conseller de Medi Ambient, Infraestructures, Territori i de la Recuperaci\u00f3, Vicente Mart\u00ednez Mus, ha visitat aquesta setmana Bunyol on ha demanat \u00abuna soluci\u00f3\u00bb per a Bunyol, ja que en aquest municipi la l\u00ednia C-3 de Rodalia continua parcialment interrompuda despr\u00e9s de la DANA del passat 29 d&#8217;octubre el que mant\u00e9 tancat el tram entre Bunyol i Utiel, deixant a unes 33.000 persones sense una connexi\u00f3 ferrovi\u00e0ria i sense data clara de recuperaci\u00f3 del servei complet. El responsable d&#8217;Infraestructures tamb\u00e9 s&#8217;ha sumat a la reivindicaci\u00f3 de l&#8217;alcaldessa, Virginia Sanz, perqu\u00e8 s&#8217;electrifique i modernitze aquesta l\u00ednia de ferrocarril tan important per a la ciutadania de l&#8217;interior de la prov\u00edncia de Val\u00e8ncia.<\/p>\n","protected":false},"excerpt":{"rendered":"<div class=\"mh-excerpt\">El vicepresident tercer i conseller de Medi Ambient, Infraestructures, Territori i de la Recuperaci\u00f3, Vicente Mart\u00ednez Mus, ha visitat aquesta setmana Bunyol on ha demanat \u00abuna soluci\u00f3\u00bb per a Bunyol, ja que en aquest municipi <a class=\"mh-excerpt-more\" href=\"https:\/\/www.tucomarca.com\/wordpress\/segunda\/ca\/video-vicente-martinez-mus-recolza-a-bunyol-la-reinvindicacion-de-modernitzar-i-electrificar-la-linia-de-rodalia-c-3\/\" title=\"V\u00eddeo: Vicente Mart\u00ednez Mus recolza a Bunyol la reinvindicaci\u00f3n de recuperar totalment, modernitzar i electrificar la l\u00ednia de Rodalia C-3\">[+] <\/a><\/div>\n","protected":false},"author":1,"featured_media":290504,"comment_status":"open","ping_status":"open","sticky":false,"template":"","format":"video","meta":{"footnotes":""},"categories":[10911,11031,21466,10898,10948,10894,10904,10912,10903,10947,10908,10909,10896,10979,10897,11059,11062,10974,10975],"tags":[10913,23753,11910,10914,23655],"class_list":{"0":"post-290506","1":"post","2":"type-post","3":"status-publish","4":"format-video","5":"has-post-thumbnail","7":"category-bunol-ca","8":"category-camporrobles-ca","9":"category-dana-ca","10":"category-ventana-ca","11":"category-infraestructuras-ca","12":"category-la-comarca-ca","13":"category-sin-categorizar-ca","14":"category-la-hoya-ca","15":"category-medio-ambiente-la-comarca-ca","16":"category-politica","17":"category-requena-ca","18":"category-requena-utiel-ca","19":"category-seccion-ca","20":"category-siete-aguas-ca","21":"category-sucesos-la-comarca-ca","22":"category-utiel-ca","23":"category-videos","24":"category-cheste-ca","25":"category-chiva-ca","26":"tag-bunol-ca","27":"tag-c-3-ca","28":"tag-cercanias-ca","29":"tag-la-hoya-de-bunol-chiva-ca","30":"tag-martinez-mus-ca","31":"post_format-post-format-video"},"_links":{"self":[{"href":"https:\/\/www.tucomarca.com\/wordpress\/segunda\/ca\/wp-json\/wp\/v2\/posts\/290506","targetHints":{"allow":["GET"]}}],"collection":[{"href":"https:\/\/www.tucomarca.com\/wordpress\/segunda\/ca\/wp-json\/wp\/v2\/posts"}],"about":[{"href":"https:\/\/www.tucomarca.com\/wordpress\/segunda\/ca\/wp-json\/wp\/v2\/types\/post"}],"author":[{"embeddable":true,"href":"https:\/\/www.tucomarca.com\/wordpress\/segunda\/ca\/wp-json\/wp\/v2\/users\/1"}],"replies":[{"embeddable":true,"href":"https:\/\/www.tucomarca.com\/wordpress\/segunda\/ca\/wp-json\/wp\/v2\/comments?post=290506"}],"version-history":[{"count":0,"href":"https:\/\/www.tucomarca.com\/wordpress\/segunda\/ca\/wp-json\/wp\/v2\/posts\/290506\/revisions"}],"wp:featuredmedia":[{"embeddable":true,"href":"https:\/\/www.tucomarca.com\/wordpress\/segunda\/ca\/wp-json\/wp\/v2\/media\/290504"}],"wp:attachment":[{"href":"https:\/\/www.tucomarca.com\/wordpress\/segunda\/ca\/wp-json\/wp\/v2\/media?parent=290506"}],"wp:term":[{"taxonomy":"category","embeddable":true,"href":"https:\/\/www.tucomarca.com\/wordpress\/segunda\/ca\/wp-json\/wp\/v2\/categories?post=290506"},{"taxonomy":"post_tag","embeddable":true,"href":"https:\/\/www.tucomarca.com\/wordpress\/segunda\/ca\/wp-json\/wp\/v2\/tags?post=290506"}],"curies":[{"name":"wp","href":"https:\/\/api.w.org\/{rel}","templated":true}]}}