{"id":290612,"date":"2026-01-19T09:55:00","date_gmt":"2026-01-19T08:55:00","guid":{"rendered":"https:\/\/www.tucomarca.com\/wordpress\/segunda\/?p=290612"},"modified":"2026-01-19T21:50:39","modified_gmt":"2026-01-19T20:50:39","slug":"maria-alcaide-escoto-sera-la-regina-de-les-festes-de-turis-2026","status":"publish","type":"post","link":"https:\/\/www.tucomarca.com\/wordpress\/segunda\/ca\/maria-alcaide-escoto-sera-la-regina-de-les-festes-de-turis-2026\/","title":{"rendered":"Mar\u00eda Alcaide Escoto ser\u00e0 la Regina de les Festes de Tur\u00eds 2026"},"content":{"rendered":"\n<p>El <strong>sal\u00f3 de plens de l\u2019Ajuntament de Tur\u00eds<\/strong> ha tornat a convertir-se en el punt de partida per a les joves que representaran les festes de la localitat durant el pr\u00f2xim any. En un acte carregat de simbolisme, es va donar a con\u00e9ixer el nom de la jove que ostentar\u00e0 el m\u00e0xim c\u00e0rrec festiu.<\/p>\n\n\n\n<p>Amb la pres\u00e8ncia de l\u2019<strong>alcalde, Francisco Ricau<\/strong>, i del <strong>regidor de Festes, Toni Segura<\/strong>, <strong>Mar\u00eda Alcaide Escoto<\/strong> va ser proclamada <strong>Regina de les Festes de Tur\u00eds<\/strong>, un nomenament que marca l\u2019inici d\u2019un any ple d\u2019actes, tradici\u00f3 i representaci\u00f3 institucional.<\/p>\n\n\n\n<p>Junt amb ella formar\u00e0 la <strong>Cort d\u2019Honor<\/strong>, integrada per <strong>Gloria Crespo Segura, \u00c1frica Mar\u00edn Ib\u00e1\u00f1ez, Elena Gim\u00e9nez Dyiak, \u00c9del Sastre Navarro, Lili\u00e1n Lozano Garc\u00eda, Vera Grau Pil\u00e1n, Adriana Soucase C\u00e9spedes, Yaiza Valero Estell\u00e9s, Sandra Gonz\u00e1lez Belenguer, Andrea Nebot Aguirre, Alicia Corell Carazo, Paula Corell L\u00f3pez i Luc\u00eda Iranzo Carrascosa<\/strong>, que acompanyaran la Regina en els diferents actes festius al llarg de l\u2019any.<\/p>\n\n\n\n<p>Amb este acte comen\u00e7a de manera oficial el cam\u00ed cap a les pr\u00f2ximes festes de Tur\u00eds, en qu\u00e8 les joves elegides seran les encarregades de representar tot el municipi.<\/p>\n","protected":false},"excerpt":{"rendered":"<div class=\"mh-excerpt\">El sal\u00f3 de plens de l\u2019Ajuntament de Tur\u00eds ha tornat a convertir-se en el punt de partida per a les joves que representaran les festes de la localitat durant el pr\u00f2xim any. En un acte <a class=\"mh-excerpt-more\" href=\"https:\/\/www.tucomarca.com\/wordpress\/segunda\/ca\/maria-alcaide-escoto-sera-la-regina-de-les-festes-de-turis-2026\/\" title=\"Mar\u00eda Alcaide Escoto ser\u00e0 la Regina de les Festes de Tur\u00eds 2026\">[+] <\/a><\/div>\n","protected":false},"author":12,"featured_media":290611,"comment_status":"open","ping_status":"open","sticky":false,"template":"","format":"standard","meta":{"footnotes":""},"categories":[10894,10902,11007,10896,11047],"tags":[23765,11356,11093],"class_list":{"0":"post-290612","1":"post","2":"type-post","3":"status-publish","4":"format-standard","5":"has-post-thumbnail","7":"category-la-comarca-ca","8":"category-la-ribera-ca","9":"category-ocio-y-cultura-ca","10":"category-seccion-ca","11":"category-turis-ca","12":"tag-reina-de-las-fiestas-2026-ca","13":"tag-ribera-alta-ca","14":"tag-turis-ca"},"_links":{"self":[{"href":"https:\/\/www.tucomarca.com\/wordpress\/segunda\/ca\/wp-json\/wp\/v2\/posts\/290612","targetHints":{"allow":["GET"]}}],"collection":[{"href":"https:\/\/www.tucomarca.com\/wordpress\/segunda\/ca\/wp-json\/wp\/v2\/posts"}],"about":[{"href":"https:\/\/www.tucomarca.com\/wordpress\/segunda\/ca\/wp-json\/wp\/v2\/types\/post"}],"author":[{"embeddable":true,"href":"https:\/\/www.tucomarca.com\/wordpress\/segunda\/ca\/wp-json\/wp\/v2\/users\/12"}],"replies":[{"embeddable":true,"href":"https:\/\/www.tucomarca.com\/wordpress\/segunda\/ca\/wp-json\/wp\/v2\/comments?post=290612"}],"version-history":[{"count":0,"href":"https:\/\/www.tucomarca.com\/wordpress\/segunda\/ca\/wp-json\/wp\/v2\/posts\/290612\/revisions"}],"wp:featuredmedia":[{"embeddable":true,"href":"https:\/\/www.tucomarca.com\/wordpress\/segunda\/ca\/wp-json\/wp\/v2\/media\/290611"}],"wp:attachment":[{"href":"https:\/\/www.tucomarca.com\/wordpress\/segunda\/ca\/wp-json\/wp\/v2\/media?parent=290612"}],"wp:term":[{"taxonomy":"category","embeddable":true,"href":"https:\/\/www.tucomarca.com\/wordpress\/segunda\/ca\/wp-json\/wp\/v2\/categories?post=290612"},{"taxonomy":"post_tag","embeddable":true,"href":"https:\/\/www.tucomarca.com\/wordpress\/segunda\/ca\/wp-json\/wp\/v2\/tags?post=290612"}],"curies":[{"name":"wp","href":"https:\/\/api.w.org\/{rel}","templated":true}]}}