{"id":290620,"date":"2026-01-19T11:00:00","date_gmt":"2026-01-19T10:00:00","guid":{"rendered":"https:\/\/www.tucomarca.com\/wordpress\/segunda\/?p=290620"},"modified":"2026-01-20T09:47:27","modified_gmt":"2026-01-20T08:47:27","slug":"rescatada-una-dona-de-33-anys-despres-de-patir-una-caiguda-en-la-ruta-dels-ganivets-en-les-falcs-del-cabriol","status":"publish","type":"post","link":"https:\/\/www.tucomarca.com\/wordpress\/segunda\/ca\/rescatada-una-dona-de-33-anys-despres-de-patir-una-caiguda-en-la-ruta-dels-ganivets-en-les-falcs-del-cabriol\/","title":{"rendered":"Rescatada una dona de 33 anys despr\u00e9s de patir una caiguda en la ruta dels Ganivets, en les Fal\u00e7s del Cabriol"},"content":{"rendered":"\n<p>Una dona de 33 anys ha hagut de ser rescatada aquest diumenge al migdia despr\u00e9s de patir una caiguda mentre realitzava la ruta dels Ganivets, en el paratge natural de les Fal\u00e7s del Cabriol.<\/p>\n\n\n\n<p>L&#8217;av\u00eds es va rebre al voltant de les 13,43 hores, moment en el qual es va activar al Grup Especial de Rescat a Altura (GERA) del Consorci Provincial de Bombers de Val\u00e8ncia. L&#8217;operatiu es va despla\u00e7ar fins a la zona a bord de l&#8217;helic\u00f2pter V-990, que comptava amb metge d&#8217;emerg\u00e8ncia.<\/p>\n\n\n\n<p>La v\u00edctima presentava lesions a conseq\u00fc\u00e8ncia de la caiguda i va ser atesa en el lloc, on va ser estabilitzada pel personal sanitari. Posteriorment, va ser evacuada immobilitzada fins a una zona segura del terme municipal de Villagordo del Cabriel, on va ser transferida a una ambul\u00e0ncia per al seu trasllat a un centre sanitari.<\/p>\n","protected":false},"excerpt":{"rendered":"<div class=\"mh-excerpt\">Una dona de 33 anys ha hagut de ser rescatada aquest diumenge al migdia despr\u00e9s de patir una caiguda mentre realitzava la ruta dels Ganivets, en el paratge natural de les Fal\u00e7s del Cabriol. L&#8217;av\u00eds <a class=\"mh-excerpt-more\" href=\"https:\/\/www.tucomarca.com\/wordpress\/segunda\/ca\/rescatada-una-dona-de-33-anys-despres-de-patir-una-caiguda-en-la-ruta-dels-ganivets-en-les-falcs-del-cabriol\/\" title=\"Rescatada una dona de 33 anys despr\u00e9s de patir una caiguda en la ruta dels Ganivets, en les Fal\u00e7s del Cabriol\">[+] <\/a><\/div>\n","protected":false},"author":1,"featured_media":290618,"comment_status":"open","ping_status":"open","sticky":false,"template":"","format":"standard","meta":{"footnotes":""},"categories":[10894,10904,10903,10909,10896,10897,11061],"tags":[],"class_list":{"0":"post-290620","1":"post","2":"type-post","3":"status-publish","4":"format-standard","5":"has-post-thumbnail","7":"category-la-comarca-ca","8":"category-sin-categorizar-ca","9":"category-medio-ambiente-la-comarca-ca","10":"category-requena-utiel-ca","11":"category-seccion-ca","12":"category-sucesos-la-comarca-ca","13":"category-villargordo-del-cabriel-ca"},"_links":{"self":[{"href":"https:\/\/www.tucomarca.com\/wordpress\/segunda\/ca\/wp-json\/wp\/v2\/posts\/290620","targetHints":{"allow":["GET"]}}],"collection":[{"href":"https:\/\/www.tucomarca.com\/wordpress\/segunda\/ca\/wp-json\/wp\/v2\/posts"}],"about":[{"href":"https:\/\/www.tucomarca.com\/wordpress\/segunda\/ca\/wp-json\/wp\/v2\/types\/post"}],"author":[{"embeddable":true,"href":"https:\/\/www.tucomarca.com\/wordpress\/segunda\/ca\/wp-json\/wp\/v2\/users\/1"}],"replies":[{"embeddable":true,"href":"https:\/\/www.tucomarca.com\/wordpress\/segunda\/ca\/wp-json\/wp\/v2\/comments?post=290620"}],"version-history":[{"count":0,"href":"https:\/\/www.tucomarca.com\/wordpress\/segunda\/ca\/wp-json\/wp\/v2\/posts\/290620\/revisions"}],"wp:featuredmedia":[{"embeddable":true,"href":"https:\/\/www.tucomarca.com\/wordpress\/segunda\/ca\/wp-json\/wp\/v2\/media\/290618"}],"wp:attachment":[{"href":"https:\/\/www.tucomarca.com\/wordpress\/segunda\/ca\/wp-json\/wp\/v2\/media?parent=290620"}],"wp:term":[{"taxonomy":"category","embeddable":true,"href":"https:\/\/www.tucomarca.com\/wordpress\/segunda\/ca\/wp-json\/wp\/v2\/categories?post=290620"},{"taxonomy":"post_tag","embeddable":true,"href":"https:\/\/www.tucomarca.com\/wordpress\/segunda\/ca\/wp-json\/wp\/v2\/tags?post=290620"}],"curies":[{"name":"wp","href":"https:\/\/api.w.org\/{rel}","templated":true}]}}