{"id":290693,"date":"2026-01-19T08:00:00","date_gmt":"2026-01-19T07:00:00","guid":{"rendered":"https:\/\/www.tucomarca.com\/wordpress\/segunda\/?p=290693"},"modified":"2026-03-12T00:10:24","modified_gmt":"2026-03-11T23:10:24","slug":"csif-demana-el-reforc-dels-centres-de-salut-de-xest-i-turis-per-a-evitar-que-nomes-hi-haja-un-metge-en-urgencies","status":"publish","type":"post","link":"https:\/\/www.tucomarca.com\/wordpress\/segunda\/ca\/csif-demana-el-reforc-dels-centres-de-salut-de-xest-i-turis-per-a-evitar-que-nomes-hi-haja-un-metge-en-urgencies\/","title":{"rendered":"CSIF demana el refor\u00e7 dels centres de salut de Xest i Tur\u00eds per a evitar que nom\u00e9s hi haja un metge en Urg\u00e8ncies\u00a0"},"content":{"rendered":"\n<h3 class=\"wp-block-heading\">El sindicat alerta que a Xest l&#8217;\u00fanic facultatiu en la gu\u00e0rdia tracta a una mitjana de 70 pacients diaris i el centre es queda sense prestaci\u00f3 m\u00e8dica quan fa atenci\u00f3 a domicili.<\/h3>\n\n\n\n<p>El sindicat CSIF insta Conselleria de Sanitat a &#8220;refor\u00e7ar amb car\u00e0cter prioritari l&#8217;atenci\u00f3 m\u00e8dica d&#8217;Urg\u00e8ncies en centres de salut com els de Xest i Tur\u00eds&#8221;. La central sindical explica que, &#8220;\u00fanicament compten amb un facultatiu per a cobrir el servei com a Punt d&#8217;Assist\u00e8ncia Sanit\u00e0ria, en horari verpertino, nocturn o de cap de setmana, per la qual cosa quan ix a realitzar una visita domicili\u00e0ria el centre queda desat\u00e9s&#8221;.\u00a0<\/p>\n\n\n\n<p>La Central Sindical Independent i de Funcionaris (CSIF) assegura que en les \u00faltimes setmanes &#8220;la mitjana de pacients tractats pel servei d&#8217;Urg\u00e8ncies, fora de l&#8217;horari habitual de centre de salut, aconsegueix els 70 diaris. En alguns casos, l&#8217;assist\u00e8ncia, per les circumst\u00e0ncies de la persona afectada, es realitza a domicili, la qual cosa implica que el facultatiu es desplace fins a la seua resid\u00e8ncia&#8221;.<\/p>\n\n\n\n<p>CSIF recalca que aquesta circumst\u00e0ncia &#8220;provoca que durant eixa abs\u00e8ncia per a atenci\u00f3 domicili\u00e0ria el centre no disposa de metge, una conjuntura que es produeix tant a Xest com a Tur\u00eds&#8221;.\u00a0 El sindicat afig que el servei en aquesta \u00faltima localitat &#8220;tamb\u00e9 cobreix la de Godelleta&#8221; i recalca que els dos centres de salut citats &#8220;abasten una \u00e0mplia superf\u00edcie, que inclou diverses zones residencials allunyades del nucli urb\u00e0. Davant aquesta situaci\u00f3, el personal s&#8217;ha dirigit a Conselleria per a reclamar una soluci\u00f3 urgent&#8221;.<\/p>\n\n\n\n<p>La central sindical avisa que l&#8217;actual c\u00e0rrega assistencial, que assumeix un \u00fanic facultatiu, &#8220;compromet la qualitat de l&#8217;atenci\u00f3 prestada i suposa un risc tant per a la seguretat dels pacients com per a la salut laboral del professional que assumeix aquesta gu\u00e0rdia Aquesta situaci\u00f3 \u00e9s insostenible i no d&#8217;acord amb una atenci\u00f3 sanit\u00e0ria segura i de qualitat&#8221;.<\/p>\n\n\n\n<p>CSIF reclama &#8220;un refor\u00e7 immediat de personal m\u00e8dic per al servei de gu\u00e0rdies d&#8217;Urg\u00e8ncies en tots dos centres de salut que exerceixen tamb\u00e9 la funci\u00f3 de punt d&#8217;assist\u00e8ncia continuada per a cobrir les 24 hores en les seues respectives \u00e0rees&#8221;. La central sindical vol que es &#8220;equipare a recintes pr\u00f2xims, com els de Bunyol i Xiva, que compten amb la plantilla m\u00ednimes de facultatius per gu\u00e0rdia&#8221;.<\/p>\n","protected":false},"excerpt":{"rendered":"<div class=\"mh-excerpt\">El sindicat alerta que a Xest l&#8217;\u00fanic facultatiu en la gu\u00e0rdia tracta a una mitjana de 70 pacients diaris i el centre es queda sense prestaci\u00f3 m\u00e8dica quan fa atenci\u00f3 a domicili. El sindicat CSIF <a class=\"mh-excerpt-more\" href=\"https:\/\/www.tucomarca.com\/wordpress\/segunda\/ca\/csif-demana-el-reforc-dels-centres-de-salut-de-xest-i-turis-per-a-evitar-que-nomes-hi-haja-un-metge-en-urgencies\/\" title=\"CSIF demana el refor\u00e7 dels centres de salut de Xest i Tur\u00eds per a evitar que nom\u00e9s hi haja un metge en Urg\u00e8ncies\u00a0\">[+] <\/a><\/div>\n","protected":false},"author":1,"featured_media":290689,"comment_status":"open","ping_status":"open","sticky":false,"template":"","format":"standard","meta":{"footnotes":""},"categories":[10977,10948,10894,10912,10902,10947,10896,10897,11047,10974],"tags":[11071,10914,11077,11093],"class_list":{"0":"post-290693","1":"post","2":"type-post","3":"status-publish","4":"format-standard","5":"has-post-thumbnail","7":"category-godelleta-ca","8":"category-infraestructuras-ca","9":"category-la-comarca-ca","10":"category-la-hoya-ca","11":"category-la-ribera-ca","12":"category-politica","13":"category-seccion-ca","14":"category-sucesos-la-comarca-ca","15":"category-turis-ca","16":"category-cheste-ca","17":"tag-cheste","18":"tag-la-hoya-de-bunol-chiva-ca","19":"tag-la-ribera-alta-ca","20":"tag-turis-ca"},"_links":{"self":[{"href":"https:\/\/www.tucomarca.com\/wordpress\/segunda\/ca\/wp-json\/wp\/v2\/posts\/290693","targetHints":{"allow":["GET"]}}],"collection":[{"href":"https:\/\/www.tucomarca.com\/wordpress\/segunda\/ca\/wp-json\/wp\/v2\/posts"}],"about":[{"href":"https:\/\/www.tucomarca.com\/wordpress\/segunda\/ca\/wp-json\/wp\/v2\/types\/post"}],"author":[{"embeddable":true,"href":"https:\/\/www.tucomarca.com\/wordpress\/segunda\/ca\/wp-json\/wp\/v2\/users\/1"}],"replies":[{"embeddable":true,"href":"https:\/\/www.tucomarca.com\/wordpress\/segunda\/ca\/wp-json\/wp\/v2\/comments?post=290693"}],"version-history":[{"count":0,"href":"https:\/\/www.tucomarca.com\/wordpress\/segunda\/ca\/wp-json\/wp\/v2\/posts\/290693\/revisions"}],"wp:featuredmedia":[{"embeddable":true,"href":"https:\/\/www.tucomarca.com\/wordpress\/segunda\/ca\/wp-json\/wp\/v2\/media\/290689"}],"wp:attachment":[{"href":"https:\/\/www.tucomarca.com\/wordpress\/segunda\/ca\/wp-json\/wp\/v2\/media?parent=290693"}],"wp:term":[{"taxonomy":"category","embeddable":true,"href":"https:\/\/www.tucomarca.com\/wordpress\/segunda\/ca\/wp-json\/wp\/v2\/categories?post=290693"},{"taxonomy":"post_tag","embeddable":true,"href":"https:\/\/www.tucomarca.com\/wordpress\/segunda\/ca\/wp-json\/wp\/v2\/tags?post=290693"}],"curies":[{"name":"wp","href":"https:\/\/api.w.org\/{rel}","templated":true}]}}