{"id":290712,"date":"2026-01-20T11:30:00","date_gmt":"2026-01-20T10:30:00","guid":{"rendered":"https:\/\/www.tucomarca.com\/wordpress\/segunda\/?p=290712"},"modified":"2026-01-20T19:02:50","modified_gmt":"2026-01-20T18:02:50","slug":"el-pp-de-la-pobla-llarga-desmenteix-a-lalcaldessa-la-conselleria-mai-va-aprovar-el-nou-centre-de-dia-que-garriges-va-anunciar-com-una-realitat-per-a-2025","status":"publish","type":"post","link":"https:\/\/www.tucomarca.com\/wordpress\/segunda\/ca\/el-pp-de-la-pobla-llarga-desmenteix-a-lalcaldessa-la-conselleria-mai-va-aprovar-el-nou-centre-de-dia-que-garriges-va-anunciar-com-una-realitat-per-a-2025\/","title":{"rendered":"El PP de la Pobla Llarga desmenteix a l&#8217;alcaldessa: \u201cLa conselleria mai va aprovar el nou Centre de Dia que Garriges va anunciar com una realitat per a 2025\u201d"},"content":{"rendered":"\n<h3 class=\"wp-block-heading\">M\u00aa Carmen Tormo: \u201cNo es pot jugar amb un servei p\u00fablic tan transcendent com el que afecta els nostres majors; dir que un projecte est\u00e0 aprovat com va fer l&#8217;alcaldessa \u00e9s, com menys, molt irresponsable\u201d.<\/h3>\n\n\n\n<p>El Partit Popular de la Pobla Llarga ha assegurat que \u201cmai va haver-hi projecte per a un nou Centre de Dia en el solar del carrer Metge Julio Sanch\u00eds\u201c. \u201cL&#8217;alcaldessa Neus Garrigues ho va anunciar en la campanya electoral de 2023, va dir que ja estava aprovat i que seria una realitat en 2025; per\u00f2 ja estem en 2026 i no hi ha centre ni projecte\u201d, ha advertit la portaveu del PP, M\u00aa Carmen Tormo, despr\u00e9s de reunir-se amb Borja Ottobrino, director general d&#8217;infraestructures sociosanit\u00e0ries de la conselleria de Benestar Social.<\/p>\n\n\n\n<p>\u201cNo consta en la conselleria res\u201d, ha lamentat Tormo, qui ha destacat que \u201cno es pot jugar amb un servei p\u00fablic tan transcendent com el que afecta els nostres majors\u201d. \u201cDir que un projecte est\u00e0 aprovat com va fer l&#8217;alcaldessa quan ni tan sols s&#8217;ha presentat un paper \u00e9s, com a m\u00ednim, molt irresponsable\u201d, ha subratllat.<\/p>\n\n\n\n<p>A m\u00e9s, ha concretat, la qual cosa s\u00ed que es planteja i consta en la documentaci\u00f3 del Pla Convivint de la Generalitat \u00e9s un projecte de 2021 de \u201cla reforma d&#8217;un edifici existent de planta baixa, l&#8217;edifici de la Llar del Jubilat, com a Centre de Dia per a persones majors dependents, adaptant les distribucions i espais a les necessitats dels usos amb qu\u00e8 es vol dotar a l&#8217;edificaci\u00f3\u201d. No obstant aix\u00f2, ha detallat, \u201cva quedar paralitzat per falta d&#8217;avantprojecte\u201d.<\/p>\n\n\n\n<p>\u201cL&#8217;alcaldessa ha d&#8217;explicar per qu\u00e8 va anunciar un projecte que sabia que no s&#8217;anava a dur a terme i per qu\u00e8 no s&#8217;ha explicat amb transpar\u00e8ncia realment el que es volia fer, encara que tampoc haja aconseguit fer-ho\u201d, ha remarcat Tormo, al mateix temps que ha defensat que \u201cla Pobla no necessita promeses electorals, necessita fets\u201d. \u201cEl PP demana responsabilitat, transpar\u00e8ncia i respecte als nostres majors\u201d, ha concl\u00f2s.<\/p>\n","protected":false},"excerpt":{"rendered":"<div class=\"mh-excerpt\">M\u00aa Carmen Tormo: \u201cNo es pot jugar amb un servei p\u00fablic tan transcendent com el que afecta els nostres majors; dir que un projecte est\u00e0 aprovat com va fer l&#8217;alcaldessa \u00e9s, com menys, molt irresponsable\u201d. <a class=\"mh-excerpt-more\" href=\"https:\/\/www.tucomarca.com\/wordpress\/segunda\/ca\/el-pp-de-la-pobla-llarga-desmenteix-a-lalcaldessa-la-conselleria-mai-va-aprovar-el-nou-centre-de-dia-que-garriges-va-anunciar-com-una-realitat-per-a-2025\/\" title=\"El PP de la Pobla Llarga desmenteix a l&#8217;alcaldessa: \u201cLa conselleria mai va aprovar el nou Centre de Dia que Garriges va anunciar com una realitat per a 2025\u201d\">[+] <\/a><\/div>\n","protected":false},"author":12,"featured_media":290711,"comment_status":"open","ping_status":"open","sticky":false,"template":"","format":"standard","meta":{"footnotes":""},"categories":[10948,10894,10942,10902,10947,10896],"tags":[23172,11356],"class_list":{"0":"post-290712","1":"post","2":"type-post","3":"status-publish","4":"format-standard","5":"has-post-thumbnail","7":"category-infraestructuras-ca","8":"category-la-comarca-ca","9":"category-la-pobla-llarga-ca","10":"category-la-ribera-ca","11":"category-politica","12":"category-seccion-ca","13":"tag-pp-de-la-pobla-llarga-ca","14":"tag-ribera-alta-ca"},"_links":{"self":[{"href":"https:\/\/www.tucomarca.com\/wordpress\/segunda\/ca\/wp-json\/wp\/v2\/posts\/290712","targetHints":{"allow":["GET"]}}],"collection":[{"href":"https:\/\/www.tucomarca.com\/wordpress\/segunda\/ca\/wp-json\/wp\/v2\/posts"}],"about":[{"href":"https:\/\/www.tucomarca.com\/wordpress\/segunda\/ca\/wp-json\/wp\/v2\/types\/post"}],"author":[{"embeddable":true,"href":"https:\/\/www.tucomarca.com\/wordpress\/segunda\/ca\/wp-json\/wp\/v2\/users\/12"}],"replies":[{"embeddable":true,"href":"https:\/\/www.tucomarca.com\/wordpress\/segunda\/ca\/wp-json\/wp\/v2\/comments?post=290712"}],"version-history":[{"count":0,"href":"https:\/\/www.tucomarca.com\/wordpress\/segunda\/ca\/wp-json\/wp\/v2\/posts\/290712\/revisions"}],"wp:featuredmedia":[{"embeddable":true,"href":"https:\/\/www.tucomarca.com\/wordpress\/segunda\/ca\/wp-json\/wp\/v2\/media\/290711"}],"wp:attachment":[{"href":"https:\/\/www.tucomarca.com\/wordpress\/segunda\/ca\/wp-json\/wp\/v2\/media?parent=290712"}],"wp:term":[{"taxonomy":"category","embeddable":true,"href":"https:\/\/www.tucomarca.com\/wordpress\/segunda\/ca\/wp-json\/wp\/v2\/categories?post=290712"},{"taxonomy":"post_tag","embeddable":true,"href":"https:\/\/www.tucomarca.com\/wordpress\/segunda\/ca\/wp-json\/wp\/v2\/tags?post=290712"}],"curies":[{"name":"wp","href":"https:\/\/api.w.org\/{rel}","templated":true}]}}