{"id":290827,"date":"2026-01-20T12:00:00","date_gmt":"2026-01-20T11:00:00","guid":{"rendered":"https:\/\/www.tucomarca.com\/wordpress\/segunda\/?p=290827"},"modified":"2026-01-20T19:29:01","modified_gmt":"2026-01-20T18:29:01","slug":"la-generalitat-finalitza-el-dispositiu-de-residus-de-les-riuades-i-enderrocs-de-la-reconstruccio-a-lalcudia-despres-de-gestionar-mes-de-3-200-tones","status":"publish","type":"post","link":"https:\/\/www.tucomarca.com\/wordpress\/segunda\/ca\/la-generalitat-finalitza-el-dispositiu-de-residus-de-les-riuades-i-enderrocs-de-la-reconstruccio-a-lalcudia-despres-de-gestionar-mes-de-3-200-tones\/","title":{"rendered":"La Generalitat finalitza el dispositiu de residus de les riuades i enderrocs de la reconstrucci\u00f3 a l\u2019Alc\u00fadia despr\u00e9s de gestionar m\u00e9s de 3.200 tones"},"content":{"rendered":"\n<h3 class=\"wp-block-heading\">Vicente Mart\u00ednez Mus clausura l\u2019\u00faltim punt d\u2019apilament del municipi de la Ribera despr\u00e9s d\u2019una inversi\u00f3 de 430.000 euros.<\/h3>\n\n\n\n<h3 class=\"wp-block-heading\">La Generalitat ha invertido 25,6 milions d\u2019euros en la localitat en diferents tasques de reconstrucci\u00f3 i ajudes als afectats.<\/h3>\n\n\n\n<p>La Generalitat ha culminat el buidatge i clausura de l\u2019\u00faltim punt de residus de les riuades i enderrocs de l\u2019Alc\u00fadia despr\u00e9s de gestionar prop de 3.200 tones generats a conseq\u00fc\u00e8ncia de les inundacions del passat 29 d\u2019octubre i de les tasques de reconstrucci\u00f3 en el marc del dispositiu extraordinari de suport als municipis afectats.<\/p>\n\n\n\n<p>Aix\u00ed ho ha confirmat Mart\u00ednez Mus, que ha visitat la zona juntament amb el comissionat per a la Recuperaci\u00f3, Ra\u00fal M\u00e9rida i la secret\u00e0ria auton\u00f2mica de Medi Ambient i Territori, Sabina Goretti Galindo, i a on ha destacat que amb el tancament d\u2019este punt es \u201ctorna a la normalitat\u201d, despr\u00e9s de l\u2019esfor\u00e7 que ha dut a terme la Generalitat.<\/p>\n\n\n\n<figure class=\"wp-block-image size-full\"><img loading=\"lazy\" decoding=\"async\" width=\"525\" height=\"683\" src=\"http:\/\/www.tucomarca.com\/wordpress\/segunda\/wp-content\/uploads\/2026\/01\/260120_foto_VICE3_Punto_escombros_LAlcudia1.jpg\" alt=\"\" class=\"wp-image-290823\" srcset=\"https:\/\/www.tucomarca.com\/wordpress\/segunda\/wp-content\/uploads\/2026\/01\/260120_foto_VICE3_Punto_escombros_LAlcudia1.jpg 525w, https:\/\/www.tucomarca.com\/wordpress\/segunda\/wp-content\/uploads\/2026\/01\/260120_foto_VICE3_Punto_escombros_LAlcudia1-231x300.jpg 231w\" sizes=\"auto, (max-width: 525px) 100vw, 525px\" \/><\/figure>\n\n\n\n<p>Mart\u00ednez Mus ha explicat que l\u2019actuaci\u00f3 ha suposat \u201cuna inversi\u00f3 de 430.000 euros\u201d i forma part de l\u2019ampliaci\u00f3 del pla aprovat pel Consell per a donar suport als municipis m\u00e9s castigats per les riuades, davant la dificultat de moltes administracions locals per a assumir per si soles els costos derivats de les tasques de neteja i retirada de residus.&nbsp;<\/p>\n\n\n\n<p>En este context, la Generalitat va ampliar el seu pla de suport i va assumir la gesti\u00f3 d\u2019una nova tanda de residus sorgits del proc\u00e9s de reconstrucci\u00f3.<\/p>\n\n\n\n<p>El vicepresident ha destacat que en total, la Generalitat \u201cha gestionat ja m\u00e9s d\u2019un mili\u00f3 de tones de residus en el conjunt de municipis afectats, amb una inversi\u00f3 global superior als 250 milions d\u2019euros\u201d, amb l\u2019objectiu de garantir una \u201cgesti\u00f3 adequada\u201d dels enderrocs i contribuir a la recuperaci\u00f3 de la normalitat en les localitats damnificades.<\/p>\n\n\n\n<p>En esta nova fase del pla participen 19 municipis \u2014entre els quals hi ha l\u2019Alc\u00fadia\u2014 i des de la Vicepresid\u00e8ncia Tercera s\u2019ha previst una inversi\u00f3 de 44 milions d\u2019euros. Els treballs estan sent executats per les empreses concession\u00e0ries de la gesti\u00f3 de residus municipals, la qual cosa permet agilitzar les actuacions i assegurar una resposta efica\u00e7.<\/p>\n\n\n\n<p>A m\u00e9s de la gesti\u00f3 de residus, la Generalitat ha destinat dins del pla Endavant un total de 25,6 milions d\u2019euros a l\u2019Alc\u00fadia per a actuacions de reconstrucci\u00f3 i suport despr\u00e9s de les riuades, que inclouen la reparaci\u00f3 de camins rurals, la reconstrucci\u00f3 de m\u00e0rgens del riu Magre, la rehabilitaci\u00f3 d\u2019un centre educatiu i ajudes directes.<\/p>\n","protected":false},"excerpt":{"rendered":"<div class=\"mh-excerpt\">Vicente Mart\u00ednez Mus clausura l\u2019\u00faltim punt d\u2019apilament del municipi de la Ribera despr\u00e9s d\u2019una inversi\u00f3 de 430.000 euros. La Generalitat ha invertido 25,6 milions d\u2019euros en la localitat en diferents tasques de reconstrucci\u00f3 i ajudes <a class=\"mh-excerpt-more\" href=\"https:\/\/www.tucomarca.com\/wordpress\/segunda\/ca\/la-generalitat-finalitza-el-dispositiu-de-residus-de-les-riuades-i-enderrocs-de-la-reconstruccio-a-lalcudia-despres-de-gestionar-mes-de-3-200-tones\/\" title=\"La Generalitat finalitza el dispositiu de residus de les riuades i enderrocs de la reconstrucci\u00f3 a l\u2019Alc\u00fadia despr\u00e9s de gestionar m\u00e9s de 3.200 tones\">[+] <\/a><\/div>\n","protected":false},"author":12,"featured_media":290826,"comment_status":"open","ping_status":"open","sticky":false,"template":"","format":"image","meta":{"footnotes":""},"categories":[21466,10898,10948,10995,10894,10904,10902,10903,10947,10896,10897],"tags":[11498,12166,23775,11356],"class_list":{"0":"post-290827","1":"post","2":"type-post","3":"status-publish","4":"format-image","5":"has-post-thumbnail","7":"category-dana-ca","8":"category-ventana-ca","9":"category-infraestructuras-ca","10":"category-lalcudia-ca","11":"category-la-comarca-ca","12":"category-sin-categorizar-ca","13":"category-la-ribera-ca","14":"category-medio-ambiente-la-comarca-ca","15":"category-politica","16":"category-seccion-ca","17":"category-sucesos-la-comarca-ca","18":"tag-generalitat-valenciana-ca","19":"tag-medio-ambiente-ca","20":"tag-residuos-de-la-riadas-ca","21":"tag-ribera-alta-ca","22":"post_format-post-format-image"},"_links":{"self":[{"href":"https:\/\/www.tucomarca.com\/wordpress\/segunda\/ca\/wp-json\/wp\/v2\/posts\/290827","targetHints":{"allow":["GET"]}}],"collection":[{"href":"https:\/\/www.tucomarca.com\/wordpress\/segunda\/ca\/wp-json\/wp\/v2\/posts"}],"about":[{"href":"https:\/\/www.tucomarca.com\/wordpress\/segunda\/ca\/wp-json\/wp\/v2\/types\/post"}],"author":[{"embeddable":true,"href":"https:\/\/www.tucomarca.com\/wordpress\/segunda\/ca\/wp-json\/wp\/v2\/users\/12"}],"replies":[{"embeddable":true,"href":"https:\/\/www.tucomarca.com\/wordpress\/segunda\/ca\/wp-json\/wp\/v2\/comments?post=290827"}],"version-history":[{"count":0,"href":"https:\/\/www.tucomarca.com\/wordpress\/segunda\/ca\/wp-json\/wp\/v2\/posts\/290827\/revisions"}],"wp:featuredmedia":[{"embeddable":true,"href":"https:\/\/www.tucomarca.com\/wordpress\/segunda\/ca\/wp-json\/wp\/v2\/media\/290826"}],"wp:attachment":[{"href":"https:\/\/www.tucomarca.com\/wordpress\/segunda\/ca\/wp-json\/wp\/v2\/media?parent=290827"}],"wp:term":[{"taxonomy":"category","embeddable":true,"href":"https:\/\/www.tucomarca.com\/wordpress\/segunda\/ca\/wp-json\/wp\/v2\/categories?post=290827"},{"taxonomy":"post_tag","embeddable":true,"href":"https:\/\/www.tucomarca.com\/wordpress\/segunda\/ca\/wp-json\/wp\/v2\/tags?post=290827"}],"curies":[{"name":"wp","href":"https:\/\/api.w.org\/{rel}","templated":true}]}}