{"id":290839,"date":"2026-01-21T09:00:00","date_gmt":"2026-01-21T08:00:00","guid":{"rendered":"https:\/\/www.tucomarca.com\/wordpress\/segunda\/?p=290839"},"modified":"2026-01-21T19:42:37","modified_gmt":"2026-01-21T18:42:37","slug":"lantiga-fontanella-de-turis-inicia-el-cicle-de-presentacions-falleres-al-teatre-ideal","status":"publish","type":"post","link":"https:\/\/www.tucomarca.com\/wordpress\/segunda\/ca\/lantiga-fontanella-de-turis-inicia-el-cicle-de-presentacions-falleres-al-teatre-ideal\/","title":{"rendered":"L\u2019Antiga Fontanella de Tur\u00eds inicia el cicle de presentacions falleres al Teatre Ideal"},"content":{"rendered":"\n<p>La comissi\u00f3 de la Falla L\u2019Antiga Fontanella de Tur\u00eds dona este cap de setmana el tret d\u2019eixida al cicle de presentacions falleres al Teatre Ideal de la localitat, en uns dies carregats d\u2019il\u00b7lusi\u00f3, alegria i sentiment faller.<\/p>\n\n\n\n<p>El dissabte tindr\u00e0 lloc l\u2019exaltaci\u00f3 d\u2019Amparo Genov\u00e9s, en un acte molt esperat per la comissi\u00f3 i per la protagonista, que viu amb emoci\u00f3 els moments previs a un dels dies m\u00e9s importants de la seua traject\u00f2ria fallera. El diumenge ser\u00e0 el torn de Lidia Soldado i Hugo Garc\u00eda, que tamb\u00e9 seran exaltats en una jornada especial marcada per l\u2019emoci\u00f3 i l\u2019orgull de representar la seua falla.<\/p>\n\n\n\n<p>Al llarg de tot el cap de setmana, la comissi\u00f3 ultima els detalls perqu\u00e8 tot isca perfecte i per fer realitat un somni llargament esperat pels seus m\u00e0xims representants.<\/p>\n\n\n\n<p>Com a colof\u00f3 a la jornada del dissabte, el p\u00fablic podr\u00e0 gaudir de la representaci\u00f3 teatral <em>\u201cI de sobte, n\u00f2mades\u201d<\/em>, dirigida per Andrea i Ana Crespo Ribes. El diumenge, la programaci\u00f3 es completar\u00e0 amb una proposta adre\u00e7ada al p\u00fablic infantil, l\u2019espectacle <em>\u201cM\u00e0gia Payashow\u201d<\/em>, posant el punt final a un intens i emotiu inici de les presentacions falleres a Tur\u00eds.<\/p>\n","protected":false},"excerpt":{"rendered":"<div class=\"mh-excerpt\">La comissi\u00f3 de la Falla L\u2019Antiga Fontanella de Tur\u00eds dona este cap de setmana el tret d\u2019eixida al cicle de presentacions falleres al Teatre Ideal de la localitat, en uns dies carregats d\u2019il\u00b7lusi\u00f3, alegria i <a class=\"mh-excerpt-more\" href=\"https:\/\/www.tucomarca.com\/wordpress\/segunda\/ca\/lantiga-fontanella-de-turis-inicia-el-cicle-de-presentacions-falleres-al-teatre-ideal\/\" title=\"L\u2019Antiga Fontanella de Tur\u00eds inicia el cicle de presentacions falleres al Teatre Ideal\">[+] <\/a><\/div>\n","protected":false},"author":12,"featured_media":290838,"comment_status":"open","ping_status":"open","sticky":false,"template":"","format":"standard","meta":{"footnotes":""},"categories":[11019,10894,10902,11007,10896,11047],"tags":[14840,23199,11356,11093],"class_list":{"0":"post-290839","1":"post","2":"type-post","3":"status-publish","4":"format-standard","5":"has-post-thumbnail","7":"category-agenda-ca","8":"category-la-comarca-ca","9":"category-la-ribera-ca","10":"category-ocio-y-cultura-ca","11":"category-seccion-ca","12":"category-turis-ca","13":"tag-falla-lantiga-fontanella-ca","14":"tag-fallas-2026-ca","15":"tag-ribera-alta-ca","16":"tag-turis-ca"},"_links":{"self":[{"href":"https:\/\/www.tucomarca.com\/wordpress\/segunda\/ca\/wp-json\/wp\/v2\/posts\/290839","targetHints":{"allow":["GET"]}}],"collection":[{"href":"https:\/\/www.tucomarca.com\/wordpress\/segunda\/ca\/wp-json\/wp\/v2\/posts"}],"about":[{"href":"https:\/\/www.tucomarca.com\/wordpress\/segunda\/ca\/wp-json\/wp\/v2\/types\/post"}],"author":[{"embeddable":true,"href":"https:\/\/www.tucomarca.com\/wordpress\/segunda\/ca\/wp-json\/wp\/v2\/users\/12"}],"replies":[{"embeddable":true,"href":"https:\/\/www.tucomarca.com\/wordpress\/segunda\/ca\/wp-json\/wp\/v2\/comments?post=290839"}],"version-history":[{"count":0,"href":"https:\/\/www.tucomarca.com\/wordpress\/segunda\/ca\/wp-json\/wp\/v2\/posts\/290839\/revisions"}],"wp:featuredmedia":[{"embeddable":true,"href":"https:\/\/www.tucomarca.com\/wordpress\/segunda\/ca\/wp-json\/wp\/v2\/media\/290838"}],"wp:attachment":[{"href":"https:\/\/www.tucomarca.com\/wordpress\/segunda\/ca\/wp-json\/wp\/v2\/media?parent=290839"}],"wp:term":[{"taxonomy":"category","embeddable":true,"href":"https:\/\/www.tucomarca.com\/wordpress\/segunda\/ca\/wp-json\/wp\/v2\/categories?post=290839"},{"taxonomy":"post_tag","embeddable":true,"href":"https:\/\/www.tucomarca.com\/wordpress\/segunda\/ca\/wp-json\/wp\/v2\/tags?post=290839"}],"curies":[{"name":"wp","href":"https:\/\/api.w.org\/{rel}","templated":true}]}}