{"id":290848,"date":"2026-01-21T11:15:00","date_gmt":"2026-01-21T10:15:00","guid":{"rendered":"https:\/\/www.tucomarca.com\/wordpress\/segunda\/?p=290848"},"modified":"2026-01-21T20:15:28","modified_gmt":"2026-01-21T19:15:28","slug":"martinez-mus-situa-a-la-comunitat-valenciana-com-a-pol-estrategic-de-leconomia-circular-vinculada-a-residus-electrics-i-electronics","status":"publish","type":"post","link":"https:\/\/www.tucomarca.com\/wordpress\/segunda\/ca\/martinez-mus-situa-a-la-comunitat-valenciana-com-a-pol-estrategic-de-leconomia-circular-vinculada-a-residus-electrics-i-electronics\/","title":{"rendered":"Mart\u00ednez Mus situa a la Comunitat Valenciana com a pol estrat\u00e8gic de l&#8217;economia circular vinculada a residus el\u00e8ctrics i electr\u00f2nics"},"content":{"rendered":"\n<h3 class=\"wp-block-heading\">El vicepresident tercer inaugura el Congr\u00e9s internacional IERC 2026 sobre reciclatge d&#8217;aparells el\u00e8ctrics i electr\u00f2nics.<\/h3>\n\n\n\n<h3 class=\"wp-block-heading\">La Comunitat Valenciana ha incrementat un 44% la recollida d&#8217;aquest tipus de residus.<\/h3>\n\n\n\n<p>El vicepresident tercer i conseller de Medi Ambient, Infraestructures, Territori i de la Recuperaci\u00f3, Vicente Mart\u00ednez Mus, ha situat a la Comunitat Valenciana com a \u201cpol estrat\u00e8gic de l&#8217;economia circular vinculada als residus d&#8217;aparells el\u00e8ctrics i electr\u00f2nics (RAEE)\u201d.<\/p>\n\n\n\n<p>Mart\u00ednez Mus ha participat en la inauguraci\u00f3 del Congr\u00e9s Internacional de Reciclatge d&#8217;Aparells El\u00e8ctrics i Electr\u00f2nics IERC 2026, que ha reunit a la ciutat de Val\u00e8ncia als principals actors implicats en la transformaci\u00f3 del sector electr\u00f2nic cap a un model m\u00e9s circular, eficient i responsable i que se celebra per primera vegada a Espanya. En la jornada tamb\u00e9 han participat la secret\u00e0ria auton\u00f2mica de Medi Ambient, Sabina Goretti Galindo, i el director general de Qualitat i Educaci\u00f3 Ambiental, Jorge Blanco.<\/p>\n\n\n\n<p>Durant la seua intervenci\u00f3 inaugural, el vicepresident tercer ha donat la benvinguda a ponents, experts i participants, agraint al comit\u00e9 organitzador l&#8217;elecci\u00f3 de Val\u00e8ncia i la Comunitat Valenciana com a seu d&#8217;un congr\u00e9s que reuneix els principals actors implicats en la transformaci\u00f3 del sector electr\u00f2nic cap a un model m\u00e9s circular, eficient i responsable, per a debatre sobre sostenibilitat, mercat, resili\u00e8ncia industrial i innovaci\u00f3.<\/p>\n\n\n\n<p>En el seu discurs, Mart\u00ednez Mus ha remarcat que l&#8217;economia circular ha deixat de ser una aspiraci\u00f3 te\u00f2rica per a convertir-se \u201cen una necessitat estrat\u00e8gica per a Europa\u201d, tant per a la competitivitat industrial com per a l&#8217;autonomia en mat\u00e8ries primeres cr\u00edtiques. En aquest context, \u201cels residus d&#8217;aparells el\u00e8ctrics i electr\u00f2nics representen un exemple clar dels desafiaments i oportunitats del nou model productiu\u201d, ha ressaltat.<\/p>\n\n\n\n<p>En relaci\u00f3 amb la Comunitat Valenciana, el vicepresident ha assenyalat que la recollida de residus d&#8217;aparells el\u00e8ctrics i electr\u00f2nics ha experimentat un creixement molt significatiu, amb un increment pr\u00f2xim al 44%. No obstant aix\u00f2, ha reconegut que aquest avan\u00e7 \u201cconviu amb importants reptes, com el compliment d&#8217;objectius de recollida cada vegada m\u00e9s exigents, les dificultats en la preparaci\u00f3 per a la reutilitzaci\u00f3 i la necessitat de continuar refor\u00e7ant la capacitat de tractament\u201d.<\/p>\n\n\n\n<p>Per aix\u00f2, ha assenyalat que el Pla Integral de Residus de la Comunitat Valenciana estableix metes clares \u201corientades a avan\u00e7ar en la jerarquia de residus, millorar la valoritzaci\u00f3 material i augmentar progressivament la preparaci\u00f3 per a la reutilitzaci\u00f3, un aspecte clau per a aconseguir els objectius europeus en els pr\u00f2xims anys\u201d.<\/p>\n\n\n\n<p><strong>Gesti\u00f3 de residus despr\u00e9s de la DANA<\/strong><\/p>\n\n\n\n<p>Durant la seua intervenci\u00f3, Mart\u00ednez Mus ha recordat l&#8217;experi\u00e8ncia viscuda despr\u00e9s de la DANA de 2024, que va suposar un punt d&#8217;inflexi\u00f3 en la gesti\u00f3 de residus. Despr\u00e9s de les riuades, la Generalitat va impulsar la major operaci\u00f3 de recuperaci\u00f3 d&#8217;infraestructures realitzada en un per\u00edode tan curt de temps, mobilitzant m\u00e9s de 700 milions d&#8217;euros.<\/p>\n\n\n\n<p>No obstant aix\u00f2, tal com ha explicat, el major desafiament va ser la gesti\u00f3 de residus, ja que en una sola nit els municipis afectats van generar m\u00e9s d&#8217;un mili\u00f3 de tones de residus que en un any normal. Davant aquesta situaci\u00f3, es va activar un pla de xoc extraordinari que va permetre gestionar aquesta suma mitjan\u00e7ant separaci\u00f3 per fraccions, trituraci\u00f3, valoritzaci\u00f3 i tractament ambientalment segur, amb una inversi\u00f3 superior a 230 milions d&#8217;euros. Aquesta experi\u00e8ncia, segons ha afirmat, va deixar una conclusi\u00f3 clara: l&#8217;economia circular \u00e9s tamb\u00e9 una pol\u00edtica d&#8217;emerg\u00e8ncia i de resili\u00e8ncia.<\/p>\n\n\n\n<p>De cara al futur, Vicente Mart\u00ednez Mus ha assenyalat que la Generalitat treballa ja en el Pla Endavant i en el nou impuls al Pla Integral de Residus, amb l&#8217;objectiu de refor\u00e7ar la capacitat de tractament, desenvolupar noves infraestructures de valoritzaci\u00f3, habilitar abocadors d&#8217;emerg\u00e8ncia en cada prov\u00edncia i millorar la preparaci\u00f3 davant episodis clim\u00e0tics extrems.<\/p>\n\n\n\n<p>En aquest context, ha remarcat que el sector dels residus d&#8217;aparells el\u00e8ctrics i electr\u00f2nics \u201c\u00e9s absolutament estrat\u00e8gic, tant per la seua capacitat de recuperaci\u00f3 de materials com pel seu component tecnol\u00f2gic i la seua contribuci\u00f3 directa a l&#8217;autonomia industrial europea\u201d.<\/p>\n\n\n\n<p>Finalment, el vicepresident ha subratllat que el Congr\u00e9s IERC 2026 \u201crepresenta el model de futur que impulsa la Comunitat Valenciana, basat en el coneixement compartit, la innovaci\u00f3 aplicada, una regulaci\u00f3 intel\u00b7ligent i la col\u00b7laboraci\u00f3 internacional.<\/p>\n","protected":false},"excerpt":{"rendered":"<div class=\"mh-excerpt\">El vicepresident tercer inaugura el Congr\u00e9s internacional IERC 2026 sobre reciclatge d&#8217;aparells el\u00e8ctrics i electr\u00f2nics. La Comunitat Valenciana ha incrementat un 44% la recollida d&#8217;aquest tipus de residus. El vicepresident tercer i conseller de Medi <a class=\"mh-excerpt-more\" href=\"https:\/\/www.tucomarca.com\/wordpress\/segunda\/ca\/martinez-mus-situa-a-la-comunitat-valenciana-com-a-pol-estrategic-de-leconomia-circular-vinculada-a-residus-electrics-i-electronics\/\" title=\"Mart\u00ednez Mus situa a la Comunitat Valenciana com a pol estrat\u00e8gic de l&#8217;economia circular vinculada a residus el\u00e8ctrics i electr\u00f2nics\">[+] <\/a><\/div>\n","protected":false},"author":12,"featured_media":290847,"comment_status":"open","ping_status":"open","sticky":false,"template":"","format":"standard","meta":{"footnotes":""},"categories":[21466,10898,10948,10894,10904,10903,10947,10896],"tags":[15187,11498,12166,11121],"class_list":{"0":"post-290848","1":"post","2":"type-post","3":"status-publish","4":"format-standard","5":"has-post-thumbnail","7":"category-dana-ca","8":"category-ventana-ca","9":"category-infraestructuras-ca","10":"category-la-comarca-ca","11":"category-sin-categorizar-ca","12":"category-medio-ambiente-la-comarca-ca","13":"category-politica","14":"category-seccion-ca","15":"tag-economia-circular-ca","16":"tag-generalitat-valenciana-ca","17":"tag-medio-ambiente-ca","18":"tag-residuos-ca"},"_links":{"self":[{"href":"https:\/\/www.tucomarca.com\/wordpress\/segunda\/ca\/wp-json\/wp\/v2\/posts\/290848","targetHints":{"allow":["GET"]}}],"collection":[{"href":"https:\/\/www.tucomarca.com\/wordpress\/segunda\/ca\/wp-json\/wp\/v2\/posts"}],"about":[{"href":"https:\/\/www.tucomarca.com\/wordpress\/segunda\/ca\/wp-json\/wp\/v2\/types\/post"}],"author":[{"embeddable":true,"href":"https:\/\/www.tucomarca.com\/wordpress\/segunda\/ca\/wp-json\/wp\/v2\/users\/12"}],"replies":[{"embeddable":true,"href":"https:\/\/www.tucomarca.com\/wordpress\/segunda\/ca\/wp-json\/wp\/v2\/comments?post=290848"}],"version-history":[{"count":0,"href":"https:\/\/www.tucomarca.com\/wordpress\/segunda\/ca\/wp-json\/wp\/v2\/posts\/290848\/revisions"}],"wp:featuredmedia":[{"embeddable":true,"href":"https:\/\/www.tucomarca.com\/wordpress\/segunda\/ca\/wp-json\/wp\/v2\/media\/290847"}],"wp:attachment":[{"href":"https:\/\/www.tucomarca.com\/wordpress\/segunda\/ca\/wp-json\/wp\/v2\/media?parent=290848"}],"wp:term":[{"taxonomy":"category","embeddable":true,"href":"https:\/\/www.tucomarca.com\/wordpress\/segunda\/ca\/wp-json\/wp\/v2\/categories?post=290848"},{"taxonomy":"post_tag","embeddable":true,"href":"https:\/\/www.tucomarca.com\/wordpress\/segunda\/ca\/wp-json\/wp\/v2\/tags?post=290848"}],"curies":[{"name":"wp","href":"https:\/\/api.w.org\/{rel}","templated":true}]}}