{"id":290865,"date":"2026-01-21T11:50:00","date_gmt":"2026-01-21T10:50:00","guid":{"rendered":"https:\/\/www.tucomarca.com\/wordpress\/segunda\/?p=290865"},"modified":"2026-01-21T20:19:57","modified_gmt":"2026-01-21T19:19:57","slug":"alumnat-dels-ies-de-turis-foia-de-bunyol-i-requena-viatja-a-berlin-i-cracovia-per-a-aprofundir-en-la-memoria-historica-i-democratica-deuropa","status":"publish","type":"post","link":"https:\/\/www.tucomarca.com\/wordpress\/segunda\/ca\/alumnat-dels-ies-de-turis-foia-de-bunyol-i-requena-viatja-a-berlin-i-cracovia-per-a-aprofundir-en-la-memoria-historica-i-democratica-deuropa\/","title":{"rendered":"Alumnat dels IES de Tur\u00eds, Foia de Bunyol i Requena viatja a Berl\u00edn i Crac\u00f2via per a aprofundir en la mem\u00f2ria hist\u00f2rica i democr\u00e0tica d&#8217;Europa"},"content":{"rendered":"\n<p>Els Instituts d\u2019Educaci\u00f3 Secund\u00e0ria de Tur\u00eds, Hoya de Bu\u00f1ol i l\u2019IES N\u00ba 1 de Requena han dut a terme un viatge educatiu a Berl\u00edn i Crac\u00f2via amb l\u2019objectiu d\u2019acostar l\u2019alumnat a la mem\u00f2ria hist\u00f2rica i democr\u00e0tica d\u2019Europa, a trav\u00e9s de la visita a alguns dels enclavaments m\u00e9s significatius del segle XX.<\/p>\n\n\n\n<p>Durant l\u2019estada a Berl\u00edn, l\u2019alumnat va rec\u00f3rrer espais emblem\u00e0tics com la Porta de Brandenburg, el Mur de Berl\u00edn, el Bundestag i el Reichstag, seu del Parlament alemany. Tamb\u00e9 van visitar diferents memorials vinculats a l\u2019Holocaust i a la persecuci\u00f3 nazi, com el Memorial als Jueus d\u2019Europa Assassinats, dissenyat per Peter Eisenman; el Memorial als Homosexuals Perseguits pel Nazisme; el Memorial als Sinti i Gitanos d\u2019Europa Assassinats; el recinte de l\u2019antic b\u00fanquer; la Casa de la Confer\u00e8ncia de Wannsee, on es va planificar l\u2019anomenada \u201cSoluci\u00f3 Final\u201d; i el camp de concentraci\u00f3 de Sachsenhausen.<\/p>\n\n\n\n<p>El viatge va continuar a Crac\u00f2via, on l\u2019alumnat va visitar el camp de concentraci\u00f3 d\u2019Auschwitz-Birkenau, declarat Patrimoni de la Humanitat per la UNESCO, aix\u00ed com el gueto de Crac\u00f2via, la Pla\u00e7a dels Herois del Gueto i la f\u00e0brica d\u2019Oskar Schindler. Estes visites van permetre con\u00e9ixer de prop un dels episodis m\u00e9s durs de la hist\u00f2ria europea i reflexionar sobre la import\u00e0ncia de preservar la mem\u00f2ria hist\u00f2rica per a evitar que fets semblants tornen a repetir-se.<\/p>\n\n\n\n<p>L\u2019activitat tenia com a objectiu fomentar la consci\u00e8ncia hist\u00f2rica, l\u2019empatia i la reflexi\u00f3 cr\u00edtica entre l\u2019alumnat, posant en valor l\u2019educaci\u00f3 com una eina fonamental per a comprendre el passat i construir un futur m\u00e9s just, basat en la toler\u00e0ncia, la defensa dels drets humans i el respecte a la diversitat.<\/p>\n\n\n\n<p>El viatge va estar acompanyat pel professorat I. Garc\u00eda, V. Darder i M. Velduque, directora de l\u2019IES Tur\u00eds; J. Mart\u00ednez, de l\u2019IES de Hoya de Bu\u00f1ol; i M. Izquierdo, de l\u2019IES N\u00ba 1 de Requena.<\/p>\n\n\n\n<p>Segons va destacar V. Darder, professor de l\u2019IES de Tur\u00eds, \u201ceste viatge ha sigut una experi\u00e8ncia inoblidable per al nostre alumnat, que ha pogut con\u00e9ixer de primera m\u00e0 la hist\u00f2ria i la mem\u00f2ria d\u2019Europa\u201d. Darder va subratllar especialment la visita a Auschwitz-Birkenau, \u201cun moment molt emotiu que els ha ajudat a comprendre la import\u00e0ncia de recordar el passat per a construir un futur m\u00e9s just\u201d.<\/p>\n\n\n\n<figure class=\"wp-block-gallery has-nested-images columns-1 is-cropped wp-block-gallery-1 is-layout-flex wp-block-gallery-is-layout-flex\">\n<figure class=\"wp-block-image size-large\"><img loading=\"lazy\" decoding=\"async\" width=\"1024\" height=\"691\" data-id=\"290856\" src=\"https:\/\/www.tucomarca.com\/wordpress\/segunda\/wp-content\/uploads\/2026\/01\/IESTurisBerlin03-1024x691.jpg\" alt=\"\" class=\"wp-image-290856\" srcset=\"https:\/\/www.tucomarca.com\/wordpress\/segunda\/wp-content\/uploads\/2026\/01\/IESTurisBerlin03-1024x691.jpg 1024w, https:\/\/www.tucomarca.com\/wordpress\/segunda\/wp-content\/uploads\/2026\/01\/IESTurisBerlin03-300x202.jpg 300w, https:\/\/www.tucomarca.com\/wordpress\/segunda\/wp-content\/uploads\/2026\/01\/IESTurisBerlin03-768x518.jpg 768w, https:\/\/www.tucomarca.com\/wordpress\/segunda\/wp-content\/uploads\/2026\/01\/IESTurisBerlin03.jpg 1181w\" sizes=\"auto, (max-width: 1024px) 100vw, 1024px\" \/><\/figure>\n\n\n\n<figure class=\"wp-block-image size-large\"><img loading=\"lazy\" decoding=\"async\" width=\"1024\" height=\"691\" data-id=\"290864\" src=\"https:\/\/www.tucomarca.com\/wordpress\/segunda\/wp-content\/uploads\/2026\/01\/IESTurisBerlin07-1024x691.jpg\" alt=\"\" class=\"wp-image-290864\" srcset=\"https:\/\/www.tucomarca.com\/wordpress\/segunda\/wp-content\/uploads\/2026\/01\/IESTurisBerlin07-1024x691.jpg 1024w, https:\/\/www.tucomarca.com\/wordpress\/segunda\/wp-content\/uploads\/2026\/01\/IESTurisBerlin07-300x202.jpg 300w, https:\/\/www.tucomarca.com\/wordpress\/segunda\/wp-content\/uploads\/2026\/01\/IESTurisBerlin07-768x518.jpg 768w, https:\/\/www.tucomarca.com\/wordpress\/segunda\/wp-content\/uploads\/2026\/01\/IESTurisBerlin07.jpg 1181w\" sizes=\"auto, (max-width: 1024px) 100vw, 1024px\" \/><\/figure>\n\n\n\n<figure class=\"wp-block-image size-large\"><img loading=\"lazy\" decoding=\"async\" width=\"1024\" height=\"691\" data-id=\"290862\" src=\"https:\/\/www.tucomarca.com\/wordpress\/segunda\/wp-content\/uploads\/2026\/01\/IESTurisBerlin06-1024x691.jpg\" alt=\"\" class=\"wp-image-290862\" srcset=\"https:\/\/www.tucomarca.com\/wordpress\/segunda\/wp-content\/uploads\/2026\/01\/IESTurisBerlin06-1024x691.jpg 1024w, https:\/\/www.tucomarca.com\/wordpress\/segunda\/wp-content\/uploads\/2026\/01\/IESTurisBerlin06-300x202.jpg 300w, https:\/\/www.tucomarca.com\/wordpress\/segunda\/wp-content\/uploads\/2026\/01\/IESTurisBerlin06-768x518.jpg 768w, https:\/\/www.tucomarca.com\/wordpress\/segunda\/wp-content\/uploads\/2026\/01\/IESTurisBerlin06.jpg 1181w\" sizes=\"auto, (max-width: 1024px) 100vw, 1024px\" \/><\/figure>\n\n\n\n<figure class=\"wp-block-image size-large\"><img loading=\"lazy\" decoding=\"async\" width=\"1024\" height=\"691\" data-id=\"290860\" src=\"https:\/\/www.tucomarca.com\/wordpress\/segunda\/wp-content\/uploads\/2026\/01\/IESTurisBerlin05-1024x691.jpg\" alt=\"\" class=\"wp-image-290860\" srcset=\"https:\/\/www.tucomarca.com\/wordpress\/segunda\/wp-content\/uploads\/2026\/01\/IESTurisBerlin05-1024x691.jpg 1024w, https:\/\/www.tucomarca.com\/wordpress\/segunda\/wp-content\/uploads\/2026\/01\/IESTurisBerlin05-300x202.jpg 300w, https:\/\/www.tucomarca.com\/wordpress\/segunda\/wp-content\/uploads\/2026\/01\/IESTurisBerlin05-768x518.jpg 768w, https:\/\/www.tucomarca.com\/wordpress\/segunda\/wp-content\/uploads\/2026\/01\/IESTurisBerlin05.jpg 1181w\" sizes=\"auto, (max-width: 1024px) 100vw, 1024px\" \/><\/figure>\n\n\n\n<figure class=\"wp-block-image size-large\"><img loading=\"lazy\" decoding=\"async\" width=\"1024\" height=\"691\" data-id=\"290858\" src=\"https:\/\/www.tucomarca.com\/wordpress\/segunda\/wp-content\/uploads\/2026\/01\/IESTurisBerlin04-1024x691.jpg\" alt=\"\" class=\"wp-image-290858\" srcset=\"https:\/\/www.tucomarca.com\/wordpress\/segunda\/wp-content\/uploads\/2026\/01\/IESTurisBerlin04-1024x691.jpg 1024w, https:\/\/www.tucomarca.com\/wordpress\/segunda\/wp-content\/uploads\/2026\/01\/IESTurisBerlin04-300x202.jpg 300w, https:\/\/www.tucomarca.com\/wordpress\/segunda\/wp-content\/uploads\/2026\/01\/IESTurisBerlin04-768x518.jpg 768w, https:\/\/www.tucomarca.com\/wordpress\/segunda\/wp-content\/uploads\/2026\/01\/IESTurisBerlin04.jpg 1181w\" sizes=\"auto, (max-width: 1024px) 100vw, 1024px\" \/><\/figure>\n\n\n\n<figure class=\"wp-block-image size-large\"><img loading=\"lazy\" decoding=\"async\" width=\"1024\" height=\"768\" data-id=\"290854\" src=\"https:\/\/www.tucomarca.com\/wordpress\/segunda\/wp-content\/uploads\/2026\/01\/IESTurisBerlin02-1024x768.jpg\" alt=\"\" class=\"wp-image-290854\" srcset=\"https:\/\/www.tucomarca.com\/wordpress\/segunda\/wp-content\/uploads\/2026\/01\/IESTurisBerlin02-1024x768.jpg 1024w, https:\/\/www.tucomarca.com\/wordpress\/segunda\/wp-content\/uploads\/2026\/01\/IESTurisBerlin02-300x225.jpg 300w, https:\/\/www.tucomarca.com\/wordpress\/segunda\/wp-content\/uploads\/2026\/01\/IESTurisBerlin02-768x576.jpg 768w, https:\/\/www.tucomarca.com\/wordpress\/segunda\/wp-content\/uploads\/2026\/01\/IESTurisBerlin02-678x509.jpg 678w, https:\/\/www.tucomarca.com\/wordpress\/segunda\/wp-content\/uploads\/2026\/01\/IESTurisBerlin02-326x245.jpg 326w, https:\/\/www.tucomarca.com\/wordpress\/segunda\/wp-content\/uploads\/2026\/01\/IESTurisBerlin02-80x60.jpg 80w, https:\/\/www.tucomarca.com\/wordpress\/segunda\/wp-content\/uploads\/2026\/01\/IESTurisBerlin02.jpg 1181w\" sizes=\"auto, (max-width: 1024px) 100vw, 1024px\" \/><\/figure>\n<\/figure>\n","protected":false},"excerpt":{"rendered":"<div class=\"mh-excerpt\">Els Instituts d\u2019Educaci\u00f3 Secund\u00e0ria de Tur\u00eds, Hoya de Bu\u00f1ol i l\u2019IES N\u00ba 1 de Requena han dut a terme un viatge educatiu a Berl\u00edn i Crac\u00f2via amb l\u2019objectiu d\u2019acostar l\u2019alumnat a la mem\u00f2ria hist\u00f2rica i <a class=\"mh-excerpt-more\" href=\"https:\/\/www.tucomarca.com\/wordpress\/segunda\/ca\/alumnat-dels-ies-de-turis-foia-de-bunyol-i-requena-viatja-a-berlin-i-cracovia-per-a-aprofundir-en-la-memoria-historica-i-democratica-deuropa\/\" title=\"Alumnat dels IES de Tur\u00eds, Foia de Bunyol i Requena viatja a Berl\u00edn i Crac\u00f2via per a aprofundir en la mem\u00f2ria hist\u00f2rica i democr\u00e0tica d&#8217;Europa\">[+] <\/a><\/div>\n","protected":false},"author":12,"featured_media":290852,"comment_status":"open","ping_status":"open","sticky":false,"template":"","format":"gallery","meta":{"footnotes":""},"categories":[10911,10894,10912,10902,11007,10908,10909,10896,11047],"tags":[11219,23777,11220,10914,16620,10910,11356],"class_list":{"0":"post-290865","1":"post","2":"type-post","3":"status-publish","4":"format-gallery","5":"has-post-thumbnail","7":"category-bunol-ca","8":"category-la-comarca-ca","9":"category-la-hoya-ca","10":"category-la-ribera-ca","11":"category-ocio-y-cultura-ca","12":"category-requena-ca","13":"category-requena-utiel-ca","14":"category-seccion-ca","15":"category-turis-ca","16":"tag-ies-la-hoya-de-bunol-ca","17":"tag-ies-no-1-requena-ca","18":"tag-ies-turis-ca","19":"tag-la-hoya-de-bunol-chiva-ca","20":"tag-memoria-democratica-ca","21":"tag-requena-utiel-ca","22":"tag-ribera-alta-ca","23":"post_format-post-format-gallery"},"_links":{"self":[{"href":"https:\/\/www.tucomarca.com\/wordpress\/segunda\/ca\/wp-json\/wp\/v2\/posts\/290865","targetHints":{"allow":["GET"]}}],"collection":[{"href":"https:\/\/www.tucomarca.com\/wordpress\/segunda\/ca\/wp-json\/wp\/v2\/posts"}],"about":[{"href":"https:\/\/www.tucomarca.com\/wordpress\/segunda\/ca\/wp-json\/wp\/v2\/types\/post"}],"author":[{"embeddable":true,"href":"https:\/\/www.tucomarca.com\/wordpress\/segunda\/ca\/wp-json\/wp\/v2\/users\/12"}],"replies":[{"embeddable":true,"href":"https:\/\/www.tucomarca.com\/wordpress\/segunda\/ca\/wp-json\/wp\/v2\/comments?post=290865"}],"version-history":[{"count":0,"href":"https:\/\/www.tucomarca.com\/wordpress\/segunda\/ca\/wp-json\/wp\/v2\/posts\/290865\/revisions"}],"wp:featuredmedia":[{"embeddable":true,"href":"https:\/\/www.tucomarca.com\/wordpress\/segunda\/ca\/wp-json\/wp\/v2\/media\/290852"}],"wp:attachment":[{"href":"https:\/\/www.tucomarca.com\/wordpress\/segunda\/ca\/wp-json\/wp\/v2\/media?parent=290865"}],"wp:term":[{"taxonomy":"category","embeddable":true,"href":"https:\/\/www.tucomarca.com\/wordpress\/segunda\/ca\/wp-json\/wp\/v2\/categories?post=290865"},{"taxonomy":"post_tag","embeddable":true,"href":"https:\/\/www.tucomarca.com\/wordpress\/segunda\/ca\/wp-json\/wp\/v2\/tags?post=290865"}],"curies":[{"name":"wp","href":"https:\/\/api.w.org\/{rel}","templated":true}]}}