{"id":290887,"date":"2026-01-21T11:30:00","date_gmt":"2026-01-21T10:30:00","guid":{"rendered":"https:\/\/www.tucomarca.com\/wordpress\/segunda\/?p=290887"},"modified":"2026-01-21T20:11:30","modified_gmt":"2026-01-21T19:11:30","slug":"la-generalitat-destina-17-milions-deuros-per-a-la-nova-depuradora-dalcublas-que-permetra-la-reutilitzacio-daigua-per-a-us-agricola","status":"publish","type":"post","link":"https:\/\/www.tucomarca.com\/wordpress\/segunda\/ca\/la-generalitat-destina-17-milions-deuros-per-a-la-nova-depuradora-dalcublas-que-permetra-la-reutilitzacio-daigua-per-a-us-agricola\/","title":{"rendered":"La Generalitat destina 1,7 milions d\u2019euros per a la nova depuradora d\u2019Alcublas que permetr\u00e0 la reutilitzaci\u00f3 d\u2019aigua per a \u00fas agr\u00edcola"},"content":{"rendered":"\n<h3 class=\"wp-block-heading\">Vicente Mart\u00ednez Mus assenyala que les obres comen\u00e7aran abans de l\u2019estiu i reflectixen l\u2019aposta \u201cpels municipis m\u00e9s xicotets\u201d.<\/h3>\n\n\n\n<h3 class=\"wp-block-heading\">La infraestructura es construir\u00e0 en el terme municipal d\u2019Andilla al costat de l\u2019antiga instal\u00b7laci\u00f3 i augmentar\u00e0 en un 61 % la capacitat.<\/h3>\n\n\n\n<p>La Generalitat ha presentat les obres de construcci\u00f3 de la nova estaci\u00f3 depuradora d\u2019aig\u00fces residuals d\u2019Alcublas, en les quals invertir\u00e0 1,7 milions i que permetr\u00e0 millorar la qualitat de l\u2019abocament, aix\u00ed com la reutilitzaci\u00f3 d\u2019aigua per a \u00fas agr\u00edcola.<\/p>\n\n\n\n<p>Aix\u00ed ho ha confirmat el vicepresident tercer i conseller de Medi Ambient, Infraestructures, Territori i de la Reconstrucci\u00f3, Vicente Mart\u00ednez Mus, qui ha assenyalat que \u201cla nova planta, que se situar\u00e0 en el terme municipal d\u2019Andilla, garantir\u00e0 una depuraci\u00f3 adequada durant tot l\u2019any i contribuir\u00e0 a la sostenibilitat ambiental dels municipis\u201d.<\/p>\n\n\n\n<p>Mart\u00ednez Mus ha destacat que, a m\u00e9s de les grans depuradores destinades a poblacions de milers d\u2019habitants, \u201cdes de la Generalitat i l\u2019Entitat P\u00fablica de Sanejament d\u2019Aig\u00fces Residuals (EPSAR) tamb\u00e9 prestem atenci\u00f3 als municipis m\u00e9s xicotets com \u00e9s el cas d\u2019Alcublas\u201d.<\/p>\n\n\n\n<figure class=\"wp-block-gallery has-nested-images columns-default is-cropped wp-block-gallery-1 is-layout-flex wp-block-gallery-is-layout-flex\">\n<figure class=\"wp-block-image size-large\"><img loading=\"lazy\" decoding=\"async\" width=\"1024\" height=\"469\" data-id=\"290880\" src=\"https:\/\/www.tucomarca.com\/wordpress\/segunda\/wp-content\/uploads\/2026\/01\/DepuradoraAlcublas2-1024x469.jpg\" alt=\"\" class=\"wp-image-290880\" srcset=\"https:\/\/www.tucomarca.com\/wordpress\/segunda\/wp-content\/uploads\/2026\/01\/DepuradoraAlcublas2-1024x469.jpg 1024w, https:\/\/www.tucomarca.com\/wordpress\/segunda\/wp-content\/uploads\/2026\/01\/DepuradoraAlcublas2-300x137.jpg 300w, https:\/\/www.tucomarca.com\/wordpress\/segunda\/wp-content\/uploads\/2026\/01\/DepuradoraAlcublas2-768x351.jpg 768w, https:\/\/www.tucomarca.com\/wordpress\/segunda\/wp-content\/uploads\/2026\/01\/DepuradoraAlcublas2.jpg 1228w\" sizes=\"auto, (max-width: 1024px) 100vw, 1024px\" \/><\/figure>\n\n\n\n<figure class=\"wp-block-image size-large\"><img loading=\"lazy\" decoding=\"async\" width=\"1024\" height=\"475\" data-id=\"290884\" src=\"https:\/\/www.tucomarca.com\/wordpress\/segunda\/wp-content\/uploads\/2026\/01\/DepuradoraAlcublas3-1024x475.jpg\" alt=\"\" class=\"wp-image-290884\" srcset=\"https:\/\/www.tucomarca.com\/wordpress\/segunda\/wp-content\/uploads\/2026\/01\/DepuradoraAlcublas3-1024x475.jpg 1024w, https:\/\/www.tucomarca.com\/wordpress\/segunda\/wp-content\/uploads\/2026\/01\/DepuradoraAlcublas3-300x139.jpg 300w, https:\/\/www.tucomarca.com\/wordpress\/segunda\/wp-content\/uploads\/2026\/01\/DepuradoraAlcublas3-768x356.jpg 768w, https:\/\/www.tucomarca.com\/wordpress\/segunda\/wp-content\/uploads\/2026\/01\/DepuradoraAlcublas3.jpg 1123w\" sizes=\"auto, (max-width: 1024px) 100vw, 1024px\" \/><\/figure>\n<\/figure>\n\n\n\n<p>El vicepresident ha avan\u00e7at que l\u2019inici de les obres est\u00e0 previst abans de l\u2019estiu. A m\u00e9s, la nova estaci\u00f3 depuradora augmentar\u00e0 en un 61 % la capacitat de tractament i donar\u00e0 servici a una poblaci\u00f3 equivalent a 1.000 habitants.<\/p>\n\n\n\n<p>Aix\u00ed mateix, l\u2019estaci\u00f3 es construir\u00e0 en una parcel\u00b7la confrontant a l\u2019actual instal\u00b7laci\u00f3 que, amb 34 anys en funcionament, ha quedat obsoleta. La instal\u00b7laci\u00f3 s\u2019elevar\u00e0 respecte al nivell actual per a evitar possibles danys derivats de fen\u00f2mens meteorol\u00f2gics extrems.<\/p>\n\n\n\n<p>En definitiva, entre els principals beneficis de l\u2019actuaci\u00f3 destaquen la millora de la qualitat de l\u2019aigua abocada, la producci\u00f3 d\u2019aigua regenerada per a \u00fas agr\u00edcola, l\u2019augment de l\u2019efici\u00e8ncia i la fiabilitat del tractament i la contribuci\u00f3 a la sostenibilitat ambiental.<\/p>\n\n\n\n<p>El vicepresident tercer ha estat acompanyat pel gerent de l\u2019EPSAR, Jose Aparicio; l\u2019alcalde d\u2019Alcublas, Jos\u00e9 Luis Arce i el d\u2019Andilla, Federico Burgos, aix\u00ed com diferents membres de les corporacions municipals.<\/p>\n","protected":false},"excerpt":{"rendered":"<div class=\"mh-excerpt\">Vicente Mart\u00ednez Mus assenyala que les obres comen\u00e7aran abans de l\u2019estiu i reflectixen l\u2019aposta \u201cpels municipis m\u00e9s xicotets\u201d. La infraestructura es construir\u00e0 en el terme municipal d\u2019Andilla al costat de l\u2019antiga instal\u00b7laci\u00f3 i augmentar\u00e0 en <a class=\"mh-excerpt-more\" href=\"https:\/\/www.tucomarca.com\/wordpress\/segunda\/ca\/la-generalitat-destina-17-milions-deuros-per-a-la-nova-depuradora-dalcublas-que-permetra-la-reutilitzacio-daigua-per-a-us-agricola\/\" title=\"La Generalitat destina 1,7 milions d\u2019euros per a la nova depuradora d\u2019Alcublas que permetr\u00e0 la reutilitzaci\u00f3 d\u2019aigua per a \u00fas agr\u00edcola\">[+] <\/a><\/div>\n","protected":false},"author":12,"featured_media":290883,"comment_status":"open","ping_status":"open","sticky":false,"template":"","format":"standard","meta":{"footnotes":""},"categories":[11045,11046,10898,10948,10894,10904,10903,10947,10896],"tags":[11078,20621,11498,11080],"class_list":{"0":"post-290887","1":"post","2":"type-post","3":"status-publish","4":"format-standard","5":"has-post-thumbnail","7":"category-alcublas-ca","8":"category-los-serranos-ca","9":"category-ventana-ca","10":"category-infraestructuras-ca","11":"category-la-comarca-ca","12":"category-sin-categorizar-ca","13":"category-medio-ambiente-la-comarca-ca","14":"category-politica","15":"category-seccion-ca","16":"tag-alcublas-ca","17":"tag-depuradora-ca","18":"tag-generalitat-valenciana-ca","19":"tag-los-serranos-ca"},"_links":{"self":[{"href":"https:\/\/www.tucomarca.com\/wordpress\/segunda\/ca\/wp-json\/wp\/v2\/posts\/290887","targetHints":{"allow":["GET"]}}],"collection":[{"href":"https:\/\/www.tucomarca.com\/wordpress\/segunda\/ca\/wp-json\/wp\/v2\/posts"}],"about":[{"href":"https:\/\/www.tucomarca.com\/wordpress\/segunda\/ca\/wp-json\/wp\/v2\/types\/post"}],"author":[{"embeddable":true,"href":"https:\/\/www.tucomarca.com\/wordpress\/segunda\/ca\/wp-json\/wp\/v2\/users\/12"}],"replies":[{"embeddable":true,"href":"https:\/\/www.tucomarca.com\/wordpress\/segunda\/ca\/wp-json\/wp\/v2\/comments?post=290887"}],"version-history":[{"count":0,"href":"https:\/\/www.tucomarca.com\/wordpress\/segunda\/ca\/wp-json\/wp\/v2\/posts\/290887\/revisions"}],"wp:featuredmedia":[{"embeddable":true,"href":"https:\/\/www.tucomarca.com\/wordpress\/segunda\/ca\/wp-json\/wp\/v2\/media\/290883"}],"wp:attachment":[{"href":"https:\/\/www.tucomarca.com\/wordpress\/segunda\/ca\/wp-json\/wp\/v2\/media?parent=290887"}],"wp:term":[{"taxonomy":"category","embeddable":true,"href":"https:\/\/www.tucomarca.com\/wordpress\/segunda\/ca\/wp-json\/wp\/v2\/categories?post=290887"},{"taxonomy":"post_tag","embeddable":true,"href":"https:\/\/www.tucomarca.com\/wordpress\/segunda\/ca\/wp-json\/wp\/v2\/tags?post=290887"}],"curies":[{"name":"wp","href":"https:\/\/api.w.org\/{rel}","templated":true}]}}