{"id":290957,"date":"2026-01-22T11:00:00","date_gmt":"2026-01-22T10:00:00","guid":{"rendered":"https:\/\/www.tucomarca.com\/wordpress\/segunda\/?p=290957"},"modified":"2026-03-11T23:45:24","modified_gmt":"2026-03-11T22:45:24","slug":"la-guardia-civil-dete-a-tres-persones-com-a-responsables-de-lhomicidi-de-benifaio-esdevingut-a-lagost-de-lany-passat","status":"publish","type":"post","link":"https:\/\/www.tucomarca.com\/wordpress\/segunda\/ca\/la-guardia-civil-dete-a-tres-persones-com-a-responsables-de-lhomicidi-de-benifaio-esdevingut-a-lagost-de-lany-passat\/","title":{"rendered":"La Gu\u00e0rdia Civil det\u00e9 a tres persones com a responsables de l&#8217;homicidi de Benifai\u00f2 esdevingut a l&#8217;agost de l&#8217;any passat"},"content":{"rendered":"\n<h3 class=\"wp-block-heading\">Tres persones han sigut detingudes per la seua implicaci\u00f3 en el succ\u00e9s esdevingut el 18 d&#8217;agost de 2025 i posterior incendi de l&#8217;habitatge.<\/h3>\n\n\n\n<p>La Gu\u00e0rdia Civil ha detingut a tres persones a Alginet i Val\u00e8ncia per la seua implicaci\u00f3 en els fets esdevinguts el mes d&#8217;agost passat que van acabar amb l&#8217;incendi d&#8217;un habitatge i un home mort.&nbsp;<\/p>\n\n\n\n<p>El 18 d&#8217;agost de 2025 es va produir l&#8217;incendi d&#8217;un habitatge de Benifai\u00f3, precedit d&#8217;una gran explosi\u00f3 que va provocar que nombrosos ve\u00efns s&#8217;alertaren i tragueren el cap a finestres i balcons.&nbsp;<\/p>\n\n\n\n<p>Instants despr\u00e9s, van veure com un dels seus habitants eixia corrent del portal. Tenia gran part del seu cos afectat amb cremades i assenyalava que tres encaputxats havien matat al seu pare per un deute i havien fugit.<\/p>\n\n\n\n<p>En el desenvolupament de la investigaci\u00f3 s&#8217;han realitzat diverses gestions, entre elles, la presa de declaracions a persones de l&#8217;entorn de la v\u00edctima, visionat de gravacions d&#8217;imatges de seguretat i an\u00e0lisis telef\u00f2niques. De tot aix\u00f2, s&#8217;ha concl\u00f2s que el crim el van cometre dues persones pr\u00f2ximes a la v\u00edctima i l&#8217;incendi el va provocar el fill del mort.<\/p>\n\n\n\n<p>El dia 20 de gener per part del Grup d&#8217;Homicidis es van practicar les detencions dels tres implicats en les localitats d&#8217;Alginet i Val\u00e8ncia. Els detinguts tenen nacionalitat espanyola. Dos d&#8217;ells tenen 21 anys i un altre 23. Se&#8217;ls atribueixen els seg\u00fcents delictes: homicidi, contra la salut p\u00fablica, incendi, amenaces i lesions.<\/p>\n\n\n\n<p>La investigaci\u00f3 ha sigut duta a terme per agents del Grup d&#8217;Homicidis i Persones Desaparegudes de la UOPJ de la Comand\u00e0ncia de Val\u00e8ncia.&nbsp;<\/p>\n\n\n\n<p>Les dilig\u00e8ncies van ser entregades en el Jutjat de Primera Inst\u00e0ncia i Instrucci\u00f3 n\u00famero 2 de Carlet.<\/p>\n","protected":false},"excerpt":{"rendered":"<div class=\"mh-excerpt\">Tres persones han sigut detingudes per la seua implicaci\u00f3 en el succ\u00e9s esdevingut el 18 d&#8217;agost de 2025 i posterior incendi de l&#8217;habitatge. La Gu\u00e0rdia Civil ha detingut a tres persones a Alginet i Val\u00e8ncia <a class=\"mh-excerpt-more\" href=\"https:\/\/www.tucomarca.com\/wordpress\/segunda\/ca\/la-guardia-civil-dete-a-tres-persones-com-a-responsables-de-lhomicidi-de-benifaio-esdevingut-a-lagost-de-lany-passat\/\" title=\"La Gu\u00e0rdia Civil det\u00e9 a tres persones com a responsables de l&#8217;homicidi de Benifai\u00f2 esdevingut a l&#8217;agost de l&#8217;any passat\">[+] <\/a><\/div>\n","protected":false},"author":1,"featured_media":275981,"comment_status":"open","ping_status":"open","sticky":false,"template":"","format":"standard","meta":{"footnotes":""},"categories":[10987,10898,10894,10904,10902,10896,10897],"tags":[12046,11118,11077],"class_list":{"0":"post-290957","1":"post","2":"type-post","3":"status-publish","4":"format-standard","5":"has-post-thumbnail","7":"category-benifaio-ca","8":"category-ventana-ca","9":"category-la-comarca-ca","10":"category-sin-categorizar-ca","11":"category-la-ribera-ca","12":"category-seccion-ca","13":"category-sucesos-la-comarca-ca","14":"tag-benifaio-ca","15":"tag-guardia-civil-ca","16":"tag-la-ribera-alta-ca"},"_links":{"self":[{"href":"https:\/\/www.tucomarca.com\/wordpress\/segunda\/ca\/wp-json\/wp\/v2\/posts\/290957","targetHints":{"allow":["GET"]}}],"collection":[{"href":"https:\/\/www.tucomarca.com\/wordpress\/segunda\/ca\/wp-json\/wp\/v2\/posts"}],"about":[{"href":"https:\/\/www.tucomarca.com\/wordpress\/segunda\/ca\/wp-json\/wp\/v2\/types\/post"}],"author":[{"embeddable":true,"href":"https:\/\/www.tucomarca.com\/wordpress\/segunda\/ca\/wp-json\/wp\/v2\/users\/1"}],"replies":[{"embeddable":true,"href":"https:\/\/www.tucomarca.com\/wordpress\/segunda\/ca\/wp-json\/wp\/v2\/comments?post=290957"}],"version-history":[{"count":0,"href":"https:\/\/www.tucomarca.com\/wordpress\/segunda\/ca\/wp-json\/wp\/v2\/posts\/290957\/revisions"}],"wp:featuredmedia":[{"embeddable":true,"href":"https:\/\/www.tucomarca.com\/wordpress\/segunda\/ca\/wp-json\/wp\/v2\/media\/275981"}],"wp:attachment":[{"href":"https:\/\/www.tucomarca.com\/wordpress\/segunda\/ca\/wp-json\/wp\/v2\/media?parent=290957"}],"wp:term":[{"taxonomy":"category","embeddable":true,"href":"https:\/\/www.tucomarca.com\/wordpress\/segunda\/ca\/wp-json\/wp\/v2\/categories?post=290957"},{"taxonomy":"post_tag","embeddable":true,"href":"https:\/\/www.tucomarca.com\/wordpress\/segunda\/ca\/wp-json\/wp\/v2\/tags?post=290957"}],"curies":[{"name":"wp","href":"https:\/\/api.w.org\/{rel}","templated":true}]}}