{"id":290961,"date":"2026-01-22T10:45:00","date_gmt":"2026-01-22T09:45:00","guid":{"rendered":"https:\/\/www.tucomarca.com\/wordpress\/segunda\/?p=290961"},"modified":"2026-03-11T23:46:20","modified_gmt":"2026-03-11T22:46:20","slug":"sis-detinguts-a-alzira-cullera-i-naquera-per-cultivar-i-distribuir-marihuana","status":"publish","type":"post","link":"https:\/\/www.tucomarca.com\/wordpress\/segunda\/ca\/sis-detinguts-a-alzira-cullera-i-naquera-per-cultivar-i-distribuir-marihuana\/","title":{"rendered":"Sis detinguts a Alzira, Cullera i N\u00e0quera per cultivar i distribuir marihuana"},"content":{"rendered":"\n<h3 class=\"wp-block-heading\">Els detinguts tenien vincles familiars i portaven un alt nivell de vida: compraven vehicles d&#8217;alta gamma, eren propietaris i residien en habitatges en zones privilegiades.<\/h3>\n\n\n\n<h3 class=\"wp-block-heading\">Tamb\u00e9 venien coca\u00efna i bolets al\u00b7lucin\u00f2gens i utilitzaven plaques solars per a obtindre l&#8217;electricitat necess\u00e0ria per al cultiu.<\/h3>\n\n\n\n<p>La Gu\u00e0rdia Civil ha detingut en el marc de l&#8217;operaci\u00f3 Zander a sis persones per cultivar i distribuir marihuana, aix\u00ed com coca\u00efna i bolets al\u00b7lucin\u00f2gens.&nbsp;<\/p>\n\n\n\n<p>L&#8217;operaci\u00f3 Zander es va iniciar despr\u00e9s de tindre coneixement que un habitatge situat en la localitat d&#8217;Alzira podia estar vinculada al tr\u00e0fic de drogues.&nbsp;<\/p>\n\n\n\n<p>Una vegada comprovada que la informaci\u00f3 era ver\u00eddica, els agents van esbrinar que un grup de persones amb vincles familiars portaven un alt nivell de vida. No desenvolupaven cap activitat laboral coneguda, per\u00f2 compraven vehicles d&#8217;alta gamma i eren propietaris i residien en habitatges situats en zones privilegiades.&nbsp;<\/p>\n\n\n\n<p>Les perquisicions van corroborar l&#8217;exist\u00e8ncia d&#8217;un entramat criminal que es dedicava al cultiu i distribuci\u00f3 de marihuana, aix\u00ed com de coca\u00efna i bolets al\u00b7lucin\u00f2gens. Els guanys que obtenien eren invertides en immobles, vehicles, joies i accessoris de marques de luxe, entre altres. A m\u00e9s, els detinguts duien a terme maniobres destinades a ocultar la proced\u00e8ncia il\u00b7l\u00edcita dels diners.&nbsp;<\/p>\n\n\n\n<p>Finalment, es van realitzar huit entrades i registres en les localitats d&#8217;Alzira, Cullera, N\u00e0quera i D\u00e9nia: 6 domicilis, 1 establiment comercial i una embarcaci\u00f3 d&#8217;esbarjo.<\/p>\n\n\n\n<p>Durant l&#8217;explotaci\u00f3 de l&#8217;operatiu es van detectar 2 plantacions de marihuana amb un total de 800 plantes. Una d&#8217;elles comptava amb plaques solars per a obtindre l&#8217;electricitat necess\u00e0ria per al cultiu.&nbsp;<\/p>\n\n\n\n<p>Es van intervindre 121.000 euros en met\u00e0l\u00b7lic, 150 quilograms de bolets al\u00b7lucin\u00f2gens, 800 plantes de marihuana, 290 grams de coca\u00efna, quatre armes llargues, 7 cotxes dels quals 4 eren d&#8217;alta gamma, 2 motos i una embarcaci\u00f3 d&#8217;esbarjo i joies i accessoris de marques de luxe, entre altres. El patrimoni total dels detinguts ascendia a 1.735.000 euros aproximadament.&nbsp;<\/p>\n\n\n\n<p>Per aquests fets han sigut detinguts 5 homes i una dona de 60,61,50,37,39 i 34 anys, tots de nacionalitat espanyola. Dos d&#8217;ells han ingressat a la pres\u00f3. Se&#8217;ls atribueix els seg\u00fcents delictes: cultiu, elaboraci\u00f3 i tr\u00e0fic de drogues, organitzaci\u00f3 criminal i blanqueig de capitals.<\/p>\n\n\n\n<p>La investigaci\u00f3 ha sigut duta a terme per agents del Lloc Principal de Tavernes de la Valldigna.\u00a0Les dilig\u00e8ncies van ser entregades en el Jutjat de Primera Inst\u00e0ncia i Instrucci\u00f3 n\u00famero 6 d&#8217;Alzira.<\/p>\n","protected":false},"excerpt":{"rendered":"<div class=\"mh-excerpt\">Els detinguts tenien vincles familiars i portaven un alt nivell de vida: compraven vehicles d&#8217;alta gamma, eren propietaris i residien en habitatges en zones privilegiades. Tamb\u00e9 venien coca\u00efna i bolets al\u00b7lucin\u00f2gens i utilitzaven plaques solars <a class=\"mh-excerpt-more\" href=\"https:\/\/www.tucomarca.com\/wordpress\/segunda\/ca\/sis-detinguts-a-alzira-cullera-i-naquera-per-cultivar-i-distribuir-marihuana\/\" title=\"Sis detinguts a Alzira, Cullera i N\u00e0quera per cultivar i distribuir marihuana\">[+] <\/a><\/div>\n","protected":false},"author":1,"featured_media":200428,"comment_status":"open","ping_status":"open","sticky":false,"template":"","format":"standard","meta":{"footnotes":""},"categories":[10889,10892,10898,10894,10904,10902,10936,10896,10897],"tags":[11192,10899,12920,11118,11077,11134],"class_list":{"0":"post-290961","1":"post","2":"type-post","3":"status-publish","4":"format-standard","5":"has-post-thumbnail","7":"category-alzira-cat","8":"category-camp-de-turia-ca","9":"category-ventana-ca","10":"category-la-comarca-ca","11":"category-sin-categorizar-ca","12":"category-la-ribera-ca","13":"category-naquera-ca","14":"category-seccion-ca","15":"category-sucesos-la-comarca-ca","16":"tag-alzira-ca","17":"tag-camp-de-turia-ca","18":"tag-detenidos-ca","19":"tag-guardia-civil-ca","20":"tag-la-ribera-alta-ca","21":"tag-naquera-ca"},"_links":{"self":[{"href":"https:\/\/www.tucomarca.com\/wordpress\/segunda\/ca\/wp-json\/wp\/v2\/posts\/290961","targetHints":{"allow":["GET"]}}],"collection":[{"href":"https:\/\/www.tucomarca.com\/wordpress\/segunda\/ca\/wp-json\/wp\/v2\/posts"}],"about":[{"href":"https:\/\/www.tucomarca.com\/wordpress\/segunda\/ca\/wp-json\/wp\/v2\/types\/post"}],"author":[{"embeddable":true,"href":"https:\/\/www.tucomarca.com\/wordpress\/segunda\/ca\/wp-json\/wp\/v2\/users\/1"}],"replies":[{"embeddable":true,"href":"https:\/\/www.tucomarca.com\/wordpress\/segunda\/ca\/wp-json\/wp\/v2\/comments?post=290961"}],"version-history":[{"count":0,"href":"https:\/\/www.tucomarca.com\/wordpress\/segunda\/ca\/wp-json\/wp\/v2\/posts\/290961\/revisions"}],"wp:featuredmedia":[{"embeddable":true,"href":"https:\/\/www.tucomarca.com\/wordpress\/segunda\/ca\/wp-json\/wp\/v2\/media\/200428"}],"wp:attachment":[{"href":"https:\/\/www.tucomarca.com\/wordpress\/segunda\/ca\/wp-json\/wp\/v2\/media?parent=290961"}],"wp:term":[{"taxonomy":"category","embeddable":true,"href":"https:\/\/www.tucomarca.com\/wordpress\/segunda\/ca\/wp-json\/wp\/v2\/categories?post=290961"},{"taxonomy":"post_tag","embeddable":true,"href":"https:\/\/www.tucomarca.com\/wordpress\/segunda\/ca\/wp-json\/wp\/v2\/tags?post=290961"}],"curies":[{"name":"wp","href":"https:\/\/api.w.org\/{rel}","templated":true}]}}