{"id":290998,"date":"2026-01-23T12:45:00","date_gmt":"2026-01-23T11:45:00","guid":{"rendered":"https:\/\/www.tucomarca.com\/wordpress\/segunda\/?p=290998"},"modified":"2026-01-23T20:00:24","modified_gmt":"2026-01-23T19:00:24","slug":"lajuntament-de-benaguasil-inicia-les-obres-de-renovacio-de-les-jardineres-de-lavinguda-de-montiel","status":"publish","type":"post","link":"https:\/\/www.tucomarca.com\/wordpress\/segunda\/ca\/lajuntament-de-benaguasil-inicia-les-obres-de-renovacio-de-les-jardineres-de-lavinguda-de-montiel\/","title":{"rendered":"L&#8217;Ajuntament de Benaguasil inicia les obres de renovaci\u00f3 de les jardineres de l&#8217;avinguda de Montiel"},"content":{"rendered":"\n<h3 class=\"wp-block-heading\">El projecte inclou la substituci\u00f3 del revestiment actual per rajoles de gres porcell\u00e0nic.<\/h3>\n\n\n\n<p>L&#8217;Ajuntament de Benaguasil ha iniciat aquesta setmana els treballs de substituci\u00f3 del revestiment cer\u00e0mic exterior de les jardineres de l&#8217;Avinguda de Montiel, i l&#8217;eliminaci\u00f3 de les baranes de forja.<br>L&#8217;actuaci\u00f3 se centra en les jardineres perimetrals situades entre la zona per als vianants i la cal\u00e7ada, un element urb\u00e0 que, amb el pas del temps, havia patit un notable deteriore tant en els seus revestiments com en els elements met\u00e0l\u00b7lics de protecci\u00f3.<br>Les obres contemplen la retirada de la rajola existent i la seua substituci\u00f3 per rajoles de gres porcell\u00e0nic, un material m\u00e9s resistent i de f\u00e0cil manteniment.<br>Amb aquesta intervenci\u00f3, l&#8217;Ajuntament persegueix embellir i millorar la imatge urbana de l&#8217;avinguda de Montiel, un dels espais m\u00e9s transitats del municipi.<\/p>\n\n\n\n<figure class=\"wp-block-image size-large\"><img loading=\"lazy\" decoding=\"async\" width=\"1024\" height=\"768\" src=\"http:\/\/www.tucomarca.com\/wordpress\/segunda\/wp-content\/uploads\/2026\/01\/BenaguasilTRABAJOS-1024x768.jpg\" alt=\"\" class=\"wp-image-290994\" srcset=\"https:\/\/www.tucomarca.com\/wordpress\/segunda\/wp-content\/uploads\/2026\/01\/BenaguasilTRABAJOS-1024x768.jpg 1024w, https:\/\/www.tucomarca.com\/wordpress\/segunda\/wp-content\/uploads\/2026\/01\/BenaguasilTRABAJOS-300x225.jpg 300w, https:\/\/www.tucomarca.com\/wordpress\/segunda\/wp-content\/uploads\/2026\/01\/BenaguasilTRABAJOS-768x576.jpg 768w, https:\/\/www.tucomarca.com\/wordpress\/segunda\/wp-content\/uploads\/2026\/01\/BenaguasilTRABAJOS-1536x1152.jpg 1536w, https:\/\/www.tucomarca.com\/wordpress\/segunda\/wp-content\/uploads\/2026\/01\/BenaguasilTRABAJOS-678x509.jpg 678w, https:\/\/www.tucomarca.com\/wordpress\/segunda\/wp-content\/uploads\/2026\/01\/BenaguasilTRABAJOS-326x245.jpg 326w, https:\/\/www.tucomarca.com\/wordpress\/segunda\/wp-content\/uploads\/2026\/01\/BenaguasilTRABAJOS-80x60.jpg 80w, https:\/\/www.tucomarca.com\/wordpress\/segunda\/wp-content\/uploads\/2026\/01\/BenaguasilTRABAJOS.jpg 1600w\" sizes=\"auto, (max-width: 1024px) 100vw, 1024px\" \/><\/figure>\n","protected":false},"excerpt":{"rendered":"<div class=\"mh-excerpt\">El projecte inclou la substituci\u00f3 del revestiment actual per rajoles de gres porcell\u00e0nic. L&#8217;Ajuntament de Benaguasil ha iniciat aquesta setmana els treballs de substituci\u00f3 del revestiment cer\u00e0mic exterior de les jardineres de l&#8217;Avinguda de Montiel, <a class=\"mh-excerpt-more\" href=\"https:\/\/www.tucomarca.com\/wordpress\/segunda\/ca\/lajuntament-de-benaguasil-inicia-les-obres-de-renovacio-de-les-jardineres-de-lavinguda-de-montiel\/\" title=\"L&#8217;Ajuntament de Benaguasil inicia les obres de renovaci\u00f3 de les jardineres de l&#8217;avinguda de Montiel\">[+] <\/a><\/div>\n","protected":false},"author":12,"featured_media":290993,"comment_status":"open","ping_status":"open","sticky":false,"template":"","format":"standard","meta":{"footnotes":""},"categories":[10952,10892,10948,10894,10947,10896],"tags":[23785,11136,10899,12859],"class_list":{"0":"post-290998","1":"post","2":"type-post","3":"status-publish","4":"format-standard","5":"has-post-thumbnail","7":"category-benaguasil-ca","8":"category-camp-de-turia-ca","9":"category-infraestructuras-ca","10":"category-la-comarca-ca","11":"category-politica","12":"category-seccion-ca","13":"tag-avenida-montiel-ca","14":"tag-benaguasil-ca","15":"tag-camp-de-turia-ca","16":"tag-obras-ca"},"_links":{"self":[{"href":"https:\/\/www.tucomarca.com\/wordpress\/segunda\/ca\/wp-json\/wp\/v2\/posts\/290998","targetHints":{"allow":["GET"]}}],"collection":[{"href":"https:\/\/www.tucomarca.com\/wordpress\/segunda\/ca\/wp-json\/wp\/v2\/posts"}],"about":[{"href":"https:\/\/www.tucomarca.com\/wordpress\/segunda\/ca\/wp-json\/wp\/v2\/types\/post"}],"author":[{"embeddable":true,"href":"https:\/\/www.tucomarca.com\/wordpress\/segunda\/ca\/wp-json\/wp\/v2\/users\/12"}],"replies":[{"embeddable":true,"href":"https:\/\/www.tucomarca.com\/wordpress\/segunda\/ca\/wp-json\/wp\/v2\/comments?post=290998"}],"version-history":[{"count":0,"href":"https:\/\/www.tucomarca.com\/wordpress\/segunda\/ca\/wp-json\/wp\/v2\/posts\/290998\/revisions"}],"wp:featuredmedia":[{"embeddable":true,"href":"https:\/\/www.tucomarca.com\/wordpress\/segunda\/ca\/wp-json\/wp\/v2\/media\/290993"}],"wp:attachment":[{"href":"https:\/\/www.tucomarca.com\/wordpress\/segunda\/ca\/wp-json\/wp\/v2\/media?parent=290998"}],"wp:term":[{"taxonomy":"category","embeddable":true,"href":"https:\/\/www.tucomarca.com\/wordpress\/segunda\/ca\/wp-json\/wp\/v2\/categories?post=290998"},{"taxonomy":"post_tag","embeddable":true,"href":"https:\/\/www.tucomarca.com\/wordpress\/segunda\/ca\/wp-json\/wp\/v2\/tags?post=290998"}],"curies":[{"name":"wp","href":"https:\/\/api.w.org\/{rel}","templated":true}]}}