{"id":291015,"date":"2026-01-23T10:00:00","date_gmt":"2026-01-23T09:00:00","guid":{"rendered":"https:\/\/www.tucomarca.com\/wordpress\/segunda\/?p=291015"},"modified":"2026-01-23T19:46:48","modified_gmt":"2026-01-23T18:46:48","slug":"el-sector-agrari-convoca-una-tractorada-i-manifestacio-el-29-de-gener-a-valencia","status":"publish","type":"post","link":"https:\/\/www.tucomarca.com\/wordpress\/segunda\/ca\/el-sector-agrari-convoca-una-tractorada-i-manifestacio-el-29-de-gener-a-valencia\/","title":{"rendered":"El sector agrari convoca una tractorada i manifestaci\u00f3 el 29 de gener a Val\u00e8ncia"},"content":{"rendered":"\n<h3 class=\"wp-block-heading\">UPA-PV, CCPV-COAG, LA VA UNIR i AVA-ASAJA conviden a productors, empreses auxiliars, entitats socials i consumidors a participar en aquesta mobilitzaci\u00f3 contra les pol\u00edtiques que amenacen el futur del camp i l&#8217;alimentaci\u00f3.<\/h3>\n\n\n\n<p>Les organitzacions professionals agr\u00e0ries de la Comunitat Valenciana -l&#8217;Associaci\u00f3 Valenciana d&#8217;Agricultors (AVA-ASAJA), LA VA UNIR Llauradora i Ramadera, la Coordinadora Llauradora del Pa\u00eds Valenci\u00e0 (CCPV-COAG) i la Uni\u00f3 de Xicotets Agricultors i Ramaders (UPA-PV)-, amb el suport de Cooperatives Agro-aliment\u00e0ries de la Comunitat Valenciana, organitzaran una tractorada i manifestaci\u00f3 a la ciutat de Val\u00e8ncia el pr\u00f2xim 29 de gener. Aquesta protesta coincidir\u00e0 amb altres convocades en tota Espanya al llarg de la setmana que ve, per\u00f2 que tindr\u00e0 en el 29 de gener la jornada central: el \u2018superjueves\u2019 del camp espanyol.<\/p>\n\n\n\n<p>Els representants del sector agrari valenci\u00e0 conviden a productors, empreses auxiliars, entitats de la societat civil i consumidors a participar en aquesta mobilitzaci\u00f3 contra els acords comercials de la Uni\u00f3 Europea signats sense reciprocitat, com el tractat amb Mercosur, les retallades de la Pol\u00edtica Agr\u00edcola Comuna (PAC), l&#8217;exc\u00e9s de burocr\u00e0cia i les pol\u00edtiques que amenacen el futur del camp i de l&#8217;alimentaci\u00f3 europea.<\/p>\n\n\n\n<p>\u201cNo \u00e9s un acte sol d&#8217;agricultors. Est\u00e0 en joc la competitivitat i viabilitat dels qui produeixen els aliments que mengem tots els dies, que generen un motor econ\u00f2mic tan important com \u00e9s l&#8217;agroalimentari en termes d&#8217;ocupaci\u00f3 i riquesa, i que mantenen un mantell verd que no es crema. Est\u00e0 en joc una Europa que no depenga dels aliments de fora, que s\u00f3n menys segurs, m\u00e9s contaminants i, a llarg termini, m\u00e9s cars. Est\u00e0 en joc, en un entorn d&#8217;inestabilitat internacional, la nostra elecci\u00f3 com a poble entre tindre sobirania o incertesa aliment\u00e0ria\u201d, adverteixen els dirigents agraris.<\/p>\n\n\n\n<p>La manifestaci\u00f3 comen\u00e7ar\u00e0 a les 10 hores enfront de la Confederaci\u00f3 Hidrogr\u00e0fica del X\u00faquer (CHJ) a fi de reivindicar una soluci\u00f3 justa i digna als agricultors les parcel\u00b7les dels quals van ser arrasades per la DANA i passaran a Domini P\u00fablic Hidr\u00e0ulic (DPH), a m\u00e9s de defensar els regadius i les infraestructures hidr\u00e0uliques. El recorregut discorrer\u00e0 per les emblem\u00e0tiques Torres de Serrans i conclour\u00e0 a les portes de la Delegaci\u00f3 del Govern, on els dirigents pronunciaran sengles discursos a les persones assistents.<br><br>Reivindicacions<\/p>\n\n\n\n<p>CCPV-COAG, UPA-PV, LA VA UNIR i AVA-ASAJA reclamaran el rebuig de la proposta actual de l&#8217;acord comercial de la UE amb Mercosur, exigint un estudi d&#8217;impacte sobre el sector agrari objectiu i cre\u00efble, reciprocitat, cl\u00e0usules de salvaguarda verdaderament eficaces i complementarietat amb la producci\u00f3 europea. En la mateixa l\u00ednia, exigiran revisar tots els acords vigents i futurs amb tercers pa\u00efsos, especialment amb Egipte, Turquia, el Marroc i Sud-\u00e0frica.<\/p>\n\n\n\n<p>El sector tamb\u00e9 s&#8217;oposar\u00e0 a la proposta de la Comissi\u00f3 Europea sobre el Marc Financer Pluriennal (MFP) i la PAC post-2027, que contempla la integraci\u00f3 de la PAC en un fons \u00fanic, desmantellant la seua especificitat hist\u00f2rica; una retallada del 22% del pressupost; l&#8217;eliminaci\u00f3 dels dos pilars tradicionals de la PAC; un augment de la complexitat administrativa; i la tend\u00e8ncia a una renacionalitzaci\u00f3 dels fons.<\/p>\n\n\n\n<p>Una altra reivindicaci\u00f3 hist\u00f2rica ser\u00e0 la simplificaci\u00f3, seguretat jur\u00eddica i la posada en marxa de regulacions m\u00e9s adaptades a la realitat agr\u00e0ria que no impliquen una p\u00e8rdua de competitivitat; la voluntarietat indefinida del quadern digital d&#8217;explotaci\u00f3; i reorientar les pol\u00edtiques del Govern espanyol prioritzant l&#8217;agricultura sobre les normatives mediambientals, sempre basades en criteris cient\u00edfics. Sobre aquest tema, demanaran reempla\u00e7ar la Llei de Restauraci\u00f3 de la Naturalesa, que estableix m\u00e9s limitacions a l&#8217;activitat, per una Llei de Restauraci\u00f3 de l&#8217;Agricultura.<\/p>\n\n\n\n<p>Entre les mesures sol\u00b7licitades igualment destacaran intensificar i harmonitzar els controls fitosanitaris de plagues i malalties en els ports d&#8217;entrada, inspeccions en origen, extensi\u00f3 i rigorositat del tractament en fred i, en cas d&#8217;excessius incompliments, la suspensi\u00f3 de les exportacions a la UE; una nova pol\u00edtica hidrol\u00f2gica que contemple la construcci\u00f3 d&#8217;infraestructures per a emmagatzemar i distribuir aigua, aix\u00ed com un redimensionament dels cabals ecol\u00f2gics i una aposta per la reutilitzaci\u00f3 de les aig\u00fces depurades; millorar les assegurances agr\u00e0ries per a cobrir tots els riscos de clima i fauna salvatge; i impulsar les autoritzacions excepcionals de fitosanitaris que no compten amb alternatives eficaces en la lluita contra plagues i malalties vegetals.<\/p>\n\n\n\n<p>Finalment, les organitzacions agr\u00e0ries demanaran un compliment estricte de la Llei de la Cadena Aliment\u00e0ria amb prohibici\u00f3 expressa de venda a p\u00e8rdues i publicaci\u00f3 oficial dels costos mitjans de producci\u00f3; aprovar una Llei Emerg\u00e8ncia per danys de fauna salvatge; adaptar la Reforma Laboral a les necessitats de les campanyes agr\u00e0ries; actualitzar els m\u00f2duls de l&#8217;IRPF agrari; i revisar el Codi Penal i augmentar els recursos per a millorar la lluita contra els robatoris.<a><\/a><\/p>\n\n\n\n<p><\/p>\n","protected":false},"excerpt":{"rendered":"<div class=\"mh-excerpt\">UPA-PV, CCPV-COAG, LA VA UNIR i AVA-ASAJA conviden a productors, empreses auxiliars, entitats socials i consumidors a participar en aquesta mobilitzaci\u00f3 contra les pol\u00edtiques que amenacen el futur del camp i l&#8217;alimentaci\u00f3. Les organitzacions professionals <a class=\"mh-excerpt-more\" href=\"https:\/\/www.tucomarca.com\/wordpress\/segunda\/ca\/el-sector-agrari-convoca-una-tractorada-i-manifestacio-el-29-de-gener-a-valencia\/\" title=\"El sector agrari convoca una tractorada i manifestaci\u00f3 el 29 de gener a Val\u00e8ncia\">[+] <\/a><\/div>\n","protected":false},"author":12,"featured_media":291014,"comment_status":"open","ping_status":"open","sticky":false,"template":"","format":"standard","meta":{"footnotes":""},"categories":[11019,10905,10898,10948,10894,10904,10947,10896],"tags":[11924,20867,18022,14180,23789],"class_list":{"0":"post-291015","1":"post","2":"type-post","3":"status-publish","4":"format-standard","5":"has-post-thumbnail","7":"category-agenda-ca","8":"category-agricultura-la-comarca-ca","9":"category-ventana-ca","10":"category-infraestructuras-ca","11":"category-la-comarca-ca","12":"category-sin-categorizar-ca","13":"category-politica","14":"category-seccion-ca","15":"tag-ava-asaja-ca","16":"tag-ccpv-coag-ca","17":"tag-la-unio-llauradora-ca","18":"tag-tractorada-ca","19":"tag-upa-pv-ca"},"_links":{"self":[{"href":"https:\/\/www.tucomarca.com\/wordpress\/segunda\/ca\/wp-json\/wp\/v2\/posts\/291015","targetHints":{"allow":["GET"]}}],"collection":[{"href":"https:\/\/www.tucomarca.com\/wordpress\/segunda\/ca\/wp-json\/wp\/v2\/posts"}],"about":[{"href":"https:\/\/www.tucomarca.com\/wordpress\/segunda\/ca\/wp-json\/wp\/v2\/types\/post"}],"author":[{"embeddable":true,"href":"https:\/\/www.tucomarca.com\/wordpress\/segunda\/ca\/wp-json\/wp\/v2\/users\/12"}],"replies":[{"embeddable":true,"href":"https:\/\/www.tucomarca.com\/wordpress\/segunda\/ca\/wp-json\/wp\/v2\/comments?post=291015"}],"version-history":[{"count":0,"href":"https:\/\/www.tucomarca.com\/wordpress\/segunda\/ca\/wp-json\/wp\/v2\/posts\/291015\/revisions"}],"wp:featuredmedia":[{"embeddable":true,"href":"https:\/\/www.tucomarca.com\/wordpress\/segunda\/ca\/wp-json\/wp\/v2\/media\/291014"}],"wp:attachment":[{"href":"https:\/\/www.tucomarca.com\/wordpress\/segunda\/ca\/wp-json\/wp\/v2\/media?parent=291015"}],"wp:term":[{"taxonomy":"category","embeddable":true,"href":"https:\/\/www.tucomarca.com\/wordpress\/segunda\/ca\/wp-json\/wp\/v2\/categories?post=291015"},{"taxonomy":"post_tag","embeddable":true,"href":"https:\/\/www.tucomarca.com\/wordpress\/segunda\/ca\/wp-json\/wp\/v2\/tags?post=291015"}],"curies":[{"name":"wp","href":"https:\/\/api.w.org\/{rel}","templated":true}]}}