{"id":291077,"date":"2026-01-24T12:45:00","date_gmt":"2026-01-24T11:45:00","guid":{"rendered":"https:\/\/www.tucomarca.com\/wordpress\/segunda\/?p=291077"},"modified":"2026-03-11T23:39:53","modified_gmt":"2026-03-11T22:39:53","slug":"video-la-comunitat-es-reivindica-en-fitur26-com-a-destinacio-turistica-respectuosa-divers-i-inclusiu","status":"publish","type":"post","link":"https:\/\/www.tucomarca.com\/wordpress\/segunda\/ca\/video-la-comunitat-es-reivindica-en-fitur26-com-a-destinacio-turistica-respectuosa-divers-i-inclusiu\/","title":{"rendered":"V\u00eddeo: La Comunitat es reivindica en Fitur&#8217;26 com a destinaci\u00f3 tur\u00edstica respectuosa, divers i inclusiu"},"content":{"rendered":"\n<figure class=\"wp-block-embed is-type-video is-provider-youtube wp-block-embed-youtube wp-embed-aspect-16-9 wp-has-aspect-ratio\"><div class=\"wp-block-embed__wrapper\">\n<iframe loading=\"lazy\" title=\"V\u00eddeo: La Comunitat se reivindica en Fitur&#039;26 como destino tur\u00edstico respetuoso, diverso e inclusivo\" width=\"500\" height=\"281\" src=\"https:\/\/www.youtube.com\/embed\/XTIytutWYGE?feature=oembed\" frameborder=\"0\" allow=\"accelerometer; autoplay; clipboard-write; encrypted-media; gyroscope; picture-in-picture; web-share\" referrerpolicy=\"strict-origin-when-cross-origin\" allowfullscreen><\/iframe>\n<\/div><\/figure>\n\n\n\n<p>El director general de Diversitat, Stephane Soriano, ha presentat en Fitur 2026 la campanya \u2018Totes els veus, una terra&#8217;, una iniciativa que mostra \u201cuna Comunitat Valenciana integradora amb impuls de la diversitat, l&#8217;orgull i la pertinen\u00e7a compartida\u201d. La proposta es recolza en icones arrelades en l&#8217;imaginari col\u00b7lectiu valenci\u00e0 reinterpretats des d&#8217;una mirada actual i inclusiva, com Liz Dust, qui al costat de Stephane Soriano ha explicat a tucomarca televisi\u00f3 en qu\u00e8 consisteix aquesta iniciativa.<\/p>\n\n\n\n<p><\/p>\n","protected":false},"excerpt":{"rendered":"<div class=\"mh-excerpt\">El director general de Diversitat, Stephane Soriano, ha presentat en Fitur 2026 la campanya \u2018Totes els veus, una terra&#8217;, una iniciativa que mostra \u201cuna Comunitat Valenciana integradora amb impuls de la diversitat, l&#8217;orgull i la <a class=\"mh-excerpt-more\" href=\"https:\/\/www.tucomarca.com\/wordpress\/segunda\/ca\/video-la-comunitat-es-reivindica-en-fitur26-com-a-destinacio-turistica-respectuosa-divers-i-inclusiu\/\" title=\"V\u00eddeo: La Comunitat es reivindica en Fitur&#8217;26 com a destinaci\u00f3 tur\u00edstica respectuosa, divers i inclusiu\">[+] <\/a><\/div>\n","protected":false},"author":1,"featured_media":291075,"comment_status":"open","ping_status":"open","sticky":false,"template":"","format":"video","meta":{"footnotes":""},"categories":[10952,10892,10898,10948,10894,10904,11007,10947,10896,11062],"tags":[11136,10899],"class_list":{"0":"post-291077","1":"post","2":"type-post","3":"status-publish","4":"format-video","5":"has-post-thumbnail","7":"category-benaguasil-ca","8":"category-camp-de-turia-ca","9":"category-ventana-ca","10":"category-infraestructuras-ca","11":"category-la-comarca-ca","12":"category-sin-categorizar-ca","13":"category-ocio-y-cultura-ca","14":"category-politica","15":"category-seccion-ca","16":"category-videos","17":"tag-benaguasil-ca","18":"tag-camp-de-turia-ca","19":"post_format-post-format-video"},"_links":{"self":[{"href":"https:\/\/www.tucomarca.com\/wordpress\/segunda\/ca\/wp-json\/wp\/v2\/posts\/291077","targetHints":{"allow":["GET"]}}],"collection":[{"href":"https:\/\/www.tucomarca.com\/wordpress\/segunda\/ca\/wp-json\/wp\/v2\/posts"}],"about":[{"href":"https:\/\/www.tucomarca.com\/wordpress\/segunda\/ca\/wp-json\/wp\/v2\/types\/post"}],"author":[{"embeddable":true,"href":"https:\/\/www.tucomarca.com\/wordpress\/segunda\/ca\/wp-json\/wp\/v2\/users\/1"}],"replies":[{"embeddable":true,"href":"https:\/\/www.tucomarca.com\/wordpress\/segunda\/ca\/wp-json\/wp\/v2\/comments?post=291077"}],"version-history":[{"count":0,"href":"https:\/\/www.tucomarca.com\/wordpress\/segunda\/ca\/wp-json\/wp\/v2\/posts\/291077\/revisions"}],"wp:featuredmedia":[{"embeddable":true,"href":"https:\/\/www.tucomarca.com\/wordpress\/segunda\/ca\/wp-json\/wp\/v2\/media\/291075"}],"wp:attachment":[{"href":"https:\/\/www.tucomarca.com\/wordpress\/segunda\/ca\/wp-json\/wp\/v2\/media?parent=291077"}],"wp:term":[{"taxonomy":"category","embeddable":true,"href":"https:\/\/www.tucomarca.com\/wordpress\/segunda\/ca\/wp-json\/wp\/v2\/categories?post=291077"},{"taxonomy":"post_tag","embeddable":true,"href":"https:\/\/www.tucomarca.com\/wordpress\/segunda\/ca\/wp-json\/wp\/v2\/tags?post=291077"}],"curies":[{"name":"wp","href":"https:\/\/api.w.org\/{rel}","templated":true}]}}