{"id":291120,"date":"2026-01-26T12:00:00","date_gmt":"2026-01-26T11:00:00","guid":{"rendered":"https:\/\/www.tucomarca.com\/wordpress\/segunda\/?p=291120"},"modified":"2026-01-26T19:43:47","modified_gmt":"2026-01-26T18:43:47","slug":"video-reportatge-la-diputacio-de-valencia-presenta-en-fitur-la-seua-campanya-de-promocio-turistica-te-falta-poble-valencia-des-de-dins","status":"publish","type":"post","link":"https:\/\/www.tucomarca.com\/wordpress\/segunda\/ca\/video-reportatge-la-diputacio-de-valencia-presenta-en-fitur-la-seua-campanya-de-promocio-turistica-te-falta-poble-valencia-des-de-dins\/","title":{"rendered":"V\u00eddeo-reportatge: la Diputaci\u00f3 de Val\u00e8ncia presenta en Fitur la seua campanya de promoci\u00f3 tur\u00edstica &#8216;Te falta poble. Val\u00e8ncia des de dins&#8217;"},"content":{"rendered":"\n<figure class=\"wp-block-embed is-type-video is-provider-youtube wp-block-embed-youtube wp-embed-aspect-16-9 wp-has-aspect-ratio\"><div class=\"wp-block-embed__wrapper\">\n<iframe loading=\"lazy\" title=\"V\u00eddeo: Diputaci\u00f3 de Val\u00e8ncia presenta en Fitur su campa\u00f1a de promoci\u00f3n tur\u00edstica &#039;Te falta pueblo&#039;\" width=\"500\" height=\"281\" src=\"https:\/\/www.youtube.com\/embed\/SXB7YNHI6AI?feature=oembed\" frameborder=\"0\" allow=\"accelerometer; autoplay; clipboard-write; encrypted-media; gyroscope; picture-in-picture; web-share\" referrerpolicy=\"strict-origin-when-cross-origin\" allowfullscreen><\/iframe>\n<\/div><\/figure>\n\n\n\n<p><\/p>\n\n\n\n<p>El president de la Diputaci\u00f3 de Val\u00e8ncia, <strong>Vicent Momp\u00f3<\/strong>; la Vicepresidenta Primera, <strong>Nat\u00e0lia Enguix<\/strong>; i el diputat Provincial de Turisme, <strong>Pedro Cuesta<\/strong>, han presentat en la Fira Internacional de Turisme de Madrid, Fitur, la campanya de promoci\u00f3 tur\u00edstica que sota el lema &#8220;Te falta poble. Val\u00e8ncia des de dins&#8221;, persegueix posar en el centre de l&#8217;estrat\u00e8gia tur\u00edstica anual als pobles de la prov\u00edncia i l&#8217;encant particular que ofereixen al visitant, aix\u00ed com refor\u00e7ar el valor qualitatiu que els pobles aporten a la vida actual, eixa autenticitat que busca hui el turista i que dif\u00edcilment troba en un altre lloc. <\/p>\n\n\n\n<p>Tots ells han explicat a <strong>tucomarca televisi\u00f3<\/strong> els detalls d&#8217;una campanya que cerca, a m\u00e9s de completar la reconstrucci\u00f3 dels espais tur\u00edstics afectats per la DANA, fomentar projectes relacionats amb la sostenibilitat tur\u00edstica, el astroturismo, la potenciaci\u00f3 de les cases regionals de Val\u00e8ncia o l&#8217;agermanament entre municipis de costa i interior. Informa, <strong>M. A. Pall\u00e1s<\/strong>.<\/p>\n","protected":false},"excerpt":{"rendered":"<div class=\"mh-excerpt\">El president de la Diputaci\u00f3 de Val\u00e8ncia, Vicent Momp\u00f3; la Vicepresidenta Primera, Nat\u00e0lia Enguix; i el diputat Provincial de Turisme, Pedro Cuesta, han presentat en la Fira Internacional de Turisme de Madrid, Fitur, la campanya <a class=\"mh-excerpt-more\" href=\"https:\/\/www.tucomarca.com\/wordpress\/segunda\/ca\/video-reportatge-la-diputacio-de-valencia-presenta-en-fitur-la-seua-campanya-de-promocio-turistica-te-falta-poble-valencia-des-de-dins\/\" title=\"V\u00eddeo-reportatge: la Diputaci\u00f3 de Val\u00e8ncia presenta en Fitur la seua campanya de promoci\u00f3 tur\u00edstica &#8216;Te falta poble. Val\u00e8ncia des de dins&#8217;\">[+] <\/a><\/div>\n","protected":false},"author":1,"featured_media":291118,"comment_status":"open","ping_status":"open","sticky":false,"template":"","format":"video","meta":{"footnotes":""},"categories":[11046,10898,10948,10894,10904,10912,11007,10947,10909,10896,11062],"tags":[10913,11246,11441,23750,10914,11099,10910],"class_list":{"0":"post-291120","1":"post","2":"type-post","3":"status-publish","4":"format-video","5":"has-post-thumbnail","7":"category-los-serranos-ca","8":"category-ventana-ca","9":"category-infraestructuras-ca","10":"category-la-comarca-ca","11":"category-sin-categorizar-ca","12":"category-la-hoya-ca","13":"category-ocio-y-cultura-ca","14":"category-politica","15":"category-requena-utiel-ca","16":"category-seccion-ca","17":"category-videos","18":"tag-bunol-ca","19":"tag-diputacio-de-valencia-ca","20":"tag-fitur-ca","21":"tag-fitur-2026-ca","22":"tag-la-hoya-de-bunol-chiva-ca","23":"tag-requena-ca","24":"tag-requena-utiel-ca","25":"post_format-post-format-video"},"_links":{"self":[{"href":"https:\/\/www.tucomarca.com\/wordpress\/segunda\/ca\/wp-json\/wp\/v2\/posts\/291120","targetHints":{"allow":["GET"]}}],"collection":[{"href":"https:\/\/www.tucomarca.com\/wordpress\/segunda\/ca\/wp-json\/wp\/v2\/posts"}],"about":[{"href":"https:\/\/www.tucomarca.com\/wordpress\/segunda\/ca\/wp-json\/wp\/v2\/types\/post"}],"author":[{"embeddable":true,"href":"https:\/\/www.tucomarca.com\/wordpress\/segunda\/ca\/wp-json\/wp\/v2\/users\/1"}],"replies":[{"embeddable":true,"href":"https:\/\/www.tucomarca.com\/wordpress\/segunda\/ca\/wp-json\/wp\/v2\/comments?post=291120"}],"version-history":[{"count":0,"href":"https:\/\/www.tucomarca.com\/wordpress\/segunda\/ca\/wp-json\/wp\/v2\/posts\/291120\/revisions"}],"wp:featuredmedia":[{"embeddable":true,"href":"https:\/\/www.tucomarca.com\/wordpress\/segunda\/ca\/wp-json\/wp\/v2\/media\/291118"}],"wp:attachment":[{"href":"https:\/\/www.tucomarca.com\/wordpress\/segunda\/ca\/wp-json\/wp\/v2\/media?parent=291120"}],"wp:term":[{"taxonomy":"category","embeddable":true,"href":"https:\/\/www.tucomarca.com\/wordpress\/segunda\/ca\/wp-json\/wp\/v2\/categories?post=291120"},{"taxonomy":"post_tag","embeddable":true,"href":"https:\/\/www.tucomarca.com\/wordpress\/segunda\/ca\/wp-json\/wp\/v2\/tags?post=291120"}],"curies":[{"name":"wp","href":"https:\/\/api.w.org\/{rel}","templated":true}]}}