{"id":291146,"date":"2026-01-26T10:00:00","date_gmt":"2026-01-26T09:00:00","guid":{"rendered":"https:\/\/www.tucomarca.com\/wordpress\/segunda\/?p=291146"},"modified":"2026-01-26T20:06:36","modified_gmt":"2026-01-26T19:06:36","slug":"fundacio-caixaturis-entrega-un-nou-ordinador-al-centre-de-formacio-de-persones-adultes-de-turis","status":"publish","type":"post","link":"https:\/\/www.tucomarca.com\/wordpress\/segunda\/ca\/fundacio-caixaturis-entrega-un-nou-ordinador-al-centre-de-formacio-de-persones-adultes-de-turis\/","title":{"rendered":"Fundaci\u00f3 Caixatur\u00eds entrega un nou ordinador al Centre de Formaci\u00f3 de Persones Adultes de Tur\u00eds"},"content":{"rendered":"\n<p>El Centre de Formaci\u00f3 de Persones Adultes de Tur\u00eds ha rebut oficialment un nou ordinador destinat al Centre Municipal, gr\u00e0cies a una donaci\u00f3 de la Fundaci\u00f3 Caixatur\u00eds.<\/p>\n\n\n\n<p>L\u2019acte d\u2019entrega ha comptat amb la pres\u00e8ncia de l\u2019alcalde de Tur\u00eds, Francisco Ricau; la regidora d\u2019Educaci\u00f3, Sonia Sancho; la directora del centre, Ana Guzm\u00e1n; i el director general de l\u2019entitat, Juan Manuel Mu\u00f1oz.<\/p>\n\n\n\n<p>Amb esta aportaci\u00f3, la Fundaci\u00f3 Caixatur\u00eds contribueix a millorar els recursos materials del centre educatiu, incrementant el seu patrimoni tecnol\u00f2gic amb equipament d\u2019\u00faltima generaci\u00f3 que permetr\u00e0 desenvolupar les tasques formatives de manera m\u00e9s c\u00f2moda, eficient i adaptada a les necessitats actuals de l\u2019alumnat i del professorat.<\/p>\n","protected":false},"excerpt":{"rendered":"<div class=\"mh-excerpt\">El Centre de Formaci\u00f3 de Persones Adultes de Tur\u00eds ha rebut oficialment un nou ordinador destinat al Centre Municipal, gr\u00e0cies a una donaci\u00f3 de la Fundaci\u00f3 Caixatur\u00eds. L\u2019acte d\u2019entrega ha comptat amb la pres\u00e8ncia de <a class=\"mh-excerpt-more\" href=\"https:\/\/www.tucomarca.com\/wordpress\/segunda\/ca\/fundacio-caixaturis-entrega-un-nou-ordinador-al-centre-de-formacio-de-persones-adultes-de-turis\/\" title=\"Fundaci\u00f3 Caixatur\u00eds entrega un nou ordinador al Centre de Formaci\u00f3 de Persones Adultes de Tur\u00eds\">[+] <\/a><\/div>\n","protected":false},"author":12,"featured_media":291145,"comment_status":"open","ping_status":"open","sticky":false,"template":"","format":"standard","meta":{"footnotes":""},"categories":[10948,10894,10902,11007,10896,11047],"tags":[23797,23798,11356,11093],"class_list":{"0":"post-291146","1":"post","2":"type-post","3":"status-publish","4":"format-standard","5":"has-post-thumbnail","7":"category-infraestructuras-ca","8":"category-la-comarca-ca","9":"category-la-ribera-ca","10":"category-ocio-y-cultura-ca","11":"category-seccion-ca","12":"category-turis-ca","13":"tag-caixaturis-ca","14":"tag-centro-de-formacion-de-personas-adultas-ca","15":"tag-ribera-alta-ca","16":"tag-turis-ca"},"_links":{"self":[{"href":"https:\/\/www.tucomarca.com\/wordpress\/segunda\/ca\/wp-json\/wp\/v2\/posts\/291146","targetHints":{"allow":["GET"]}}],"collection":[{"href":"https:\/\/www.tucomarca.com\/wordpress\/segunda\/ca\/wp-json\/wp\/v2\/posts"}],"about":[{"href":"https:\/\/www.tucomarca.com\/wordpress\/segunda\/ca\/wp-json\/wp\/v2\/types\/post"}],"author":[{"embeddable":true,"href":"https:\/\/www.tucomarca.com\/wordpress\/segunda\/ca\/wp-json\/wp\/v2\/users\/12"}],"replies":[{"embeddable":true,"href":"https:\/\/www.tucomarca.com\/wordpress\/segunda\/ca\/wp-json\/wp\/v2\/comments?post=291146"}],"version-history":[{"count":0,"href":"https:\/\/www.tucomarca.com\/wordpress\/segunda\/ca\/wp-json\/wp\/v2\/posts\/291146\/revisions"}],"wp:featuredmedia":[{"embeddable":true,"href":"https:\/\/www.tucomarca.com\/wordpress\/segunda\/ca\/wp-json\/wp\/v2\/media\/291145"}],"wp:attachment":[{"href":"https:\/\/www.tucomarca.com\/wordpress\/segunda\/ca\/wp-json\/wp\/v2\/media?parent=291146"}],"wp:term":[{"taxonomy":"category","embeddable":true,"href":"https:\/\/www.tucomarca.com\/wordpress\/segunda\/ca\/wp-json\/wp\/v2\/categories?post=291146"},{"taxonomy":"post_tag","embeddable":true,"href":"https:\/\/www.tucomarca.com\/wordpress\/segunda\/ca\/wp-json\/wp\/v2\/tags?post=291146"}],"curies":[{"name":"wp","href":"https:\/\/api.w.org\/{rel}","templated":true}]}}