{"id":291202,"date":"2026-01-26T10:20:00","date_gmt":"2026-01-26T09:20:00","guid":{"rendered":"https:\/\/www.tucomarca.com\/wordpress\/segunda\/?p=291202"},"modified":"2026-01-26T20:17:58","modified_gmt":"2026-01-26T19:17:58","slug":"lestand-de-la-comunitat-valenciana-en-fitur-supera-les-100-000-visites-durant-el-cap-de-setmana-i-tanca-la-fira-amb-mes-de-206-000-visites-totals","status":"publish","type":"post","link":"https:\/\/www.tucomarca.com\/wordpress\/segunda\/ca\/lestand-de-la-comunitat-valenciana-en-fitur-supera-les-100-000-visites-durant-el-cap-de-setmana-i-tanca-la-fira-amb-mes-de-206-000-visites-totals\/","title":{"rendered":"L&#8217;estand de la Comunitat Valenciana en Fitur supera les 100.000 visites durant el cap de setmana i tanca la fira amb m\u00e9s de 206.000 visites totals"},"content":{"rendered":"\n<h3 class=\"wp-block-heading\">La consellera de Turisme destaca el \u201cextraordinari acolliment del p\u00fablic general\u201d i subratlla que quasi la meitat dels visitants de Ifema van entrar en l&#8217;espai de la Comunitat Valenciana.<\/h3>\n\n\n\n<h3 class=\"wp-block-heading\">Mari\u00e1n Cano assenyala que \u201cl&#8217;estand ha aconseguit en aquesta edici\u00f3 del certamen no sols atraure visitants, sin\u00f3 implicar-los, amb m\u00e9s de 2,7 milions d&#8217;emocions generades, predominant l&#8217;alegria i l&#8217;optimisme\u201d.<\/h3>\n\n\n\n<p>L&#8217;estand de la Comunitat Valenciana ha tornat a registrar una gran aflu\u00e8ncia de p\u00fablic durant el cap de setmana de Fitur 2026, superant les 100.000 visites entre dissabte i diumenge, i tancant el certamen amb un balan\u00e7 global de 206.796 visites, segons les dades obtingudes a trav\u00e9s del sistema de mesurament intel\u00b7ligent del propi estand, \u2018Mediterrani Connectat\u2019.<\/p>\n\n\n\n<p>La consellera d&#8217;Ind\u00fastria, Turisme, Innovaci\u00f3 i Comer\u00e7, Mari\u00e1n Cano, ha valorat aquests resultats com \u201cun \u00e8xit rotund de participaci\u00f3 i d&#8217;impacte, tant en les jornades professionals, que van batre r\u00e8cord de reunions amb 7.000 partits, un 34,6% m\u00e9s que l&#8217;any anterior i prop de 110.000 visites, com durant el cap de setmana obert al p\u00fablic general\u201d. &#8220;La Comunitat Valenciana ha sigut un dels grans focus d&#8217;atracci\u00f3 de Fitur 2026\u201d, ha destacat.<\/p>\n\n\n\n<p>En concret, durant la jornada del dissabte, l&#8217;estand de m\u00e9s de 3.200 metres quadrats va rebre 50.223 visites, mentre que el diumenge es van registrar 49.267 visites del p\u00fablic general. En totes dues jornades, l&#8217;edat mitjana dels visitants va ser de 37 anys, amb una distribuci\u00f3 equilibrada per sexe.<\/p>\n\n\n\n<figure class=\"wp-block-image size-large\"><img loading=\"lazy\" decoding=\"async\" width=\"1024\" height=\"691\" src=\"http:\/\/www.tucomarca.com\/wordpress\/segunda\/wp-content\/uploads\/2026\/01\/FiturStandCV2-1024x691.jpg\" alt=\"\" class=\"wp-image-291199\" srcset=\"https:\/\/www.tucomarca.com\/wordpress\/segunda\/wp-content\/uploads\/2026\/01\/FiturStandCV2-1024x691.jpg 1024w, https:\/\/www.tucomarca.com\/wordpress\/segunda\/wp-content\/uploads\/2026\/01\/FiturStandCV2-300x202.jpg 300w, https:\/\/www.tucomarca.com\/wordpress\/segunda\/wp-content\/uploads\/2026\/01\/FiturStandCV2-768x518.jpg 768w, https:\/\/www.tucomarca.com\/wordpress\/segunda\/wp-content\/uploads\/2026\/01\/FiturStandCV2.jpg 1181w\" sizes=\"auto, (max-width: 1024px) 100vw, 1024px\" \/><\/figure>\n\n\n\n<p><strong>Balan\u00e7 global de visitants Fitur 2026<\/strong><\/p>\n\n\n\n<p>En el conjunt de Fitur 2026, celebrat del 21 al 25 de gener, l&#8217;estand de la Comunitat Valenciana ha comptabilitzat 206.796 visites (aflu\u00e8ncia, visites amb repetici\u00f3), de les quals, 120.847 es consideren visitants \u00fanics.<\/p>\n\n\n\n<p>Segons les dades analitzades, l&#8217;estand va generar un total de 2.749.325 emocions; sent la \u2018alegria\u2019 l&#8217;emoci\u00f3 predominant associada a la marca Comunitat Valenciana, mentre que el \u2018optimisme\u2019 ha sigut l&#8217;emoci\u00f3 general m\u00e9s recurrent durant tot el certamen.<\/p>\n\n\n\n<p>Mari\u00e1n Cano ha subratllat que \u201csi tenim en compte que enguany Ifema ha rebut al voltant de 255.000 visitants, les dades confirmen que quasi el 47% de les persones que van acudir a la fira van entrar, van interactuar i van romandre en l&#8217;estand de la Comunitat Valenciana, la qual cosa demostra la capacitat d&#8217;atracci\u00f3 de la nostra proposta\u201d.<\/p>\n\n\n\n<p>La consellera ha destacat tamb\u00e9 el bon comportament de les eines digitals impulsades enguany, com la plataforma \u2018Mediterrani Connectat\u2019, que ha perm\u00e9s captar 3.761 usuaris registrats, aix\u00ed com facilitar 680 accions de matchmaking i tancar 145 reunions.<\/p>\n\n\n\n<p>Aix\u00ed mateix, les propostes de ludificaci\u00f3 i experi\u00e8ncies immersives han tingut una elevada participaci\u00f3, amb 776 usuaris en el \u2018Passaport Mediterrani\u2019, 2.939 experi\u00e8ncies de Photo IA generades, amb un pic m\u00e0xim el dissabte, i 10.751 visitants \u00fanics monitorats en el passad\u00eds immersiu.<\/p>\n\n\n\n<p>\u201cAquestes dades confirmen que l&#8217;estand de la Comunitat Valenciana no sols ha atret visitants, sin\u00f3 que ha aconseguit implicar-los, emocionar-los i generar una relaci\u00f3 duradora amb el dest\u00ed\u201d, ha afirmat Cano.<\/p>\n\n\n\n<p>Finalment, la consellera ha ressaltat que \u201cla nostra participaci\u00f3 en la fira ha sigut un \u00e8xit i un pas m\u00e9s en l&#8217;aposta per un turisme sostenible, innovador, intel\u00b7ligent i de qualitat\u201d; al mateix temps que ha agra\u00eft el treball de tot el sector, de les marques tur\u00edstiques, dels municipis, empreses, associacions, de mitjans de comunicaci\u00f3 i tot el personal t\u00e8cnic que \u201chan donat el millor de si, per a mostrar el millor de la Comunitat Valenciana al m\u00f3n\u201d.<\/p>\n","protected":false},"excerpt":{"rendered":"<div class=\"mh-excerpt\">La consellera de Turisme destaca el \u201cextraordinari acolliment del p\u00fablic general\u201d i subratlla que quasi la meitat dels visitants de Ifema van entrar en l&#8217;espai de la Comunitat Valenciana. Mari\u00e1n Cano assenyala que \u201cl&#8217;estand ha <a class=\"mh-excerpt-more\" href=\"https:\/\/www.tucomarca.com\/wordpress\/segunda\/ca\/lestand-de-la-comunitat-valenciana-en-fitur-supera-les-100-000-visites-durant-el-cap-de-setmana-i-tanca-la-fira-amb-mes-de-206-000-visites-totals\/\" title=\"L&#8217;estand de la Comunitat Valenciana en Fitur supera les 100.000 visites durant el cap de setmana i tanca la fira amb m\u00e9s de 206.000 visites totals\">[+] <\/a><\/div>\n","protected":false},"author":12,"featured_media":291198,"comment_status":"open","ping_status":"open","sticky":false,"template":"","format":"standard","meta":{"footnotes":""},"categories":[10898,10894,10904,11007,10896],"tags":[23750,11498,12962],"class_list":{"0":"post-291202","1":"post","2":"type-post","3":"status-publish","4":"format-standard","5":"has-post-thumbnail","7":"category-ventana-ca","8":"category-la-comarca-ca","9":"category-sin-categorizar-ca","10":"category-ocio-y-cultura-ca","11":"category-seccion-ca","12":"tag-fitur-2026-ca","13":"tag-generalitat-valenciana-ca","14":"tag-turismo-ca"},"_links":{"self":[{"href":"https:\/\/www.tucomarca.com\/wordpress\/segunda\/ca\/wp-json\/wp\/v2\/posts\/291202","targetHints":{"allow":["GET"]}}],"collection":[{"href":"https:\/\/www.tucomarca.com\/wordpress\/segunda\/ca\/wp-json\/wp\/v2\/posts"}],"about":[{"href":"https:\/\/www.tucomarca.com\/wordpress\/segunda\/ca\/wp-json\/wp\/v2\/types\/post"}],"author":[{"embeddable":true,"href":"https:\/\/www.tucomarca.com\/wordpress\/segunda\/ca\/wp-json\/wp\/v2\/users\/12"}],"replies":[{"embeddable":true,"href":"https:\/\/www.tucomarca.com\/wordpress\/segunda\/ca\/wp-json\/wp\/v2\/comments?post=291202"}],"version-history":[{"count":0,"href":"https:\/\/www.tucomarca.com\/wordpress\/segunda\/ca\/wp-json\/wp\/v2\/posts\/291202\/revisions"}],"wp:featuredmedia":[{"embeddable":true,"href":"https:\/\/www.tucomarca.com\/wordpress\/segunda\/ca\/wp-json\/wp\/v2\/media\/291198"}],"wp:attachment":[{"href":"https:\/\/www.tucomarca.com\/wordpress\/segunda\/ca\/wp-json\/wp\/v2\/media?parent=291202"}],"wp:term":[{"taxonomy":"category","embeddable":true,"href":"https:\/\/www.tucomarca.com\/wordpress\/segunda\/ca\/wp-json\/wp\/v2\/categories?post=291202"},{"taxonomy":"post_tag","embeddable":true,"href":"https:\/\/www.tucomarca.com\/wordpress\/segunda\/ca\/wp-json\/wp\/v2\/tags?post=291202"}],"curies":[{"name":"wp","href":"https:\/\/api.w.org\/{rel}","templated":true}]}}