{"id":291307,"date":"2026-01-27T09:00:00","date_gmt":"2026-01-27T08:00:00","guid":{"rendered":"https:\/\/www.tucomarca.com\/wordpress\/segunda\/?p=291307"},"modified":"2026-01-27T19:50:38","modified_gmt":"2026-01-27T18:50:38","slug":"el-comite-dempresa-de-lhospital-de-la-ribera-i-el-csif-alerten-de-la-pressio-hospitalaria-i-insten-conselleria-a-reforcar-plantilles-i-installacions-per-a-poder-afrontar-la","status":"publish","type":"post","link":"https:\/\/www.tucomarca.com\/wordpress\/segunda\/ca\/el-comite-dempresa-de-lhospital-de-la-ribera-i-el-csif-alerten-de-la-pressio-hospitalaria-i-insten-conselleria-a-reforcar-plantilles-i-installacions-per-a-poder-afrontar-la\/","title":{"rendered":"El Comit\u00e9 d&#8217;Empresa de l&#8217;Hospital de la Ribera i el CSIF alerten de la pressi\u00f3 hospital\u00e0ria i insten Conselleria a refor\u00e7ar plantilles i instal\u00b7lacions per a poder afrontar-la"},"content":{"rendered":"\n<h3 class=\"wp-block-heading\">El sindicat avisa de m\u00e9s de 70 pacients a l&#8217;espera de llit a l&#8217;hospital de la Ribera o els 54 en el General de Val\u00e8ncia.<\/h3>\n\n\n\n<p>Segons les dades facilitades pel sindicat, l\u2019<strong>Hospital General de Val\u00e8ncia<\/strong> comptava este mateix mat\u00ed amb <strong>54 pacients a l\u2019espera d\u2019ingr\u00e9s<\/strong>, mentre que a l\u2019<strong>Hospital de La Ribera<\/strong> la xifra ascendia fins a <strong>73 persones pendents de llit<\/strong>, fet que evidencia una situaci\u00f3 que CSIF qualifica d\u2019\u201cinsostenible\u201d. A estos centres s\u2019afegeixen els hospitals <strong>Arnau de Vilanova<\/strong> i <strong>Ll\u00edria<\/strong>, que, segons l\u2019organitzaci\u00f3 sindical, \u201cs\u2019han quedat xicotets per a l\u2019\u00e0rea de cobertura i el volum de poblaci\u00f3 al qual atenen\u201d.<\/p>\n\n\n\n<p>CSIF denuncia que les <strong>plantilles actuals s\u00f3n clarament insuficients<\/strong> per a fer front a l\u2019increment de la demanda assistencial i a la falta estructural de llits hospitalaris. En el cas de l\u2019<strong>Hospital de La Ribera<\/strong>, la saturaci\u00f3 ja s\u2019ha produ\u00eft des del passat cap de setmana, quan hi havia <strong>40 pacients pendents d\u2019ingr\u00e9s<\/strong>, xifra que es va disparar fins als <strong>73 el dilluns<\/strong>, arribant fins i tot als <strong>76 pacients en Urg\u00e8ncies sense llit en planta<\/strong>, segons dades del comit\u00e9 d\u2019empresa.<\/p>\n\n\n\n<p>Esta situaci\u00f3 ha portat tant la <strong>Junta de Personal<\/strong> com el <strong>Comit\u00e9 d\u2019Empresa del Departament de Salut de La Ribera<\/strong> a sol\u00b7licitar a la Ger\u00e8ncia mesures urgents. En un dur comunicat, els representants dels treballadors adverteixen que \u201c<strong>La Ribera no pot continuar sent l\u2019hospital oblidat<\/strong>\u201d i reclamen \u201c<strong>ni un llit m\u00e9s als passadissos d\u2019Urg\u00e8ncies<\/strong>\u201d.<\/p>\n\n\n\n<p>Des del comit\u00e9 es denuncia que el col\u00b7lapse del servei d\u2019Urg\u00e8ncies \u00e9s conseq\u00fc\u00e8ncia directa d\u2019un <strong>d\u00e8ficit hist\u00f2ric de llits<\/strong>, agreujat per anys de falta de planificaci\u00f3 i inversi\u00f3. Mentre que la mitjana de la Comunitat Valenciana \u00e9s d\u2019<strong>un llit hospitalari per cada 504 habitants<\/strong>, al Departament de Salut de La Ribera la r\u00e0tio s\u2019eleva fins a <strong>un llit per cada 738 habitants<\/strong>, fet que el situa com el <strong>segon pitjor departament de salut de tota la Comunitat<\/strong> en dotaci\u00f3 de llits.<\/p>\n\n\n\n<p>Amb una poblaci\u00f3 assignada de <strong>273.000 habitants<\/strong>, l\u2019hospital disposa de <strong>370 llits funcionants<\/strong>, quan en serien necessaris <strong>173 llits addicionals<\/strong> nom\u00e9s per a assolir la mitjana auton\u00f2mica. Este d\u00e8ficit, subratllen, equival pr\u00e0cticament \u201ca un altre hospital comarcal sencer\u201d.<\/p>\n\n\n\n<p>La conseq\u00fc\u00e8ncia directa \u00e9s que el Servei d\u2019Urg\u00e8ncies s\u2019ha convertit en una <strong>planta d\u2019hospitalitzaci\u00f3 impropia<\/strong>, amb pacients que romanen <strong>48 i fins a 72 hores<\/strong> en Urg\u00e8ncies, espais saturats, pacients ubicats en passadissos i una falta d\u2019intimitat i seguretat cl\u00ednica que compromet la qualitat assistencial i la dignitat dels usuaris.<\/p>\n\n\n\n<p>\u201cEl personal no \u00e9s responsable d\u2019esta situaci\u00f3\u201d, recalca el comit\u00e9, que insisteix que el col\u00b7lapse \u00e9s fruit d\u2019una <strong>gesti\u00f3 inadequada i d\u2019una planificaci\u00f3 insuficient<\/strong>, i no del treball dels professionals. Actualment, el servei at\u00e9n <strong>m\u00e9s de 400 urg\u00e8ncies di\u00e0ries<\/strong>, enfront de les 320 de l\u2019etapa prepand\u00e8mia, sense que s\u2019haja produ\u00eft un increment proporcional de personal ni d\u2019espais.<\/p>\n\n\n\n<p>La saturaci\u00f3 tamb\u00e9 s\u2019est\u00e9n als <strong>centres de salut del departament<\/strong>, on la cita pr\u00e8via pot retardar-se fins a <strong>15 dies<\/strong>, fet que incrementa la pressi\u00f3 assistencial sobre el personal administratiu i sanitari.<\/p>\n\n\n\n<p>CSIF afegeix que altres hospitals, com el <strong>Doctor Peset<\/strong>, encara que no presenten nivells tan elevats de saturaci\u00f3, tamb\u00e9 registraven este mat\u00ed <strong>sis pacients pendents d\u2019ingr\u00e9s<\/strong> per falta de llits disponibles.<\/p>\n\n\n\n<p>Davant d\u2019este escenari, la central sindical <strong>urgeix la Conselleria de Sanitat<\/strong> a adoptar mesures immediates per a refor\u00e7ar les plantilles, augmentar el nombre de llits i adequar les infraestructures. El comit\u00e9 d\u2019empresa de l\u2019Hospital de La Ribera no descarta <strong>mobilitzacions<\/strong> si no s\u2019actua amb rapidesa i ha anunciat que far\u00e0 una <strong>crida a la ciutadania<\/strong>, en considerar que \u201cla saturaci\u00f3 d\u2019Urg\u00e8ncies no \u00e9s nom\u00e9s un problema dels professionals, sin\u00f3 de tota la poblaci\u00f3 de la comarca\u201d.<\/p>\n","protected":false},"excerpt":{"rendered":"<div class=\"mh-excerpt\">El sindicat avisa de m\u00e9s de 70 pacients a l&#8217;espera de llit a l&#8217;hospital de la Ribera o els 54 en el General de Val\u00e8ncia. Segons les dades facilitades pel sindicat, l\u2019Hospital General de Val\u00e8ncia <a class=\"mh-excerpt-more\" href=\"https:\/\/www.tucomarca.com\/wordpress\/segunda\/ca\/el-comite-dempresa-de-lhospital-de-la-ribera-i-el-csif-alerten-de-la-pressio-hospitalaria-i-insten-conselleria-a-reforcar-plantilles-i-installacions-per-a-poder-afrontar-la\/\" title=\"El Comit\u00e9 d&#8217;Empresa de l&#8217;Hospital de la Ribera i el CSIF alerten de la pressi\u00f3 hospital\u00e0ria i insten Conselleria a refor\u00e7ar plantilles i instal\u00b7lacions per a poder afrontar-la\">[+] <\/a><\/div>\n","protected":false},"author":12,"featured_media":133091,"comment_status":"open","ping_status":"open","sticky":false,"template":"","format":"standard","meta":{"footnotes":""},"categories":[10889,11010,10948,10894,10902,10947,10896],"tags":[11192,23814,11345,12491],"class_list":{"0":"post-291307","1":"post","2":"type-post","3":"status-publish","4":"format-standard","5":"has-post-thumbnail","7":"category-alzira-cat","8":"category-canal-salud","9":"category-infraestructuras-ca","10":"category-la-comarca-ca","11":"category-la-ribera-ca","12":"category-politica","13":"category-seccion-ca","14":"tag-alzira-ca","15":"tag-comite-de-empresa-del-hospital-de-la-ribera-ca","16":"tag-csif-ca","17":"tag-hospital-de-la-ribera-ca"},"_links":{"self":[{"href":"https:\/\/www.tucomarca.com\/wordpress\/segunda\/ca\/wp-json\/wp\/v2\/posts\/291307","targetHints":{"allow":["GET"]}}],"collection":[{"href":"https:\/\/www.tucomarca.com\/wordpress\/segunda\/ca\/wp-json\/wp\/v2\/posts"}],"about":[{"href":"https:\/\/www.tucomarca.com\/wordpress\/segunda\/ca\/wp-json\/wp\/v2\/types\/post"}],"author":[{"embeddable":true,"href":"https:\/\/www.tucomarca.com\/wordpress\/segunda\/ca\/wp-json\/wp\/v2\/users\/12"}],"replies":[{"embeddable":true,"href":"https:\/\/www.tucomarca.com\/wordpress\/segunda\/ca\/wp-json\/wp\/v2\/comments?post=291307"}],"version-history":[{"count":0,"href":"https:\/\/www.tucomarca.com\/wordpress\/segunda\/ca\/wp-json\/wp\/v2\/posts\/291307\/revisions"}],"wp:featuredmedia":[{"embeddable":true,"href":"https:\/\/www.tucomarca.com\/wordpress\/segunda\/ca\/wp-json\/wp\/v2\/media\/133091"}],"wp:attachment":[{"href":"https:\/\/www.tucomarca.com\/wordpress\/segunda\/ca\/wp-json\/wp\/v2\/media?parent=291307"}],"wp:term":[{"taxonomy":"category","embeddable":true,"href":"https:\/\/www.tucomarca.com\/wordpress\/segunda\/ca\/wp-json\/wp\/v2\/categories?post=291307"},{"taxonomy":"post_tag","embeddable":true,"href":"https:\/\/www.tucomarca.com\/wordpress\/segunda\/ca\/wp-json\/wp\/v2\/tags?post=291307"}],"curies":[{"name":"wp","href":"https:\/\/api.w.org\/{rel}","templated":true}]}}