{"id":291431,"date":"2026-01-28T10:10:00","date_gmt":"2026-01-28T09:10:00","guid":{"rendered":"https:\/\/www.tucomarca.com\/wordpress\/segunda\/?p=291431"},"modified":"2026-01-28T21:30:00","modified_gmt":"2026-01-28T20:30:00","slug":"la-joventut-inaugura-lany-amb-expedicio-cavanilles-explorant-el-passat-i-la-naturalesa-salvatge-de-millares","status":"publish","type":"post","link":"https:\/\/www.tucomarca.com\/wordpress\/segunda\/ca\/la-joventut-inaugura-lany-amb-expedicio-cavanilles-explorant-el-passat-i-la-naturalesa-salvatge-de-millares\/","title":{"rendered":"La joventut inaugura l&#8217;any amb Expedici\u00f3 Cavanilles explorant el passat i la naturalesa salvatge de Millares"},"content":{"rendered":"\n<p>La primera expedici\u00f3 de l&#8217;any de Expedici\u00f3 Juvenil Cavanilles ha arrancat amb for\u00e7a a Millares, un municipi on la hist\u00f2ria, la naturalesa i la joventut es van donar la m\u00e0 per a donar principi a un curs que promet rec\u00f3rrer el territori rural amb noves aventures, aprenentatges i experi\u00e8ncies transformadores.<\/p>\n\n\n\n<p>Expedici\u00f3 Juvenil Cavanilles \u00e9s un programa acad\u00e8mic que convida a joves de 15 a 17 anys a descobrir el medi rural a trav\u00e9s d&#8217;eixides mensuals en les quals es combinen naturalesa, cultura, participaci\u00f3 comunit\u00e0ria i acci\u00f3 solid\u00e0ria. Cada expedici\u00f3 converteix un poble en un espai de trobada on la joventut apr\u00e9n, conviu i reflexiona sobre el futur del territori.<\/p>\n\n\n\n<p>Aix\u00ed, amb l&#8217;atenta i pr\u00f2xim acolliment de la corporaci\u00f3 municipal, un grup de 75 joves de tota la Comunitat Valenciana va convertir Millares en l&#8217;escenari d&#8217;una expedici\u00f3 inoblidable que va combinar arqueologia, patrimoni, sostenibilitat i exploraci\u00f3 del medi natural.<\/p>\n\n\n\n<p>L&#8217;expedici\u00f3 va permetre als participants submergir-se en la riquesa hist\u00f2rica i cient\u00edfica del municipi a trav\u00e9s d&#8217;un taller d&#8217;arqueologia i la visita a la col\u00b7lecci\u00f3 muse\u00edstica local, centrada en els jaciments de dinosaures de la zona i l&#8217;art rupestre, un dels grans tresors patrimonials de l&#8217;entorn. Una experi\u00e8ncia que va encuriosir dels joves i els va ajudar a comprendre la import\u00e0ncia de conservar i valorar el llegat del passat.<\/p>\n\n\n\n<p>El programa va continuar amb una yincana ecorural, dissenyada per a descobrir la hist\u00f2ria, les tradicions i la identitat de Millares i de la seua comarca des d&#8217;una mirada activa i participativa. A trav\u00e9s del joc, el treball en equip i el moviment, els joves exploradors van refor\u00e7ar valors com la cooperaci\u00f3, el respecte per l&#8217;entorn i l&#8217;adopci\u00f3 d&#8217;h\u00e0bits de vida saludables i sostenibles.<\/p>\n\n\n\n<p>Un dels moments m\u00e9s emocionants del cap de setmana va ser la ruta senderista per l&#8217;espectacular entorn natural de Millares. Un recorregut entre cascades, naixements d&#8217;aigua i paisatges de gran valor ecol\u00f2gic, que va conduir al grup, passant per pintures rupestres, fins a l&#8217;emblem\u00e0tic \u201cCastillet\u201d, oferint una connexi\u00f3 directa amb la hist\u00f2ria i la for\u00e7a del paisatge.<\/p>\n\n\n\n<p>Fidel al seu comprom\u00eds social, Expedici\u00f3 Juvenil Cavanilles, a m\u00e9s de ser una iniciativa gratu\u00efta per a tots els participants, va tornar a reservar places per a joves en risc d&#8217;exclusi\u00f3 social, garantint que aquesta experi\u00e8ncia educativa, cultural i vital siga accessible per a tots i totes, sense deixar a ning\u00fa fora de l&#8217;aventura.<\/p>\n\n\n\n<p>L&#8217;expedici\u00f3 a Millares no sols ha sigut un viatge al passat i a la naturalesa, sin\u00f3 tamb\u00e9 el punt de partida d&#8217;un any carregat d&#8217;expedicions que recorreran innombrables pobles i paratges. Un any en qu\u00e8 la joventut continuar\u00e0 descobrint el territori, enfortint el seu vincle amb el medi rural i convertint-se en protagonista activa del seu present i el seu futur.<\/p>\n\n\n\n<p>Una experi\u00e8ncia que reafirma a Expedici\u00f3 Juvenil Cavanilles com a motor de participaci\u00f3 juvenil i revitalitzaci\u00f3 rural, acostant a les noves generacions a un territori que no sols es visita, sin\u00f3 que es coneix, es compr\u00e9n i s&#8217;integra en la seua manera de mirar avant.<\/p>\n\n\n\n<p>Amb aquesta primera expedici\u00f3, Expedici\u00f3 Juvenil Cavanilles torna a demostrar que aprendre tamb\u00e9 pot ser sin\u00f2nim d&#8217;aventura, conviv\u00e8ncia i emoci\u00f3, i que el medi rural \u00e9s una aula viva plena d&#8217;hist\u00f2ries per descobrir.<\/p>\n\n\n\n<p>L&#8217;any nom\u00e9s ha fet m\u00e9s que comen\u00e7ar. I l&#8217;aventura ja est\u00e0 en marxa!<\/p>\n","protected":false},"excerpt":{"rendered":"<div class=\"mh-excerpt\">La primera expedici\u00f3 de l&#8217;any de Expedici\u00f3 Juvenil Cavanilles ha arrancat amb for\u00e7a a Millares, un municipi on la hist\u00f2ria, la naturalesa i la joventut es van donar la m\u00e0 per a donar principi a <a class=\"mh-excerpt-more\" href=\"https:\/\/www.tucomarca.com\/wordpress\/segunda\/ca\/la-joventut-inaugura-lany-amb-expedicio-cavanilles-explorant-el-passat-i-la-naturalesa-salvatge-de-millares\/\" title=\"La joventut inaugura l&#8217;any amb Expedici\u00f3 Cavanilles explorant el passat i la naturalesa salvatge de Millares\">[+] <\/a><\/div>\n","protected":false},"author":12,"featured_media":253469,"comment_status":"open","ping_status":"open","sticky":false,"template":"","format":"standard","meta":{"footnotes":""},"categories":[10948,10963,10894,10903,10970,11007,10896],"tags":[22837,11094,11186],"class_list":{"0":"post-291431","1":"post","2":"type-post","3":"status-publish","4":"format-standard","5":"has-post-thumbnail","7":"category-infraestructuras-ca","8":"category-la-canal-de-navarres-ca","9":"category-la-comarca-ca","10":"category-medio-ambiente-la-comarca-ca","11":"category-millares-ca","12":"category-ocio-y-cultura-ca","13":"category-seccion-ca","14":"tag-expedicio-juvenil-cavanilles-ca","15":"tag-la-canal-de-navarres","16":"tag-millares-ca"},"_links":{"self":[{"href":"https:\/\/www.tucomarca.com\/wordpress\/segunda\/ca\/wp-json\/wp\/v2\/posts\/291431","targetHints":{"allow":["GET"]}}],"collection":[{"href":"https:\/\/www.tucomarca.com\/wordpress\/segunda\/ca\/wp-json\/wp\/v2\/posts"}],"about":[{"href":"https:\/\/www.tucomarca.com\/wordpress\/segunda\/ca\/wp-json\/wp\/v2\/types\/post"}],"author":[{"embeddable":true,"href":"https:\/\/www.tucomarca.com\/wordpress\/segunda\/ca\/wp-json\/wp\/v2\/users\/12"}],"replies":[{"embeddable":true,"href":"https:\/\/www.tucomarca.com\/wordpress\/segunda\/ca\/wp-json\/wp\/v2\/comments?post=291431"}],"version-history":[{"count":0,"href":"https:\/\/www.tucomarca.com\/wordpress\/segunda\/ca\/wp-json\/wp\/v2\/posts\/291431\/revisions"}],"wp:featuredmedia":[{"embeddable":true,"href":"https:\/\/www.tucomarca.com\/wordpress\/segunda\/ca\/wp-json\/wp\/v2\/media\/253469"}],"wp:attachment":[{"href":"https:\/\/www.tucomarca.com\/wordpress\/segunda\/ca\/wp-json\/wp\/v2\/media?parent=291431"}],"wp:term":[{"taxonomy":"category","embeddable":true,"href":"https:\/\/www.tucomarca.com\/wordpress\/segunda\/ca\/wp-json\/wp\/v2\/categories?post=291431"},{"taxonomy":"post_tag","embeddable":true,"href":"https:\/\/www.tucomarca.com\/wordpress\/segunda\/ca\/wp-json\/wp\/v2\/tags?post=291431"}],"curies":[{"name":"wp","href":"https:\/\/api.w.org\/{rel}","templated":true}]}}