{"id":291481,"date":"2026-01-28T10:00:00","date_gmt":"2026-01-28T09:00:00","guid":{"rendered":"https:\/\/www.tucomarca.com\/wordpress\/segunda\/?p=291481"},"modified":"2026-01-28T21:26:26","modified_gmt":"2026-01-28T20:26:26","slug":"fotogaleria-amparo-i-lidia-son-exaltades-com-a-falleres-majors-de-lantiga-fontanella-de-turis","status":"publish","type":"post","link":"https:\/\/www.tucomarca.com\/wordpress\/segunda\/ca\/fotogaleria-amparo-i-lidia-son-exaltades-com-a-falleres-majors-de-lantiga-fontanella-de-turis\/","title":{"rendered":"Fotogaler\u00eda: Amparo i Lidia s\u00f3n exaltades com a Falleres Majors de L\u2019Antiga Fontanella de Tur\u00eds"},"content":{"rendered":"\n<p>El calendari faller de Tur\u00eds ha donat inici amb l\u2019exaltaci\u00f3 de les Falleres Majors de la comissi\u00f3 L\u2019Antiga Fontanella, un acte carregat d\u2019emoci\u00f3 que ha marcat l\u2019inici oficial de les presentacions falleres a la localitat.<\/p>\n\n\n\n<p>Amparo i Lidia es van convertir en les grans protagonistes d\u2019un intens cap de setmana festiu, arropades pels presidents de la comissi\u00f3, Hugo, Mero, Carlos i Paco, aix\u00ed com per familiars, amics i nombrosos fallers que no van voler perdre\u2019s una cita tan especial.<\/p>\n\n\n\n<p>El dissabte va tindre lloc l\u2019exaltaci\u00f3 d\u2019<strong>Amparo Genov\u00e9s<\/strong>, en un acte molt esperat tant per la comissi\u00f3 com per la protagonista, que va viure una nit plena d\u2019emocions i moments inoblidables. El diumenge va ser el torn de <strong>Lidia Soldado i Hugo Garc\u00eda<\/strong>, que tamb\u00e9 van ser exaltats en una jornada marcada per la il\u00b7lusi\u00f3, l\u2019emoci\u00f3 i l\u2019orgull de representar la seua falla.<\/p>\n\n\n\n<p>Com \u00e9s tradici\u00f3, durant els actes es va imposar a les Falleres Majors la ins\u00edgnia d\u2019or de l\u2019Ajuntament de Tur\u00eds i de la Junta Local Fallera, un reconeixement al seu paper com a m\u00e0ximes representants de la comissi\u00f3 durant l\u2019exercici faller.<\/p>\n\n\n\n<p>El cap de setmana es va completar amb una programaci\u00f3 cultural i festiva que va acompanyar les exaltacions. Com a colof\u00f3 de la jornada del dissabte, el p\u00fablic va poder gaudir de la representaci\u00f3 teatral <strong>\u00abY de repente, n\u00f3madas\u00bb<\/strong>, dirigida per Andrea i Ana Crespo Ribes. El diumenge, la proposta va estar especialment pensada per al p\u00fablic infantil amb l\u2019espectacle <strong>\u00abMagia Payashow\u00bb<\/strong>, que va posar el fermall final a un inici de presentacions falleres intens i molt emotiu a Tur\u00eds.<\/p>\n\n\n\n<p>Amb estes exaltacions, la comissi\u00f3 L\u2019Antiga Fontanella inicia un nou exercici faller ple d\u2019il\u00b7lusi\u00f3, treball i sentiment. Des d\u2019ac\u00ed, enhorabona a Amparo, Lidia i Hugo, i els millors desitjos perqu\u00e8 visquen unes Falles inoblidables.<\/p>\n\n\n\n<figure class=\"wp-block-gallery has-nested-images columns-2 is-cropped wp-block-gallery-1 is-layout-flex wp-block-gallery-is-layout-flex\">\n<figure class=\"wp-block-image size-large\"><img loading=\"lazy\" decoding=\"async\" width=\"1024\" height=\"768\" data-id=\"291456\" src=\"https:\/\/www.tucomarca.com\/wordpress\/segunda\/wp-content\/uploads\/2026\/01\/AntigaPresent01-1024x768.jpg\" alt=\"\" class=\"wp-image-291456\" srcset=\"https:\/\/www.tucomarca.com\/wordpress\/segunda\/wp-content\/uploads\/2026\/01\/AntigaPresent01-1024x768.jpg 1024w, https:\/\/www.tucomarca.com\/wordpress\/segunda\/wp-content\/uploads\/2026\/01\/AntigaPresent01-300x225.jpg 300w, https:\/\/www.tucomarca.com\/wordpress\/segunda\/wp-content\/uploads\/2026\/01\/AntigaPresent01-768x576.jpg 768w, https:\/\/www.tucomarca.com\/wordpress\/segunda\/wp-content\/uploads\/2026\/01\/AntigaPresent01-1536x1152.jpg 1536w, https:\/\/www.tucomarca.com\/wordpress\/segunda\/wp-content\/uploads\/2026\/01\/AntigaPresent01-678x509.jpg 678w, https:\/\/www.tucomarca.com\/wordpress\/segunda\/wp-content\/uploads\/2026\/01\/AntigaPresent01-326x245.jpg 326w, https:\/\/www.tucomarca.com\/wordpress\/segunda\/wp-content\/uploads\/2026\/01\/AntigaPresent01-80x60.jpg 80w, https:\/\/www.tucomarca.com\/wordpress\/segunda\/wp-content\/uploads\/2026\/01\/AntigaPresent01.jpg 1600w\" sizes=\"auto, (max-width: 1024px) 100vw, 1024px\" \/><\/figure>\n\n\n\n<figure class=\"wp-block-image size-large\"><img loading=\"lazy\" decoding=\"async\" width=\"1024\" height=\"768\" data-id=\"291462\" src=\"https:\/\/www.tucomarca.com\/wordpress\/segunda\/wp-content\/uploads\/2026\/01\/AntigaPresent04-1024x768.jpg\" alt=\"\" class=\"wp-image-291462\" srcset=\"https:\/\/www.tucomarca.com\/wordpress\/segunda\/wp-content\/uploads\/2026\/01\/AntigaPresent04-1024x768.jpg 1024w, https:\/\/www.tucomarca.com\/wordpress\/segunda\/wp-content\/uploads\/2026\/01\/AntigaPresent04-300x225.jpg 300w, https:\/\/www.tucomarca.com\/wordpress\/segunda\/wp-content\/uploads\/2026\/01\/AntigaPresent04-768x576.jpg 768w, https:\/\/www.tucomarca.com\/wordpress\/segunda\/wp-content\/uploads\/2026\/01\/AntigaPresent04-1536x1152.jpg 1536w, https:\/\/www.tucomarca.com\/wordpress\/segunda\/wp-content\/uploads\/2026\/01\/AntigaPresent04-678x509.jpg 678w, https:\/\/www.tucomarca.com\/wordpress\/segunda\/wp-content\/uploads\/2026\/01\/AntigaPresent04-326x245.jpg 326w, https:\/\/www.tucomarca.com\/wordpress\/segunda\/wp-content\/uploads\/2026\/01\/AntigaPresent04-80x60.jpg 80w, https:\/\/www.tucomarca.com\/wordpress\/segunda\/wp-content\/uploads\/2026\/01\/AntigaPresent04.jpg 1600w\" sizes=\"auto, (max-width: 1024px) 100vw, 1024px\" \/><\/figure>\n\n\n\n<figure class=\"wp-block-image size-large\"><img loading=\"lazy\" decoding=\"async\" width=\"1024\" height=\"664\" data-id=\"291458\" src=\"https:\/\/www.tucomarca.com\/wordpress\/segunda\/wp-content\/uploads\/2026\/01\/AntigaPresent02-1024x664.jpg\" alt=\"\" class=\"wp-image-291458\" srcset=\"https:\/\/www.tucomarca.com\/wordpress\/segunda\/wp-content\/uploads\/2026\/01\/AntigaPresent02-1024x664.jpg 1024w, https:\/\/www.tucomarca.com\/wordpress\/segunda\/wp-content\/uploads\/2026\/01\/AntigaPresent02-300x195.jpg 300w, https:\/\/www.tucomarca.com\/wordpress\/segunda\/wp-content\/uploads\/2026\/01\/AntigaPresent02-768x498.jpg 768w, https:\/\/www.tucomarca.com\/wordpress\/segunda\/wp-content\/uploads\/2026\/01\/AntigaPresent02-1536x996.jpg 1536w, https:\/\/www.tucomarca.com\/wordpress\/segunda\/wp-content\/uploads\/2026\/01\/AntigaPresent02.jpg 1867w\" sizes=\"auto, (max-width: 1024px) 100vw, 1024px\" \/><\/figure>\n\n\n\n<figure class=\"wp-block-image size-large\"><img loading=\"lazy\" decoding=\"async\" width=\"1024\" height=\"771\" data-id=\"291460\" src=\"https:\/\/www.tucomarca.com\/wordpress\/segunda\/wp-content\/uploads\/2026\/01\/AntigaPresent03-1024x771.jpg\" alt=\"\" class=\"wp-image-291460\" srcset=\"https:\/\/www.tucomarca.com\/wordpress\/segunda\/wp-content\/uploads\/2026\/01\/AntigaPresent03-1024x771.jpg 1024w, https:\/\/www.tucomarca.com\/wordpress\/segunda\/wp-content\/uploads\/2026\/01\/AntigaPresent03-300x226.jpg 300w, https:\/\/www.tucomarca.com\/wordpress\/segunda\/wp-content\/uploads\/2026\/01\/AntigaPresent03-768x578.jpg 768w, https:\/\/www.tucomarca.com\/wordpress\/segunda\/wp-content\/uploads\/2026\/01\/AntigaPresent03-1536x1157.jpg 1536w, https:\/\/www.tucomarca.com\/wordpress\/segunda\/wp-content\/uploads\/2026\/01\/AntigaPresent03-678x509.jpg 678w, https:\/\/www.tucomarca.com\/wordpress\/segunda\/wp-content\/uploads\/2026\/01\/AntigaPresent03-326x245.jpg 326w, https:\/\/www.tucomarca.com\/wordpress\/segunda\/wp-content\/uploads\/2026\/01\/AntigaPresent03-80x60.jpg 80w, https:\/\/www.tucomarca.com\/wordpress\/segunda\/wp-content\/uploads\/2026\/01\/AntigaPresent03.jpg 2040w\" sizes=\"auto, (max-width: 1024px) 100vw, 1024px\" \/><\/figure>\n<\/figure>\n","protected":false},"excerpt":{"rendered":"<div class=\"mh-excerpt\">El calendari faller de Tur\u00eds ha donat inici amb l\u2019exaltaci\u00f3 de les Falleres Majors de la comissi\u00f3 L\u2019Antiga Fontanella, un acte carregat d\u2019emoci\u00f3 que ha marcat l\u2019inici oficial de les presentacions falleres a la localitat. <a class=\"mh-excerpt-more\" href=\"https:\/\/www.tucomarca.com\/wordpress\/segunda\/ca\/fotogaleria-amparo-i-lidia-son-exaltades-com-a-falleres-majors-de-lantiga-fontanella-de-turis\/\" title=\"Fotogaler\u00eda: Amparo i Lidia s\u00f3n exaltades com a Falleres Majors de L\u2019Antiga Fontanella de Tur\u00eds\">[+] <\/a><\/div>\n","protected":false},"author":12,"featured_media":291475,"comment_status":"open","ping_status":"open","sticky":false,"template":"","format":"gallery","meta":{"footnotes":""},"categories":[10894,10902,11004,11007,11008,10896,11047],"tags":[14840,23199,11356,11093],"class_list":{"0":"post-291481","1":"post","2":"type-post","3":"status-publish","4":"format-gallery","5":"has-post-thumbnail","7":"category-la-comarca-ca","8":"category-la-ribera-ca","9":"category-la-semana-en-imagenes-ca","10":"category-ocio-y-cultura-ca","11":"category-pueblos-en-fiestas-ca","12":"category-seccion-ca","13":"category-turis-ca","14":"tag-falla-lantiga-fontanella-ca","15":"tag-fallas-2026-ca","16":"tag-ribera-alta-ca","17":"tag-turis-ca","18":"post_format-post-format-gallery"},"_links":{"self":[{"href":"https:\/\/www.tucomarca.com\/wordpress\/segunda\/ca\/wp-json\/wp\/v2\/posts\/291481","targetHints":{"allow":["GET"]}}],"collection":[{"href":"https:\/\/www.tucomarca.com\/wordpress\/segunda\/ca\/wp-json\/wp\/v2\/posts"}],"about":[{"href":"https:\/\/www.tucomarca.com\/wordpress\/segunda\/ca\/wp-json\/wp\/v2\/types\/post"}],"author":[{"embeddable":true,"href":"https:\/\/www.tucomarca.com\/wordpress\/segunda\/ca\/wp-json\/wp\/v2\/users\/12"}],"replies":[{"embeddable":true,"href":"https:\/\/www.tucomarca.com\/wordpress\/segunda\/ca\/wp-json\/wp\/v2\/comments?post=291481"}],"version-history":[{"count":0,"href":"https:\/\/www.tucomarca.com\/wordpress\/segunda\/ca\/wp-json\/wp\/v2\/posts\/291481\/revisions"}],"wp:featuredmedia":[{"embeddable":true,"href":"https:\/\/www.tucomarca.com\/wordpress\/segunda\/ca\/wp-json\/wp\/v2\/media\/291475"}],"wp:attachment":[{"href":"https:\/\/www.tucomarca.com\/wordpress\/segunda\/ca\/wp-json\/wp\/v2\/media?parent=291481"}],"wp:term":[{"taxonomy":"category","embeddable":true,"href":"https:\/\/www.tucomarca.com\/wordpress\/segunda\/ca\/wp-json\/wp\/v2\/categories?post=291481"},{"taxonomy":"post_tag","embeddable":true,"href":"https:\/\/www.tucomarca.com\/wordpress\/segunda\/ca\/wp-json\/wp\/v2\/tags?post=291481"}],"curies":[{"name":"wp","href":"https:\/\/api.w.org\/{rel}","templated":true}]}}