{"id":291498,"date":"2026-01-28T11:50:00","date_gmt":"2026-01-28T10:50:00","guid":{"rendered":"https:\/\/www.tucomarca.com\/wordpress\/segunda\/?p=291498"},"modified":"2026-01-28T20:03:39","modified_gmt":"2026-01-28T19:03:39","slug":"la-diputacio-de-valencia-aprova-un-protocol-dactuacio-intern-en-cas-demergencies-climatiques","status":"publish","type":"post","link":"https:\/\/www.tucomarca.com\/wordpress\/segunda\/ca\/la-diputacio-de-valencia-aprova-un-protocol-dactuacio-intern-en-cas-demergencies-climatiques\/","title":{"rendered":"La Diputaci\u00f3 de Val\u00e8ncia aprova un protocol d&#8217;actuaci\u00f3 intern en cas d&#8217;emerg\u00e8ncies clim\u00e0tiques"},"content":{"rendered":"\n<h3 class=\"wp-block-heading\">Mazzolari: \u201cEstablim mesures sobre la presencialitat del treball si es decreta un nivell d&#8217;alerta per a evitar riscos als treballadors\u201d.<\/h3>\n\n\n\n<p>La Diputaci\u00f3 de Val\u00e8ncia ha aprovat en el ple ordinari de gener celebrat este dimecres un protocol d&#8217;actuaci\u00f3 intern en cas d&#8217;emerg\u00e8ncies clim\u00e0tiques per a delimitar les actuacions a seguir en cas que les autoritats competents decreten un estat d&#8217;alerta per qualsevol fenomen. \u201cEs tracta d&#8217;especificar les mesures sobre la presencialitat del treball durant les alertes groga, taronja i roja per a evitar qualsevol risc per als treballadors de la corporaci\u00f3 provincial\u201d, ha explicat la vicepresidenta segona i responsable de Personal, Reme Mazzolari.<\/p>\n\n\n\n<p>En cas d&#8217;alerta groga, el personal haur\u00e0 de mantindre&#8217;s atent a la informaci\u00f3 que emeten els \u00f2rgans competents, mentres que si el nivell d&#8217;alerta \u00e9s taronja els centres de treball estaran oberts i no s&#8217;eximir\u00e0 de l&#8217;assist\u00e8ncia al treball, atenent en tot cas les recomanacions, avisos i alertes que \u00e9s el seu cas puguen donar les autoritats competents. En atenci\u00f3 a les circumst\u00e0ncies existents en cada cas, es podr\u00e0 acordar un possible avan\u00e7ament de l&#8217;horari d&#8217;eixida del personal, fins i tot podent-se determinar el tancament preventiu del o dels centres de treball. El personal que ho tinguera autoritzat haur\u00e0 de disposar dels mitjans que li permeten teletreballar.<\/p>\n\n\n\n<p>En cas d&#8217;alerta roja, s&#8217;actuar\u00e0 seguint les instruccions i recomanacions de les autoritats competents en mat\u00e8ria d&#8217;emerg\u00e8ncies i protecci\u00f3 civil i s&#8217;aplicaran diferents mesures en funci\u00f3 si l&#8217;alerta \u00e9s en tota la prov\u00edncia o en part i si l&#8217;alerta est\u00e0 decretada abans o durant la jornada laboral. Per exemple, si \u00e9s abans i en tota la prov\u00edncia, els centres administratius i resta de depend\u00e8ncies de la Diputaci\u00f3 de Val\u00e8ncia es mantindran tancades i per tant no hi haur\u00e0 obligaci\u00f3 d&#8217;assist\u00e8ncia al lloc de treball, excepte tots aquells declarats com a servicis essencials. Si \u00e9s abans, per\u00f2 en part de la prov\u00edncia, els centres afectats per l&#8217;alerta es mantindran tancats i la resta oberts. S&#8217;eximix d&#8217;assist\u00e8ncia a estos centres als treballadors el domicili dels quals estiga situat en zona d&#8217;alerta roja i\/o en el seu despla\u00e7ament travessen a zona d&#8217;alerta roja.<\/p>\n\n\n\n<p>Per a Mazzolari, \u201cla Diputaci\u00f3 tracta de respondre als episodis d&#8217;emerg\u00e8ncia clim\u00e0tica, que cada vegada s\u00f3n m\u00e9s freq\u00fcents, amb la major concreci\u00f3 possible perqu\u00e8 siguen eficients i posant per davant la seguretat dels treballadors i treballadores\u201d.<\/p>\n\n\n\n<p><strong>Mocions aprovades<\/strong><\/p>\n\n\n\n<p>D&#8217;una banda, s&#8217;aprovat una moci\u00f3 de suport al sector citr\u00edcola valenci\u00e0 presentada per Vox, amb el suport de PP i Ens Uneix i l&#8217;abstenci\u00f3 de PSPV i Comprom\u00eds. Concretament, s&#8217;insta al Consell i al Govern d&#8217;Espanya a defendre i demanar a Brussel\u00b7les diferents mesures de protecci\u00f3 com poden ser la imposici\u00f3 d&#8217;un aranzel superior a l&#8217;existent a les mandarines i altres xicotets c\u00edtrics importats per la Uni\u00f3 Europea des de tercers pa\u00efsos.<\/p>\n\n\n\n<p>D&#8217;altra banda, i amb el mateix sentit de vot, s&#8217;ha donat el vistiplau a una altra iniciativa de Vox per a la conservaci\u00f3, la protecci\u00f3 i posada en valor dels retaules cer\u00e0mics com a elements del patrimoni cultural valenci\u00e0. Entre altres, s&#8217;acorda desenvolupar actuacions amb dotaci\u00f3 econ\u00f2mica suficient.<\/p>\n\n\n\n<p>La sessi\u00f3 plen\u00e0ria de gener ha comen\u00e7at amb minut silencie per \u00c1lex, el xiquet de Sueca assassinat el passat cap de setmana. \u201cDavant fets com este les institucions ens hem de detindre per a expressar el nostre respecte i per a per a reafirmar la nostra implicaci\u00f3 amb els valors que ens definixen: la dignitat de la vida humana i la protecci\u00f3 dels m\u00e9s vulnerables\u201d, ha destacat el president de la*Diputaci\u00f3 de Val\u00e8ncia, Vicent Momp\u00f3, qui tamb\u00e9 ha expressat el condol per a les fam\u00edlies de les v\u00edctimes de l&#8217;accident d\u2019Adamuz en nom de la instituci\u00f3.<\/p>\n","protected":false},"excerpt":{"rendered":"<div class=\"mh-excerpt\">Mazzolari: \u201cEstablim mesures sobre la presencialitat del treball si es decreta un nivell d&#8217;alerta per a evitar riscos als treballadors\u201d. La Diputaci\u00f3 de Val\u00e8ncia ha aprovat en el ple ordinari de gener celebrat este dimecres <a class=\"mh-excerpt-more\" href=\"https:\/\/www.tucomarca.com\/wordpress\/segunda\/ca\/la-diputacio-de-valencia-aprova-un-protocol-dactuacio-intern-en-cas-demergencies-climatiques\/\" title=\"La Diputaci\u00f3 de Val\u00e8ncia aprova un protocol d&#8217;actuaci\u00f3 intern en cas d&#8217;emerg\u00e8ncies clim\u00e0tiques\">[+] <\/a><\/div>\n","protected":false},"author":13,"featured_media":291495,"comment_status":"open","ping_status":"open","sticky":false,"template":"","format":"standard","meta":{"footnotes":""},"categories":[10898,10948,10894,10904,10903,10947,10896,10897],"tags":[11246,23820,11199],"class_list":{"0":"post-291498","1":"post","2":"type-post","3":"status-publish","4":"format-standard","5":"has-post-thumbnail","7":"category-ventana-ca","8":"category-infraestructuras-ca","9":"category-la-comarca-ca","10":"category-sin-categorizar-ca","11":"category-medio-ambiente-la-comarca-ca","12":"category-politica","13":"category-seccion-ca","14":"category-sucesos-la-comarca-ca","15":"tag-diputacio-de-valencia-ca","16":"tag-emergencias-climaticas-ca","17":"tag-la-comunitat-ca"},"_links":{"self":[{"href":"https:\/\/www.tucomarca.com\/wordpress\/segunda\/ca\/wp-json\/wp\/v2\/posts\/291498","targetHints":{"allow":["GET"]}}],"collection":[{"href":"https:\/\/www.tucomarca.com\/wordpress\/segunda\/ca\/wp-json\/wp\/v2\/posts"}],"about":[{"href":"https:\/\/www.tucomarca.com\/wordpress\/segunda\/ca\/wp-json\/wp\/v2\/types\/post"}],"author":[{"embeddable":true,"href":"https:\/\/www.tucomarca.com\/wordpress\/segunda\/ca\/wp-json\/wp\/v2\/users\/13"}],"replies":[{"embeddable":true,"href":"https:\/\/www.tucomarca.com\/wordpress\/segunda\/ca\/wp-json\/wp\/v2\/comments?post=291498"}],"version-history":[{"count":0,"href":"https:\/\/www.tucomarca.com\/wordpress\/segunda\/ca\/wp-json\/wp\/v2\/posts\/291498\/revisions"}],"wp:featuredmedia":[{"embeddable":true,"href":"https:\/\/www.tucomarca.com\/wordpress\/segunda\/ca\/wp-json\/wp\/v2\/media\/291495"}],"wp:attachment":[{"href":"https:\/\/www.tucomarca.com\/wordpress\/segunda\/ca\/wp-json\/wp\/v2\/media?parent=291498"}],"wp:term":[{"taxonomy":"category","embeddable":true,"href":"https:\/\/www.tucomarca.com\/wordpress\/segunda\/ca\/wp-json\/wp\/v2\/categories?post=291498"},{"taxonomy":"post_tag","embeddable":true,"href":"https:\/\/www.tucomarca.com\/wordpress\/segunda\/ca\/wp-json\/wp\/v2\/tags?post=291498"}],"curies":[{"name":"wp","href":"https:\/\/api.w.org\/{rel}","templated":true}]}}