{"id":291530,"date":"2026-01-29T12:00:00","date_gmt":"2026-01-29T11:00:00","guid":{"rendered":"https:\/\/www.tucomarca.com\/wordpress\/segunda\/?p=291530"},"modified":"2026-01-29T13:34:20","modified_gmt":"2026-01-29T12:34:20","slug":"la-generalitat-desplega-el-dispositiu-de-servicis-viaris-hivernals-amb-actuacions-en-linterior-de-la-provincia-de-valencia","status":"publish","type":"post","link":"https:\/\/www.tucomarca.com\/wordpress\/segunda\/ca\/la-generalitat-desplega-el-dispositiu-de-servicis-viaris-hivernals-amb-actuacions-en-linterior-de-la-provincia-de-valencia\/","title":{"rendered":"La Generalitat desplega el dispositiu de servicis viaris hivernals amb actuacions en l\u2019interior de la prov\u00edncia de Val\u00e8ncia"},"content":{"rendered":"\n<h3 class=\"wp-block-heading\">Des de finals de 2025 estan preparades les diferents unitats que ja havien actuat en\u00a0la prov\u00edncia de Castell\u00f3.<\/h3>\n\n\n\n<h3 class=\"wp-block-heading\">Els efectius han comen\u00e7at a fer treballs en la CV-35 a l\u2019altura de Titaguas i Aras de los Olmos, aix\u00ed com en la CV-355.<\/h3>\n\n\n\n<p>La Direcci\u00f3 General d\u2019Infraestructures Terrestres de la Vicepresid\u00e8ncia Tercera i Conselleria de Medi Ambient, Infraestructures, Territori i de la Recuperaci\u00f3 ha desplegat el dispositiu de serveis viaris hivernals en l\u2019interior de la prov\u00edncia de Val\u00e8ncia, davant les \u00faltimes nevades registrades.<\/p>\n\n\n\n<p>El dispositiu va ser activat a finals de 2025 i es va desplegar en la prov\u00edncia de Castell\u00f3, si b\u00e9 encara no s\u2019havia arribat a desplegar en la de Val\u00e8ncia. El dispositiu t\u00e9 com a objectiu fer front a les nevades per a garantir la mobilitat en les carreteres de la xarxa auton\u00f2mica i actuar amb mesures preventives, mitjan\u00e7ant l\u2019escampada de sal i salmorra en diferents vies. En l\u2019interior de la prov\u00edncia de Val\u00e8ncia s\u2019est\u00e0 treballant en este sentit durant este dimecres.<\/p>\n\n\n\n<figure class=\"wp-block-image size-large\"><img loading=\"lazy\" decoding=\"async\" width=\"1024\" height=\"691\" src=\"http:\/\/www.tucomarca.com\/wordpress\/segunda\/wp-content\/uploads\/2026\/01\/Dispositivo_nevadasGVA3-1024x691.jpg\" alt=\"\" class=\"wp-image-291527\" srcset=\"https:\/\/www.tucomarca.com\/wordpress\/segunda\/wp-content\/uploads\/2026\/01\/Dispositivo_nevadasGVA3-1024x691.jpg 1024w, https:\/\/www.tucomarca.com\/wordpress\/segunda\/wp-content\/uploads\/2026\/01\/Dispositivo_nevadasGVA3-300x202.jpg 300w, https:\/\/www.tucomarca.com\/wordpress\/segunda\/wp-content\/uploads\/2026\/01\/Dispositivo_nevadasGVA3-768x518.jpg 768w, https:\/\/www.tucomarca.com\/wordpress\/segunda\/wp-content\/uploads\/2026\/01\/Dispositivo_nevadasGVA3.jpg 1181w\" sizes=\"auto, (max-width: 1024px) 100vw, 1024px\" \/><\/figure>\n\n\n\n<p>Aix\u00ed, els recursos humans i materials han comen\u00e7at a actuar en trams de la CV-35, a l\u2019altura de Titaguas i Aras de los Olmos, aix\u00ed com en la CV-355, amb actuacions preventives per a evitar l\u2019acumulaci\u00f3 de neu i la formaci\u00f3 de plaques de gel.<\/p>\n\n\n\n<p>A m\u00e9s, la Generalitat, en col\u00b7laboraci\u00f3 amb les empreses encarregades de la conservaci\u00f3 vi\u00e0ria, compta amb m\u00e0quines llevaneu equipades amb escampadores i fresadores, preparades per a intervindre en el cas que siga necessari en diferents punts les prov\u00edncies de Castell\u00f3, Alacant i Val\u00e8ncia.<\/p>\n\n\n\n<p>La Vicepresid\u00e8ncia Tercera mant\u00e9 un seguiment continu de la situaci\u00f3 meteorol\u00f2gica i de l\u2019evoluci\u00f3 de l\u2019estat de les carreteres, amb l\u2019objectiu d\u2019actuar de manera coordinada i anticipada per a garantir la seguretat vi\u00e0ria i minimitzar les afeccions al tr\u00e0nsit en la xarxa auton\u00f2mica.<\/p>\n","protected":false},"excerpt":{"rendered":"<div class=\"mh-excerpt\">Des de finals de 2025 estan preparades les diferents unitats que ja havien actuat en\u00a0la prov\u00edncia de Castell\u00f3. Els efectius han comen\u00e7at a fer treballs en la CV-35 a l\u2019altura de Titaguas i Aras de <a class=\"mh-excerpt-more\" href=\"https:\/\/www.tucomarca.com\/wordpress\/segunda\/ca\/la-generalitat-desplega-el-dispositiu-de-servicis-viaris-hivernals-amb-actuacions-en-linterior-de-la-provincia-de-valencia\/\" title=\"La Generalitat desplega el dispositiu de servicis viaris hivernals amb actuacions en l\u2019interior de la prov\u00edncia de Val\u00e8ncia\">[+] <\/a><\/div>\n","protected":false},"author":12,"featured_media":291526,"comment_status":"open","ping_status":"open","sticky":false,"template":"","format":"standard","meta":{"footnotes":""},"categories":[11042,11046,10898,10948,10894,10904,10903,10947,10896,10897,11027],"tags":[14714,23826,11498,11080,12925],"class_list":{"0":"post-291530","1":"post","2":"type-post","3":"status-publish","4":"format-standard","5":"has-post-thumbnail","7":"category-aras-de-olmos-ca","8":"category-los-serranos-ca","9":"category-ventana-ca","10":"category-infraestructuras-ca","11":"category-la-comarca-ca","12":"category-sin-categorizar-ca","13":"category-medio-ambiente-la-comarca-ca","14":"category-politica","15":"category-seccion-ca","16":"category-sucesos-la-comarca-ca","17":"category-titaguas-ca","18":"tag-aras-de-los-olmos-ca","19":"tag-dispositivo-de-vialidad-invernal-ca","20":"tag-generalitat-valenciana-ca","21":"tag-los-serranos-ca","22":"tag-titaguas-ca"},"_links":{"self":[{"href":"https:\/\/www.tucomarca.com\/wordpress\/segunda\/ca\/wp-json\/wp\/v2\/posts\/291530","targetHints":{"allow":["GET"]}}],"collection":[{"href":"https:\/\/www.tucomarca.com\/wordpress\/segunda\/ca\/wp-json\/wp\/v2\/posts"}],"about":[{"href":"https:\/\/www.tucomarca.com\/wordpress\/segunda\/ca\/wp-json\/wp\/v2\/types\/post"}],"author":[{"embeddable":true,"href":"https:\/\/www.tucomarca.com\/wordpress\/segunda\/ca\/wp-json\/wp\/v2\/users\/12"}],"replies":[{"embeddable":true,"href":"https:\/\/www.tucomarca.com\/wordpress\/segunda\/ca\/wp-json\/wp\/v2\/comments?post=291530"}],"version-history":[{"count":0,"href":"https:\/\/www.tucomarca.com\/wordpress\/segunda\/ca\/wp-json\/wp\/v2\/posts\/291530\/revisions"}],"wp:featuredmedia":[{"embeddable":true,"href":"https:\/\/www.tucomarca.com\/wordpress\/segunda\/ca\/wp-json\/wp\/v2\/media\/291526"}],"wp:attachment":[{"href":"https:\/\/www.tucomarca.com\/wordpress\/segunda\/ca\/wp-json\/wp\/v2\/media?parent=291530"}],"wp:term":[{"taxonomy":"category","embeddable":true,"href":"https:\/\/www.tucomarca.com\/wordpress\/segunda\/ca\/wp-json\/wp\/v2\/categories?post=291530"},{"taxonomy":"post_tag","embeddable":true,"href":"https:\/\/www.tucomarca.com\/wordpress\/segunda\/ca\/wp-json\/wp\/v2\/tags?post=291530"}],"curies":[{"name":"wp","href":"https:\/\/api.w.org\/{rel}","templated":true}]}}