{"id":291545,"date":"2026-01-29T09:00:00","date_gmt":"2026-01-29T08:00:00","guid":{"rendered":"https:\/\/www.tucomarca.com\/wordpress\/segunda\/?p=291545"},"modified":"2026-01-29T19:10:10","modified_gmt":"2026-01-29T18:10:10","slug":"falles-musica-teatre-i-activitats-per-a-tots-els-publics-en-lagenda-cultura-bunyol-actua-per-a-febrer","status":"publish","type":"post","link":"https:\/\/www.tucomarca.com\/wordpress\/segunda\/ca\/falles-musica-teatre-i-activitats-per-a-tots-els-publics-en-lagenda-cultura-bunyol-actua-per-a-febrer\/","title":{"rendered":"Falles, m\u00fasica, teatre i activitats per a tots els p\u00fablics en l&#8217;agenda cultura &#8216;Bunyol Actua&#8217; per a febrer"},"content":{"rendered":"\n<p>Bu\u00f1ol enceta el mes de febrer de 2026 amb una intensa i variada programaci\u00f3 cultural sota el lema <strong>\u201cBu\u00f1ol Act\u00faa\u201d<\/strong>, que reunir\u00e0 durant les pr\u00f2ximes setmanes actes fallers, concerts, teatre, propostes liter\u00e0ries i activitats educatives adre\u00e7ades a p\u00fablics de totes les edats.<\/p>\n\n\n\n<p>El calendari festiu tindr\u00e0 un protagonisme especial amb les <strong>presentacions falleres<\/strong>, que se celebraran tots els dissabtes a les 18.30 hores al Teatro Montecarlo. La Falla Nuevo Bu\u00f1ol obrir\u00e0 el cicle el dissabte 31 de gener, seguida de la Falla Reyes Cat\u00f3licos (7 de febrer), Falla El Prado (14 de febrer), Falla Bu\u00f1ol Pueblo (21 de febrer) i Falla Venta (28 de febrer), marcant l\u2019inici de l\u2019ambient previ a les Falles al municipi.<\/p>\n\n\n\n<p>La <strong>m\u00fasica<\/strong> tamb\u00e9 ocupar\u00e0 un lloc destacat en la programaci\u00f3. El dissabte 7 de febrer, el Palacio de la M\u00fasica acollir\u00e0 el concert de presentaci\u00f3 del CD <em>\u201cSolerianeta\u201d<\/em>, amb m\u00fasica original per a trompeta i percussi\u00f3 de compositors valencians, interpretada per Antonio Cambres i Rafael Ferr\u00fas, sota l\u2019organitzaci\u00f3 del C.I.M. La Arm\u00f3nica. El dissabte 21 de febrer ser\u00e0 el torn de la Big Band de La Art\u00edstica, que actuar\u00e0 al Sal\u00f3n de Ensayos Enrique Garc\u00eda Asensio-Rosales. L\u2019agenda musical culminar\u00e0 el diumenge 1 de mar\u00e7 amb el Concert d\u2019Hivern de la Banda Simf\u00f2nica del C.I.M. La Arm\u00f3nica, novament al Palacio de la M\u00fasica.<\/p>\n\n\n\n<p>La <strong>Biblioteca P\u00fablica Municipal<\/strong> oferir\u00e0 diverses propostes culturals a la Sala Rafael Raga. El divendres 6 de febrer tindr\u00e0 lloc la presentaci\u00f3 del llibre <em>\u201cLa nada transverberada\u201d<\/em>, a c\u00e0rrec del seu autor Luis Garc\u00eda Trapiello, amb la participaci\u00f3 de l\u2019escriptora Emi Zan\u00f3n i acompanyament musical. Tamb\u00e9 se celebraran tallers infantils de foment de la lectura dins del cicle <em>\u201cUna vida llena de cuentos\u201d<\/em>, adre\u00e7ats a xiquets i xiquetes d\u2019entre 4 i 12 anys, els dies 13 i 27 de febrer. A m\u00e9s, el dijous 26 de mar\u00e7 es reunir\u00e0 el Club de Lectura amb l\u2019obra <em>\u201cEl cuarto de la plancha\u201d<\/em> d\u2019Inma Chac\u00f3n.<\/p>\n\n\n\n<p>Entre les <strong>activitats destacades<\/strong>, el divendres 13 de febrer se celebrar\u00e0 la desfilada del Carnaval escolar de l\u2019Escola Infantil de Bu\u00f1ol, amb eixida des de la Plaza de las Ventas i animaci\u00f3 musical. El divendres 20 de febrer s\u2019inaugurar\u00e0 l\u2019exposici\u00f3 <em>\u201cMiguel Sierra, fotograf\u00edas de Bu\u00f1ol\u201d<\/em>, acompanyada d\u2019un recital literari, que podr\u00e0 visitar-se fins al 27 de mar\u00e7. El mes es tancar\u00e0 amb la celebraci\u00f3 del Dia de l\u2019Arbre, el divendres 27 de febrer, adre\u00e7ada a l\u2019alumnat dels centres educatius del municipi.<\/p>\n\n\n\n<p>El <strong>teatre<\/strong> tamb\u00e9 tindr\u00e0 el seu espai amb propostes per a p\u00fablic infantil i adult. El dimecres 11 de febrer, amb motiu del Dia Internacional de la Dona i la Xiqueta en la Ci\u00e8ncia, la companyia Sala Negra representar\u00e0 l\u2019espectacle infantil <em>\u201cCiencia Club Clown\u201d<\/em> al Teatro Montecarlo, adre\u00e7at a l\u2019alumnat de Prim\u00e0ria. D\u2019altra banda, el divendres 27 de febrer, la Sala Tomatina acollir\u00e0 l\u2019obra <em>\u201cObjetuario\u201d<\/em> d\u2019Ana Ulloa, una experi\u00e8ncia teatral immersiva amb tres sessions i aforament limitat.<\/p>\n\n\n\n<p>Amb aquesta \u00e0mplia programaci\u00f3, l\u2019Ajuntament de Bu\u00f1ol, a trav\u00e9s de les seues diferents regidories i entitats culturals, aposta per una oferta diversa i de qualitat que refor\u00e7a la vida cultural del municipi i converteix el mes de febrer en una cita imprescindible per a ve\u00efns i visitants.<\/p>\n\n\n\n<figure class=\"wp-block-gallery has-nested-images columns-2 is-cropped wp-block-gallery-1 is-layout-flex wp-block-gallery-is-layout-flex\">\n<figure class=\"wp-block-image size-large\"><img loading=\"lazy\" decoding=\"async\" width=\"724\" height=\"1024\" data-id=\"291532\" src=\"https:\/\/www.tucomarca.com\/wordpress\/segunda\/wp-content\/uploads\/2026\/01\/01-724x1024.jpg\" alt=\"\" class=\"wp-image-291532\" srcset=\"https:\/\/www.tucomarca.com\/wordpress\/segunda\/wp-content\/uploads\/2026\/01\/01-724x1024.jpg 724w, https:\/\/www.tucomarca.com\/wordpress\/segunda\/wp-content\/uploads\/2026\/01\/01-212x300.jpg 212w, https:\/\/www.tucomarca.com\/wordpress\/segunda\/wp-content\/uploads\/2026\/01\/01-768x1086.jpg 768w, https:\/\/www.tucomarca.com\/wordpress\/segunda\/wp-content\/uploads\/2026\/01\/01.jpg 886w\" sizes=\"auto, (max-width: 724px) 100vw, 724px\" \/><\/figure>\n\n\n\n<figure class=\"wp-block-image size-large\"><img loading=\"lazy\" decoding=\"async\" width=\"724\" height=\"1024\" data-id=\"291540\" src=\"https:\/\/www.tucomarca.com\/wordpress\/segunda\/wp-content\/uploads\/2026\/01\/05-724x1024.jpg\" alt=\"\" class=\"wp-image-291540\" srcset=\"https:\/\/www.tucomarca.com\/wordpress\/segunda\/wp-content\/uploads\/2026\/01\/05-724x1024.jpg 724w, https:\/\/www.tucomarca.com\/wordpress\/segunda\/wp-content\/uploads\/2026\/01\/05-212x300.jpg 212w, https:\/\/www.tucomarca.com\/wordpress\/segunda\/wp-content\/uploads\/2026\/01\/05-768x1086.jpg 768w, https:\/\/www.tucomarca.com\/wordpress\/segunda\/wp-content\/uploads\/2026\/01\/05.jpg 886w\" sizes=\"auto, (max-width: 724px) 100vw, 724px\" \/><\/figure>\n\n\n\n<figure class=\"wp-block-image size-large\"><img loading=\"lazy\" decoding=\"async\" width=\"724\" height=\"1024\" data-id=\"291538\" src=\"https:\/\/www.tucomarca.com\/wordpress\/segunda\/wp-content\/uploads\/2026\/01\/04-724x1024.jpg\" alt=\"\" class=\"wp-image-291538\" srcset=\"https:\/\/www.tucomarca.com\/wordpress\/segunda\/wp-content\/uploads\/2026\/01\/04-724x1024.jpg 724w, https:\/\/www.tucomarca.com\/wordpress\/segunda\/wp-content\/uploads\/2026\/01\/04-212x300.jpg 212w, https:\/\/www.tucomarca.com\/wordpress\/segunda\/wp-content\/uploads\/2026\/01\/04-768x1086.jpg 768w, https:\/\/www.tucomarca.com\/wordpress\/segunda\/wp-content\/uploads\/2026\/01\/04.jpg 886w\" sizes=\"auto, (max-width: 724px) 100vw, 724px\" \/><\/figure>\n\n\n\n<figure class=\"wp-block-image size-large\"><img loading=\"lazy\" decoding=\"async\" width=\"724\" height=\"1024\" data-id=\"291534\" src=\"https:\/\/www.tucomarca.com\/wordpress\/segunda\/wp-content\/uploads\/2026\/01\/02-724x1024.jpg\" alt=\"\" class=\"wp-image-291534\" srcset=\"https:\/\/www.tucomarca.com\/wordpress\/segunda\/wp-content\/uploads\/2026\/01\/02-724x1024.jpg 724w, https:\/\/www.tucomarca.com\/wordpress\/segunda\/wp-content\/uploads\/2026\/01\/02-212x300.jpg 212w, https:\/\/www.tucomarca.com\/wordpress\/segunda\/wp-content\/uploads\/2026\/01\/02-768x1086.jpg 768w, https:\/\/www.tucomarca.com\/wordpress\/segunda\/wp-content\/uploads\/2026\/01\/02.jpg 886w\" sizes=\"auto, (max-width: 724px) 100vw, 724px\" \/><\/figure>\n\n\n\n<figure class=\"wp-block-image size-large\"><img loading=\"lazy\" decoding=\"async\" width=\"886\" height=\"743\" data-id=\"291542\" src=\"https:\/\/www.tucomarca.com\/wordpress\/segunda\/wp-content\/uploads\/2026\/01\/06.jpg\" alt=\"\" class=\"wp-image-291542\" srcset=\"https:\/\/www.tucomarca.com\/wordpress\/segunda\/wp-content\/uploads\/2026\/01\/06.jpg 886w, https:\/\/www.tucomarca.com\/wordpress\/segunda\/wp-content\/uploads\/2026\/01\/06-300x252.jpg 300w, https:\/\/www.tucomarca.com\/wordpress\/segunda\/wp-content\/uploads\/2026\/01\/06-768x644.jpg 768w\" sizes=\"auto, (max-width: 886px) 100vw, 886px\" \/><\/figure>\n<\/figure>\n","protected":false},"excerpt":{"rendered":"<div class=\"mh-excerpt\">Bu\u00f1ol enceta el mes de febrer de 2026 amb una intensa i variada programaci\u00f3 cultural sota el lema \u201cBu\u00f1ol Act\u00faa\u201d, que reunir\u00e0 durant les pr\u00f2ximes setmanes actes fallers, concerts, teatre, propostes liter\u00e0ries i activitats educatives <a class=\"mh-excerpt-more\" href=\"https:\/\/www.tucomarca.com\/wordpress\/segunda\/ca\/falles-musica-teatre-i-activitats-per-a-tots-els-publics-en-lagenda-cultura-bunyol-actua-per-a-febrer\/\" title=\"Falles, m\u00fasica, teatre i activitats per a tots els p\u00fablics en l&#8217;agenda cultura &#8216;Bunyol Actua&#8217; per a febrer\">[+] <\/a><\/div>\n","protected":false},"author":12,"featured_media":291537,"comment_status":"open","ping_status":"open","sticky":false,"template":"","format":"standard","meta":{"footnotes":""},"categories":[11019,10911,10894,10912,11007,10896],"tags":[13872,10913,14722,10914],"class_list":{"0":"post-291545","1":"post","2":"type-post","3":"status-publish","4":"format-standard","5":"has-post-thumbnail","7":"category-agenda-ca","8":"category-bunol-ca","9":"category-la-comarca-ca","10":"category-la-hoya-ca","11":"category-ocio-y-cultura-ca","12":"category-seccion-ca","13":"tag-agenda-cultural-ca","14":"tag-bunol-ca","15":"tag-bunol-actua-ca","16":"tag-la-hoya-de-bunol-chiva-ca"},"_links":{"self":[{"href":"https:\/\/www.tucomarca.com\/wordpress\/segunda\/ca\/wp-json\/wp\/v2\/posts\/291545","targetHints":{"allow":["GET"]}}],"collection":[{"href":"https:\/\/www.tucomarca.com\/wordpress\/segunda\/ca\/wp-json\/wp\/v2\/posts"}],"about":[{"href":"https:\/\/www.tucomarca.com\/wordpress\/segunda\/ca\/wp-json\/wp\/v2\/types\/post"}],"author":[{"embeddable":true,"href":"https:\/\/www.tucomarca.com\/wordpress\/segunda\/ca\/wp-json\/wp\/v2\/users\/12"}],"replies":[{"embeddable":true,"href":"https:\/\/www.tucomarca.com\/wordpress\/segunda\/ca\/wp-json\/wp\/v2\/comments?post=291545"}],"version-history":[{"count":0,"href":"https:\/\/www.tucomarca.com\/wordpress\/segunda\/ca\/wp-json\/wp\/v2\/posts\/291545\/revisions"}],"wp:featuredmedia":[{"embeddable":true,"href":"https:\/\/www.tucomarca.com\/wordpress\/segunda\/ca\/wp-json\/wp\/v2\/media\/291537"}],"wp:attachment":[{"href":"https:\/\/www.tucomarca.com\/wordpress\/segunda\/ca\/wp-json\/wp\/v2\/media?parent=291545"}],"wp:term":[{"taxonomy":"category","embeddable":true,"href":"https:\/\/www.tucomarca.com\/wordpress\/segunda\/ca\/wp-json\/wp\/v2\/categories?post=291545"},{"taxonomy":"post_tag","embeddable":true,"href":"https:\/\/www.tucomarca.com\/wordpress\/segunda\/ca\/wp-json\/wp\/v2\/tags?post=291545"}],"curies":[{"name":"wp","href":"https:\/\/api.w.org\/{rel}","templated":true}]}}