{"id":291571,"date":"2026-01-29T09:30:00","date_gmt":"2026-01-29T08:30:00","guid":{"rendered":"https:\/\/www.tucomarca.com\/wordpress\/segunda\/?p=291571"},"modified":"2026-01-29T19:15:51","modified_gmt":"2026-01-29T18:15:51","slug":"turis-acull-lexaltacio-de-les-falleres-majors-2026-de-la-falla-avinguda-corts-valencianes","status":"publish","type":"post","link":"https:\/\/www.tucomarca.com\/wordpress\/segunda\/ca\/turis-acull-lexaltacio-de-les-falleres-majors-2026-de-la-falla-avinguda-corts-valencianes\/","title":{"rendered":"Tur\u00eds acull l&#8217;exaltaci\u00f3 de les Falleres Majors 2026 de la Falla Avinguda Corts Valencianes"},"content":{"rendered":"\n<p>El dissabte 31 de gener, a les 18,00 hores, el Teatre Ideal de Tur\u00eds ser\u00e0 l\u2019escenari de la Solemne Exaltaci\u00f3 de les Falleres Majors i del President Infantil 2026 de la Falla Avinguda de les Corts Valencianes, un acte central dins del calendari faller del municipi.<\/p>\n\n\n\n<p>La vesprada s\u2019estructurar\u00e0 en dues parts. En la primera, tindr\u00e0 lloc l\u2019exaltaci\u00f3 de les Falleres Majors i del President Infantil 2026: <strong>Gala Algarra Cebri\u00e1<\/strong>, <strong>Ra\u00fal Segura Espinosa<\/strong> i <strong>Nerea Estell\u00e9s L\u00f3pez<\/strong>, junt amb les seues Corts d\u2019Honor. L\u2019acte estar\u00e0 presentat per Vicent Lleonart Fern\u00e1ndez i Nadia Algarra Cebri\u00e1. Exerciran com a mantenidors Nadia Algarra Cebri\u00e1, Julio Segura Sorl\u00ed i Yaiza Valero Estell\u00e9s.<\/p>\n\n\n\n<p>En la segona part, el p\u00fablic podr\u00e0 gaudir de la representaci\u00f3 teatral <strong>\u201cOcho apellidos valencianos\u201d<\/strong>, que posar\u00e0 el toc d\u2019humor i entreteniment a una jornada marcada per l\u2019emoci\u00f3 i la tradici\u00f3 fallera.<\/p>\n\n\n\n<p>Una cita destacada per a  celebrar la festa, la cultura i l\u2019esperit faller a Tur\u00eds.<\/p>\n\n\n\n<figure class=\"wp-block-image size-large\"><img loading=\"lazy\" decoding=\"async\" width=\"1024\" height=\"726\" src=\"https:\/\/www.tucomarca.com\/wordpress\/segunda\/wp-content\/uploads\/2026\/01\/FallaCortsPresentacion-1024x726.jpg\" alt=\"\" class=\"wp-image-291568\" srcset=\"https:\/\/www.tucomarca.com\/wordpress\/segunda\/wp-content\/uploads\/2026\/01\/FallaCortsPresentacion-1024x726.jpg 1024w, https:\/\/www.tucomarca.com\/wordpress\/segunda\/wp-content\/uploads\/2026\/01\/FallaCortsPresentacion-300x213.jpg 300w, https:\/\/www.tucomarca.com\/wordpress\/segunda\/wp-content\/uploads\/2026\/01\/FallaCortsPresentacion-768x545.jpg 768w, https:\/\/www.tucomarca.com\/wordpress\/segunda\/wp-content\/uploads\/2026\/01\/FallaCortsPresentacion.jpg 1354w\" sizes=\"auto, (max-width: 1024px) 100vw, 1024px\" \/><\/figure>\n","protected":false},"excerpt":{"rendered":"<div class=\"mh-excerpt\">El dissabte 31 de gener, a les 18,00 hores, el Teatre Ideal de Tur\u00eds ser\u00e0 l\u2019escenari de la Solemne Exaltaci\u00f3 de les Falleres Majors i del President Infantil 2026 de la Falla Avinguda de les <a class=\"mh-excerpt-more\" href=\"https:\/\/www.tucomarca.com\/wordpress\/segunda\/ca\/turis-acull-lexaltacio-de-les-falleres-majors-2026-de-la-falla-avinguda-corts-valencianes\/\" title=\"Tur\u00eds acull l&#8217;exaltaci\u00f3 de les Falleres Majors 2026 de la Falla Avinguda Corts Valencianes\">[+] <\/a><\/div>\n","protected":false},"author":12,"featured_media":291566,"comment_status":"open","ping_status":"open","sticky":false,"template":"","format":"standard","meta":{"footnotes":""},"categories":[11019,10894,10902,11007,10896,11047],"tags":[14839,23199,11356,11093],"class_list":{"0":"post-291571","1":"post","2":"type-post","3":"status-publish","4":"format-standard","5":"has-post-thumbnail","7":"category-agenda-ca","8":"category-la-comarca-ca","9":"category-la-ribera-ca","10":"category-ocio-y-cultura-ca","11":"category-seccion-ca","12":"category-turis-ca","13":"tag-falla-avinguda-corts-valencianes-ca","14":"tag-fallas-2026-ca","15":"tag-ribera-alta-ca","16":"tag-turis-ca"},"_links":{"self":[{"href":"https:\/\/www.tucomarca.com\/wordpress\/segunda\/ca\/wp-json\/wp\/v2\/posts\/291571","targetHints":{"allow":["GET"]}}],"collection":[{"href":"https:\/\/www.tucomarca.com\/wordpress\/segunda\/ca\/wp-json\/wp\/v2\/posts"}],"about":[{"href":"https:\/\/www.tucomarca.com\/wordpress\/segunda\/ca\/wp-json\/wp\/v2\/types\/post"}],"author":[{"embeddable":true,"href":"https:\/\/www.tucomarca.com\/wordpress\/segunda\/ca\/wp-json\/wp\/v2\/users\/12"}],"replies":[{"embeddable":true,"href":"https:\/\/www.tucomarca.com\/wordpress\/segunda\/ca\/wp-json\/wp\/v2\/comments?post=291571"}],"version-history":[{"count":0,"href":"https:\/\/www.tucomarca.com\/wordpress\/segunda\/ca\/wp-json\/wp\/v2\/posts\/291571\/revisions"}],"wp:featuredmedia":[{"embeddable":true,"href":"https:\/\/www.tucomarca.com\/wordpress\/segunda\/ca\/wp-json\/wp\/v2\/media\/291566"}],"wp:attachment":[{"href":"https:\/\/www.tucomarca.com\/wordpress\/segunda\/ca\/wp-json\/wp\/v2\/media?parent=291571"}],"wp:term":[{"taxonomy":"category","embeddable":true,"href":"https:\/\/www.tucomarca.com\/wordpress\/segunda\/ca\/wp-json\/wp\/v2\/categories?post=291571"},{"taxonomy":"post_tag","embeddable":true,"href":"https:\/\/www.tucomarca.com\/wordpress\/segunda\/ca\/wp-json\/wp\/v2\/tags?post=291571"}],"curies":[{"name":"wp","href":"https:\/\/api.w.org\/{rel}","templated":true}]}}