{"id":291586,"date":"2026-01-29T11:25:00","date_gmt":"2026-01-29T10:25:00","guid":{"rendered":"https:\/\/www.tucomarca.com\/wordpress\/segunda\/?p=291586"},"modified":"2026-01-29T19:42:01","modified_gmt":"2026-01-29T18:42:01","slug":"lhospital-de-manises-redueix-un-33-lespera-quirurgica-de-pacients-amb-risc-vital-en-passar-de-48-a-32-dies-en-lultim-any","status":"publish","type":"post","link":"https:\/\/www.tucomarca.com\/wordpress\/segunda\/ca\/lhospital-de-manises-redueix-un-33-lespera-quirurgica-de-pacients-amb-risc-vital-en-passar-de-48-a-32-dies-en-lultim-any\/","title":{"rendered":"L&#8217;Hospital de Manises redueix un 33% l&#8217;espera quir\u00fargica de pacients amb risc vital en passar de 48 a 32 dies en l&#8217;\u00faltim any"},"content":{"rendered":"\n<h3 class=\"wp-block-heading\">La xifra de pacients amb prioritat 1, que han de ser intervinguts en un termini m\u00e0xim de 30 dies, disminueix un 50% en passar de 77 al desembre de 2024 a 38 al tancament de 2025.<\/h3>\n\n\n\n<h3 class=\"wp-block-heading\">La demora mitjana quir\u00fargica a l&#8217;Hospital de Manises se situa en 61 dies i el nombre de pacients en espera es redueix un 23%.<\/h3>\n\n\n\n<p>A partir de les dades publicades per la Conselleria de Sanitat sobre l&#8217;evoluci\u00f3 de l&#8217;espera quir\u00fargica, l&#8217;Hospital de Manises confirma la reducci\u00f3 del 50% en els temps d&#8217;espera dels pacients amb risc vital.<\/p>\n\n\n\n<p>En concret, els pacients amb prioritat 1, que han de ser intervinguts en un termini m\u00e0xim de 30 dies, han vist redu\u00efda la seua espera mitjana de 48 a 32 dies en l&#8217;\u00faltim any, la qual cosa suposa un descens del 33%. A m\u00e9s, el nombre de pacients en aquesta prioritat s&#8217;ha redu\u00eft a la meitat, passant de 77 al desembre de 2024 a 38 a la fi de 2025.<\/p>\n\n\n\n<p>Referent a aix\u00f2, la gerent del departament, la doctora Beatriz G\u00f3mez afirma que &#8220;\u00e9s una gran not\u00edcia reduir a la meitat els pacients de prioritat 1 encara que hem de continuar treballant per a millorar els temps d&#8217;espera i garantir una atenci\u00f3 oportuna als qui m\u00e9s el necessiten&#8221;.<\/p>\n\n\n\n<p>Quant a la prioritat 2 corresponents a intervencions que han de realitzar-se en un termini no superior a 90 dies, la demora mitjana \u00e9s de 77 dies. Aix\u00ed mateix, el nombre de pacients pendents en aquesta prioritat s&#8217;ha redu\u00eft en prop del 50%, en comparaci\u00f3 amb el mateix mes de 2024 amb 858 pacients en llista d&#8217;espera quir\u00fargica.<\/p>\n\n\n\n<p>En termes globals, la demora mitjana quir\u00fargica en la Comunitat Valenciana se situa en 88 dies, mentre que a l&#8217;Hospital de Manises \u00e9s de 61 dies, per davall de la mitjana auton\u00f2mica, la qual cosa reflecteix l&#8217;esfor\u00e7 sostingut del departament per millorar l&#8217;accessibilitat a l&#8217;atenci\u00f3 quir\u00fargica.<\/p>\n\n\n\n<p>Aix\u00ed, la gerent del departament de salut de Manises, la doctora Beatriz G\u00f3mez assenyala que &#8220;l&#8217;evoluci\u00f3 d&#8217;aquests indicadors reflecteix el comprom\u00eds de l&#8217;organitzaci\u00f3 amb la millora cont\u00ednua i amb l&#8217;acc\u00e9s equitatiu dels pacients a l&#8217;assist\u00e8ncia sanit\u00e0ria que necessiten&#8221;.<\/p>\n","protected":false},"excerpt":{"rendered":"<div class=\"mh-excerpt\">La xifra de pacients amb prioritat 1, que han de ser intervinguts en un termini m\u00e0xim de 30 dies, disminueix un 50% en passar de 77 al desembre de 2024 a 38 al tancament de <a class=\"mh-excerpt-more\" href=\"https:\/\/www.tucomarca.com\/wordpress\/segunda\/ca\/lhospital-de-manises-redueix-un-33-lespera-quirurgica-de-pacients-amb-risc-vital-en-passar-de-48-a-32-dies-en-lultim-any\/\" title=\"L&#8217;Hospital de Manises redueix un 33% l&#8217;espera quir\u00fargica de pacients amb risc vital en passar de 48 a 32 dies en l&#8217;\u00faltim any\">[+] <\/a><\/div>\n","protected":false},"author":12,"featured_media":291584,"comment_status":"open","ping_status":"open","sticky":false,"template":"","format":"standard","meta":{"footnotes":""},"categories":[10973,10911,10892,11010,10977,10980,10948,10894,10904,10912,10902,10931,10978,10947,10906,10896,11047,10974,10975],"tags":[23829,11092],"class_list":{"0":"post-291586","1":"post","2":"type-post","3":"status-publish","4":"format-standard","5":"has-post-thumbnail","7":"category-alborache-ca","8":"category-bunol-ca","9":"category-camp-de-turia-ca","10":"category-canal-salud","11":"category-godelleta-ca","12":"category-yatova-ca","13":"category-infraestructuras-ca","14":"category-la-comarca-ca","15":"category-sin-categorizar-ca","16":"category-la-hoya-ca","17":"category-la-ribera-ca","18":"category-loriguilla-ca","19":"category-macastre-ca","20":"category-politica","21":"category-riba-roja-ca","22":"category-seccion-ca","23":"category-turis-ca","24":"category-cheste-ca","25":"category-chiva-ca","26":"tag-espera-quirurgica-ca","27":"tag-hospital-de-manises-ca"},"_links":{"self":[{"href":"https:\/\/www.tucomarca.com\/wordpress\/segunda\/ca\/wp-json\/wp\/v2\/posts\/291586","targetHints":{"allow":["GET"]}}],"collection":[{"href":"https:\/\/www.tucomarca.com\/wordpress\/segunda\/ca\/wp-json\/wp\/v2\/posts"}],"about":[{"href":"https:\/\/www.tucomarca.com\/wordpress\/segunda\/ca\/wp-json\/wp\/v2\/types\/post"}],"author":[{"embeddable":true,"href":"https:\/\/www.tucomarca.com\/wordpress\/segunda\/ca\/wp-json\/wp\/v2\/users\/12"}],"replies":[{"embeddable":true,"href":"https:\/\/www.tucomarca.com\/wordpress\/segunda\/ca\/wp-json\/wp\/v2\/comments?post=291586"}],"version-history":[{"count":0,"href":"https:\/\/www.tucomarca.com\/wordpress\/segunda\/ca\/wp-json\/wp\/v2\/posts\/291586\/revisions"}],"wp:featuredmedia":[{"embeddable":true,"href":"https:\/\/www.tucomarca.com\/wordpress\/segunda\/ca\/wp-json\/wp\/v2\/media\/291584"}],"wp:attachment":[{"href":"https:\/\/www.tucomarca.com\/wordpress\/segunda\/ca\/wp-json\/wp\/v2\/media?parent=291586"}],"wp:term":[{"taxonomy":"category","embeddable":true,"href":"https:\/\/www.tucomarca.com\/wordpress\/segunda\/ca\/wp-json\/wp\/v2\/categories?post=291586"},{"taxonomy":"post_tag","embeddable":true,"href":"https:\/\/www.tucomarca.com\/wordpress\/segunda\/ca\/wp-json\/wp\/v2\/tags?post=291586"}],"curies":[{"name":"wp","href":"https:\/\/api.w.org\/{rel}","templated":true}]}}