{"id":291642,"date":"2026-01-30T09:00:00","date_gmt":"2026-01-30T08:00:00","guid":{"rendered":"https:\/\/www.tucomarca.com\/wordpress\/segunda\/?p=291642"},"modified":"2026-01-30T19:07:53","modified_gmt":"2026-01-30T18:07:53","slug":"alboraig-celebra-sant-antoni-2026-amb-foguera-bous-de-corda-i-la-tradicional-benediccio-danimals","status":"publish","type":"post","link":"https:\/\/www.tucomarca.com\/wordpress\/segunda\/ca\/alboraig-celebra-sant-antoni-2026-amb-foguera-bous-de-corda-i-la-tradicional-benediccio-danimals\/","title":{"rendered":"Alboraig celebra Sant Antoni 2026 amb foguera, bous de corda i la tradicional benedicci\u00f3 d\u2019animals"},"content":{"rendered":"\n<p>Alboraig celebrar\u00e0 les festes de <strong>Sant Antoni 2026<\/strong> amb un complet programa d\u2019actes que combina tradici\u00f3, gastronomia i festejos populars durant els dies <strong>31 de gener i 1 de febrer<\/strong>.<\/p>\n\n\n\n<p>El <strong>dissabte 31 de gener<\/strong>, la jornada comen\u00e7ar\u00e0 a les <strong>12.00 hores<\/strong> amb el tradicional arrossegament de pins fins a la piscina, seguit de <strong>m\u00fasica i quintos<\/strong> a partir de les <strong>13.00 hores<\/strong>. A les <strong>14.00 hores<\/strong> tindr\u00e0 lloc la paella popular al pavell\u00f3 municipal, i a la nit, a les <strong>21.00 hores<\/strong>, se celebrar\u00e0 el sopar de cabasset, tamb\u00e9 al pavell\u00f3.<\/p>\n\n\n\n<p>Un dels actes m\u00e9s esperats ser\u00e0 el <strong>bou de corda<\/strong>, que es desenvolupar\u00e0 el dia 31 de gener des de les <strong>16.00 fins aproximadament les 18.00 hores<\/strong>. El recorregut previst ser\u00e0 el seg\u00fcent: Avinguda de la M\u00fasica, carrer Abajo, carrer Horno, carrer Abad\u00eda, carrer Pe\u00f1as, pla\u00e7a Salvador Mart\u00ednez, carrer Macastre, cam\u00ed n\u00fam. 9, carrer San Jaime, carrer Rosas, carrer Ronda, carrer Maestro Cervera Lloret, carrer Prado, carrer Buen Aire, pla\u00e7a Espa\u00f1a, carrer Reverendo Jos\u00e9 Cuenca, carrer Maestra Ascensi\u00f3n Tortonda, carrer San Antonio, carrer Jard\u00edn, carrer Reverendo Vinat i Avinguda Val\u00e8ncia.<\/p>\n\n\n\n<figure class=\"wp-block-image size-large\"><img loading=\"lazy\" decoding=\"async\" width=\"1024\" height=\"724\" src=\"https:\/\/www.tucomarca.com\/wordpress\/segunda\/wp-content\/uploads\/2026\/01\/Alborachetoro-1024x724.jpg\" alt=\"\" class=\"wp-image-291636\" srcset=\"https:\/\/www.tucomarca.com\/wordpress\/segunda\/wp-content\/uploads\/2026\/01\/Alborachetoro-1024x724.jpg 1024w, https:\/\/www.tucomarca.com\/wordpress\/segunda\/wp-content\/uploads\/2026\/01\/Alborachetoro-300x212.jpg 300w, https:\/\/www.tucomarca.com\/wordpress\/segunda\/wp-content\/uploads\/2026\/01\/Alborachetoro-768x543.jpg 768w, https:\/\/www.tucomarca.com\/wordpress\/segunda\/wp-content\/uploads\/2026\/01\/Alborachetoro-1536x1086.jpg 1536w, https:\/\/www.tucomarca.com\/wordpress\/segunda\/wp-content\/uploads\/2026\/01\/Alborachetoro.jpg 2048w\" sizes=\"auto, (max-width: 1024px) 100vw, 1024px\" \/><\/figure>\n\n\n\n<p>Aix\u00ed mateix, a les <strong>20.00 hores<\/strong> es procedir\u00e0 a l\u2019<strong>encesa de la foguera<\/strong>, un dels moments m\u00e9s simb\u00f2lics de la festivitat.<\/p>\n\n\n\n<p>El <strong>diumenge 1 de febrer<\/strong>, a les <strong>12.00 hores<\/strong>, tindr\u00e0 lloc la <strong>tradicional benedicci\u00f3 d\u2019animals a la pla\u00e7a Espa\u00f1a<\/strong>, acte central de la festivitat de Sant Antoni.<\/p>\n\n\n\n<p>Des de l\u2019organitzaci\u00f3 s\u2019informa que els <strong>vehicles podran estacionar-se al Parc San Jaime, la Piscina Municipal i la zona del Cementeri<\/strong>, i es prega a la poblaci\u00f3 que <strong>extreme les mesures de precauci\u00f3<\/strong> durant la celebraci\u00f3 dels actes taurins.<\/p>\n\n\n\n<p>L\u2019Ajuntament d\u2019Alborache convida ve\u00efns i visitants a gaudir d\u2019unes festes marcades per la tradici\u00f3, la conviv\u00e8ncia i el respecte a les normes de seguretat.<\/p>\n","protected":false},"excerpt":{"rendered":"<div class=\"mh-excerpt\">Alboraig celebrar\u00e0 les festes de Sant Antoni 2026 amb un complet programa d\u2019actes que combina tradici\u00f3, gastronomia i festejos populars durant els dies 31 de gener i 1 de febrer. El dissabte 31 de gener, <a class=\"mh-excerpt-more\" href=\"https:\/\/www.tucomarca.com\/wordpress\/segunda\/ca\/alboraig-celebra-sant-antoni-2026-amb-foguera-bous-de-corda-i-la-tradicional-benediccio-danimals\/\" title=\"Alboraig celebra Sant Antoni 2026 amb foguera, bous de corda i la tradicional benedicci\u00f3 d\u2019animals\">[+] <\/a><\/div>\n","protected":false},"author":12,"featured_media":291640,"comment_status":"open","ping_status":"open","sticky":false,"template":"","format":"image","meta":{"footnotes":""},"categories":[11019,10973,10894,10912,11007,10896],"tags":[11224,10914,23664],"class_list":{"0":"post-291642","1":"post","2":"type-post","3":"status-publish","4":"format-image","5":"has-post-thumbnail","7":"category-agenda-ca","8":"category-alborache-ca","9":"category-la-comarca-ca","10":"category-la-hoya-ca","11":"category-ocio-y-cultura-ca","12":"category-seccion-ca","13":"tag-alborache-ca","14":"tag-la-hoya-de-bunol-chiva-ca","15":"tag-san-anton-2026-ca","16":"post_format-post-format-image"},"_links":{"self":[{"href":"https:\/\/www.tucomarca.com\/wordpress\/segunda\/ca\/wp-json\/wp\/v2\/posts\/291642","targetHints":{"allow":["GET"]}}],"collection":[{"href":"https:\/\/www.tucomarca.com\/wordpress\/segunda\/ca\/wp-json\/wp\/v2\/posts"}],"about":[{"href":"https:\/\/www.tucomarca.com\/wordpress\/segunda\/ca\/wp-json\/wp\/v2\/types\/post"}],"author":[{"embeddable":true,"href":"https:\/\/www.tucomarca.com\/wordpress\/segunda\/ca\/wp-json\/wp\/v2\/users\/12"}],"replies":[{"embeddable":true,"href":"https:\/\/www.tucomarca.com\/wordpress\/segunda\/ca\/wp-json\/wp\/v2\/comments?post=291642"}],"version-history":[{"count":0,"href":"https:\/\/www.tucomarca.com\/wordpress\/segunda\/ca\/wp-json\/wp\/v2\/posts\/291642\/revisions"}],"wp:featuredmedia":[{"embeddable":true,"href":"https:\/\/www.tucomarca.com\/wordpress\/segunda\/ca\/wp-json\/wp\/v2\/media\/291640"}],"wp:attachment":[{"href":"https:\/\/www.tucomarca.com\/wordpress\/segunda\/ca\/wp-json\/wp\/v2\/media?parent=291642"}],"wp:term":[{"taxonomy":"category","embeddable":true,"href":"https:\/\/www.tucomarca.com\/wordpress\/segunda\/ca\/wp-json\/wp\/v2\/categories?post=291642"},{"taxonomy":"post_tag","embeddable":true,"href":"https:\/\/www.tucomarca.com\/wordpress\/segunda\/ca\/wp-json\/wp\/v2\/tags?post=291642"}],"curies":[{"name":"wp","href":"https:\/\/api.w.org\/{rel}","templated":true}]}}