{"id":291656,"date":"2026-01-30T09:15:00","date_gmt":"2026-01-30T08:15:00","guid":{"rendered":"https:\/\/www.tucomarca.com\/wordpress\/segunda\/?p=291656"},"modified":"2026-01-30T19:11:58","modified_gmt":"2026-01-30T18:11:58","slug":"fundacio-caixa-rural-torrent-convoca-la-47-edicio-de-les-jornades-de-citrics","status":"publish","type":"post","link":"https:\/\/www.tucomarca.com\/wordpress\/segunda\/ca\/fundacio-caixa-rural-torrent-convoca-la-47-edicio-de-les-jornades-de-citrics\/","title":{"rendered":"Fundaci\u00f3 Caixa Rural Torrent convoca la 47 edici\u00f3 de les \u201cJornades de C\u00edtrics\u201d"},"content":{"rendered":"\n<p>La 47 edici\u00f3 de les \u201cJornades de C\u00edtrics\u201d ser\u00e0 el primer acte oficial que organitze l&#8217;acabada de crear Fundaci\u00f3 Caixa Rural Torrent, que se celebrar\u00e0 del 10 al 12 de febrer. Les noves tecnologies, el control de plagues i les novetats de la PAC seran els principals temes que s&#8217;exposaran durant les tres sessions, que tindran lloc a les 19 hores en la sala d&#8217;actes de l&#8217;entitat a Torrent.<\/p>\n\n\n\n<p>El president de la Fundaci\u00f3, Jes\u00fas Monfort, inaugurar\u00e0 la primera jornada en la qual el responsable t\u00e8cnic de l&#8217;empresa WIDHOC, Juan Gim\u00e9nez, impartir\u00e0 la conferencia \u201cImplantaci\u00f3 de noves tecnologies al servei de l&#8217;agricultura\u201d. Durant la mateixa s&#8217;exposaran les aportacions i l&#8217;enorme potencial de la intel\u00b7lig\u00e8ncia artificial o la rob\u00f2tica aplicada al camp, tecnologies que estan irrompent amb for\u00e7a i marcaran el futur immediat de la nova agricultura de precisi\u00f3.<\/p>\n\n\n<div class=\"wp-block-image\">\n<figure class=\"alignleft size-large is-resized\"><img loading=\"lazy\" decoding=\"async\" width=\"722\" height=\"1024\" src=\"https:\/\/www.tucomarca.com\/wordpress\/segunda\/wp-content\/uploads\/2026\/01\/PROGRAMAJORNADAS-722x1024.jpg\" alt=\"\" class=\"wp-image-291651\" style=\"width:389px;height:auto\" srcset=\"https:\/\/www.tucomarca.com\/wordpress\/segunda\/wp-content\/uploads\/2026\/01\/PROGRAMAJORNADAS-722x1024.jpg 722w, https:\/\/www.tucomarca.com\/wordpress\/segunda\/wp-content\/uploads\/2026\/01\/PROGRAMAJORNADAS-211x300.jpg 211w, https:\/\/www.tucomarca.com\/wordpress\/segunda\/wp-content\/uploads\/2026\/01\/PROGRAMAJORNADAS-768x1090.jpg 768w, https:\/\/www.tucomarca.com\/wordpress\/segunda\/wp-content\/uploads\/2026\/01\/PROGRAMAJORNADAS-1083x1536.jpg 1083w, https:\/\/www.tucomarca.com\/wordpress\/segunda\/wp-content\/uploads\/2026\/01\/PROGRAMAJORNADAS-1444x2048.jpg 1444w, https:\/\/www.tucomarca.com\/wordpress\/segunda\/wp-content\/uploads\/2026\/01\/PROGRAMAJORNADAS.jpg 1748w\" sizes=\"auto, (max-width: 722px) 100vw, 722px\" \/><\/figure>\n<\/div>\n\n\n<p>La intervenci\u00f3 del dimecres ser\u00e0 a c\u00e0rrec del t\u00e8cnic de l&#8217;Estaci\u00f3 Experimental Agr\u00e0ria de Vila-real, Antonio Casta\u00f1o, sota el t\u00edtol \u201cSituaci\u00f3 actual de les plagues m\u00e9s rellevants dels c\u00edtrics\u201d. En la seua pon\u00e8ncia donar\u00e0 a con\u00e9ixer els resultats de les investigacions que es desenvolupen en aquest centre per a la detecci\u00f3 preco\u00e7 de plagues potencialment perilloses per a la citricultura i altres cultius. Aix\u00ed mateix, tamb\u00e9 explicar\u00e0 els treballs realitzats per al seguiment i control de plagues com el Morrut roig, la Xylella fastidiosa i el Scirtothrips aurantii, conegut com el trips sud-afric\u00e0 dels c\u00edtrics.<\/p>\n\n\n\n<p>Per a l&#8217;\u00faltima sessi\u00f3, s&#8217;ha programat la confer\u00e8ncia \u201cPerspectiva actual de la citricultura valenciana i novetats en relaci\u00f3 amb la PAC\u201d, que desenvolupar\u00e0 el director del Servei d&#8217;Estudis i Publicacions de Fundaci\u00f3 Grup Cajamar, Ignacio Atance. Analitzar\u00e0 q\u00fcestions d&#8217;especial rellev\u00e0ncia per al sector com la necessitat d&#8217;un ajust estructural i d&#8217;integraci\u00f3, el gir radical en governan\u00e7a del \u2018Pla Estrat\u00e8gic de la PAC\u2019 (PEPAC) al \u2018Pla Pa\u00eds\u2019 i els riscos per a un model exit\u00f3s en moment de m\u00e0xima pressi\u00f3 competitiva.<\/p>\n\n\n\n<p>Per a finalitzar, l&#8217;alcaldessa de Torrent, Amparo Folgado, i el president Jes\u00fas Monfort, clausuraran les jornades que, com en anys anteriors, es completaran amb un viatge professional a Tarragona que es realitzar\u00e0 del 6 al 8 de mar\u00e7<\/p>\n","protected":false},"excerpt":{"rendered":"<div class=\"mh-excerpt\">La 47 edici\u00f3 de les \u201cJornades de C\u00edtrics\u201d ser\u00e0 el primer acte oficial que organitze l&#8217;acabada de crear Fundaci\u00f3 Caixa Rural Torrent, que se celebrar\u00e0 del 10 al 12 de febrer. Les noves tecnologies, el <a class=\"mh-excerpt-more\" href=\"https:\/\/www.tucomarca.com\/wordpress\/segunda\/ca\/fundacio-caixa-rural-torrent-convoca-la-47-edicio-de-les-jornades-de-citrics\/\" title=\"Fundaci\u00f3 Caixa Rural Torrent convoca la 47 edici\u00f3 de les \u201cJornades de C\u00edtrics\u201d\">[+] <\/a><\/div>\n","protected":false},"author":12,"featured_media":291655,"comment_status":"open","ping_status":"open","sticky":false,"template":"","format":"standard","meta":{"footnotes":""},"categories":[11019,10905,10948,10894,10904,10896],"tags":[],"class_list":{"0":"post-291656","1":"post","2":"type-post","3":"status-publish","4":"format-standard","5":"has-post-thumbnail","7":"category-agenda-ca","8":"category-agricultura-la-comarca-ca","9":"category-infraestructuras-ca","10":"category-la-comarca-ca","11":"category-sin-categorizar-ca","12":"category-seccion-ca"},"_links":{"self":[{"href":"https:\/\/www.tucomarca.com\/wordpress\/segunda\/ca\/wp-json\/wp\/v2\/posts\/291656","targetHints":{"allow":["GET"]}}],"collection":[{"href":"https:\/\/www.tucomarca.com\/wordpress\/segunda\/ca\/wp-json\/wp\/v2\/posts"}],"about":[{"href":"https:\/\/www.tucomarca.com\/wordpress\/segunda\/ca\/wp-json\/wp\/v2\/types\/post"}],"author":[{"embeddable":true,"href":"https:\/\/www.tucomarca.com\/wordpress\/segunda\/ca\/wp-json\/wp\/v2\/users\/12"}],"replies":[{"embeddable":true,"href":"https:\/\/www.tucomarca.com\/wordpress\/segunda\/ca\/wp-json\/wp\/v2\/comments?post=291656"}],"version-history":[{"count":0,"href":"https:\/\/www.tucomarca.com\/wordpress\/segunda\/ca\/wp-json\/wp\/v2\/posts\/291656\/revisions"}],"wp:featuredmedia":[{"embeddable":true,"href":"https:\/\/www.tucomarca.com\/wordpress\/segunda\/ca\/wp-json\/wp\/v2\/media\/291655"}],"wp:attachment":[{"href":"https:\/\/www.tucomarca.com\/wordpress\/segunda\/ca\/wp-json\/wp\/v2\/media?parent=291656"}],"wp:term":[{"taxonomy":"category","embeddable":true,"href":"https:\/\/www.tucomarca.com\/wordpress\/segunda\/ca\/wp-json\/wp\/v2\/categories?post=291656"},{"taxonomy":"post_tag","embeddable":true,"href":"https:\/\/www.tucomarca.com\/wordpress\/segunda\/ca\/wp-json\/wp\/v2\/tags?post=291656"}],"curies":[{"name":"wp","href":"https:\/\/api.w.org\/{rel}","templated":true}]}}