{"id":291673,"date":"2026-01-30T12:00:00","date_gmt":"2026-01-30T11:00:00","guid":{"rendered":"https:\/\/www.tucomarca.com\/wordpress\/segunda\/?p=291673"},"modified":"2026-01-30T19:25:17","modified_gmt":"2026-01-30T18:25:17","slug":"la-diputacio-actua-en-la-pendent-de-lalt-gaspar-de-gestalgar-per-a-evitar-despreniments-i-protegir-les-cases","status":"publish","type":"post","link":"https:\/\/www.tucomarca.com\/wordpress\/segunda\/ca\/la-diputacio-actua-en-la-pendent-de-lalt-gaspar-de-gestalgar-per-a-evitar-despreniments-i-protegir-les-cases\/","title":{"rendered":"La Diputaci\u00f3 actua en la pendent de l\u2019Alt Gaspar de Gestalgar per a evitar despreniments i protegir les cases"},"content":{"rendered":"\n<h3 class=\"wp-block-heading\">L&#8217;obra, amb un pressupost de 86.043 euros, s&#8217;ha fet mitjan\u00e7ant t\u00e8cniques d&#8217;alpinisme i amb l&#8217;ajuda d&#8217;un helic\u00f2pter degut a la dificultat d&#8217;acc\u00e9s.<\/h3>\n\n\n\n<p>La Diputaci\u00f3 de Val\u00e8ncia, a trav\u00e9s de la secci\u00f3 de Riscos Geol\u00f2gics i Espais Degradats del Servici de Medi Ambient, ha executat una obra d&#8217;estabilitzaci\u00f3 destinada a reduir riscos geol\u00f2gics en la pendent de l\u2019Alt Gaspar de Gestalgar. L&#8217;objectiu \u00e9s evitar despreniments de pedres que puguen afectar les cases i carrer situades vessant a baix i, per tant, protegir la seguretat de les persones.<\/p>\n\n\n\n<p>L&#8217;actuaci\u00f3 consistix en la instal\u00b7laci\u00f3 de 600 metres quadrats de xarxa d&#8217;anells d&#8217;acer galvanitzat adossat al terreny mitjan\u00e7ant bulons d&#8217;acer de 25mm. A m\u00e9s, s&#8217;han instal\u00b7lat 360 m\u00b2 de malla de triple torsi\u00f3 refor\u00e7ada adossada al terreny mitjan\u00e7ant piquetes i bulons. La instal\u00b7laci\u00f3 s&#8217;ha fet mitjan\u00e7ant t\u00e8cniques d&#8217;alpinisme i amb l&#8217;ajuda d&#8217;un helic\u00f2pter degut a la dificultat d&#8217;acc\u00e9s a la zona.<\/p>\n\n\n\n<figure class=\"wp-block-gallery has-nested-images columns-default is-cropped wp-block-gallery-1 is-layout-flex wp-block-gallery-is-layout-flex\">\n<figure class=\"wp-block-image size-large\"><img loading=\"lazy\" decoding=\"async\" width=\"768\" height=\"1024\" data-id=\"291667\" src=\"https:\/\/www.tucomarca.com\/wordpress\/segunda\/wp-content\/uploads\/2026\/01\/Gestalgar2-768x1024.jpeg\" alt=\"\" class=\"wp-image-291667\" srcset=\"https:\/\/www.tucomarca.com\/wordpress\/segunda\/wp-content\/uploads\/2026\/01\/Gestalgar2-768x1024.jpeg 768w, https:\/\/www.tucomarca.com\/wordpress\/segunda\/wp-content\/uploads\/2026\/01\/Gestalgar2-225x300.jpeg 225w, https:\/\/www.tucomarca.com\/wordpress\/segunda\/wp-content\/uploads\/2026\/01\/Gestalgar2-1152x1536.jpeg 1152w, https:\/\/www.tucomarca.com\/wordpress\/segunda\/wp-content\/uploads\/2026\/01\/Gestalgar2.jpeg 1200w\" sizes=\"auto, (max-width: 768px) 100vw, 768px\" \/><\/figure>\n\n\n\n<figure class=\"wp-block-image size-large\"><img loading=\"lazy\" decoding=\"async\" width=\"768\" height=\"1024\" data-id=\"291669\" src=\"https:\/\/www.tucomarca.com\/wordpress\/segunda\/wp-content\/uploads\/2026\/01\/Gestalgar3-768x1024.jpeg\" alt=\"\" class=\"wp-image-291669\" srcset=\"https:\/\/www.tucomarca.com\/wordpress\/segunda\/wp-content\/uploads\/2026\/01\/Gestalgar3-768x1024.jpeg 768w, https:\/\/www.tucomarca.com\/wordpress\/segunda\/wp-content\/uploads\/2026\/01\/Gestalgar3-225x300.jpeg 225w, https:\/\/www.tucomarca.com\/wordpress\/segunda\/wp-content\/uploads\/2026\/01\/Gestalgar3-1152x1536.jpeg 1152w, https:\/\/www.tucomarca.com\/wordpress\/segunda\/wp-content\/uploads\/2026\/01\/Gestalgar3.jpeg 1200w\" sizes=\"auto, (max-width: 768px) 100vw, 768px\" \/><\/figure>\n<\/figure>\n\n\n\n<p>L&#8217;obra, que est\u00e0 acabada de finalitzar, \u00e9s per al diputat de Medi Ambient, Avelino Mascarell, \u201cun exemple m\u00e9s de com est\u00e0 actuant la Diputaci\u00f3 en la prevenci\u00f3 i la reducci\u00f3 de riscos geol\u00f2gics\u201d. \u201cGarantir la seguretat de la ciutadania i preservar l&#8217;entorn, actuant all\u00ed on els informes t\u00e8cnics detecten situacions d&#8217;inestabilitat, \u00e9s una de les nostres prioritats i estem actuant en conseq\u00fc\u00e8ncia\u201d, ha esgrimit.<\/p>\n\n\n\n<p>El pressupost total d&#8217;estes actuacions \u00e9s de 86.043 euros (IVA incl\u00f2s) i s&#8217;emmarca en la l\u00ednia de treballs que desenvolupa la Diputaci\u00f3 de Val\u00e8ncia per a previndre riscos geol\u00f2gics i millorar la seguretat en municipis de la prov\u00edncia, especialment en entorns amb condicionants geogr\u00e0fics complexos.<\/p>\n","protected":false},"excerpt":{"rendered":"<div class=\"mh-excerpt\">L&#8217;obra, amb un pressupost de 86.043 euros, s&#8217;ha fet mitjan\u00e7ant t\u00e8cniques d&#8217;alpinisme i amb l&#8217;ajuda d&#8217;un helic\u00f2pter degut a la dificultat d&#8217;acc\u00e9s. La Diputaci\u00f3 de Val\u00e8ncia, a trav\u00e9s de la secci\u00f3 de Riscos Geol\u00f2gics i <a class=\"mh-excerpt-more\" href=\"https:\/\/www.tucomarca.com\/wordpress\/segunda\/ca\/la-diputacio-actua-en-la-pendent-de-lalt-gaspar-de-gestalgar-per-a-evitar-despreniments-i-protegir-les-cases\/\" title=\"La Diputaci\u00f3 actua en la pendent de l\u2019Alt Gaspar de Gestalgar per a evitar despreniments i protegir les cases\">[+] <\/a><\/div>\n","protected":false},"author":12,"featured_media":291672,"comment_status":"open","ping_status":"open","sticky":false,"template":"","format":"gallery","meta":{"footnotes":""},"categories":[11046,10898,11034,10948,10894,10903,10947,10896,10897],"tags":[11246,11663,11080],"class_list":{"0":"post-291673","1":"post","2":"type-post","3":"status-publish","4":"format-gallery","5":"has-post-thumbnail","7":"category-los-serranos-ca","8":"category-ventana-ca","9":"category-gestalgar-ca","10":"category-infraestructuras-ca","11":"category-la-comarca-ca","12":"category-medio-ambiente-la-comarca-ca","13":"category-politica","14":"category-seccion-ca","15":"category-sucesos-la-comarca-ca","16":"tag-diputacio-de-valencia-ca","17":"tag-gestalgar-ca","18":"tag-los-serranos-ca","19":"post_format-post-format-gallery"},"_links":{"self":[{"href":"https:\/\/www.tucomarca.com\/wordpress\/segunda\/ca\/wp-json\/wp\/v2\/posts\/291673","targetHints":{"allow":["GET"]}}],"collection":[{"href":"https:\/\/www.tucomarca.com\/wordpress\/segunda\/ca\/wp-json\/wp\/v2\/posts"}],"about":[{"href":"https:\/\/www.tucomarca.com\/wordpress\/segunda\/ca\/wp-json\/wp\/v2\/types\/post"}],"author":[{"embeddable":true,"href":"https:\/\/www.tucomarca.com\/wordpress\/segunda\/ca\/wp-json\/wp\/v2\/users\/12"}],"replies":[{"embeddable":true,"href":"https:\/\/www.tucomarca.com\/wordpress\/segunda\/ca\/wp-json\/wp\/v2\/comments?post=291673"}],"version-history":[{"count":0,"href":"https:\/\/www.tucomarca.com\/wordpress\/segunda\/ca\/wp-json\/wp\/v2\/posts\/291673\/revisions"}],"wp:featuredmedia":[{"embeddable":true,"href":"https:\/\/www.tucomarca.com\/wordpress\/segunda\/ca\/wp-json\/wp\/v2\/media\/291672"}],"wp:attachment":[{"href":"https:\/\/www.tucomarca.com\/wordpress\/segunda\/ca\/wp-json\/wp\/v2\/media?parent=291673"}],"wp:term":[{"taxonomy":"category","embeddable":true,"href":"https:\/\/www.tucomarca.com\/wordpress\/segunda\/ca\/wp-json\/wp\/v2\/categories?post=291673"},{"taxonomy":"post_tag","embeddable":true,"href":"https:\/\/www.tucomarca.com\/wordpress\/segunda\/ca\/wp-json\/wp\/v2\/tags?post=291673"}],"curies":[{"name":"wp","href":"https:\/\/api.w.org\/{rel}","templated":true}]}}