{"id":291769,"date":"2026-01-30T12:15:00","date_gmt":"2026-01-30T11:15:00","guid":{"rendered":"https:\/\/www.tucomarca.com\/wordpress\/segunda\/?p=291769"},"modified":"2026-01-30T20:43:12","modified_gmt":"2026-01-30T19:43:12","slug":"el-local-de-lassociacio-de-jubilats-de-turis-reobri-les-seues-portes-despres-duna-completa-adequacio","status":"publish","type":"post","link":"https:\/\/www.tucomarca.com\/wordpress\/segunda\/ca\/el-local-de-lassociacio-de-jubilats-de-turis-reobri-les-seues-portes-despres-duna-completa-adequacio\/","title":{"rendered":"El local de l\u2019Associaci\u00f3 de Jubilats de Tur\u00eds reobri les seues portes despr\u00e9s d\u2019una completa adequaci\u00f3"},"content":{"rendered":"\n<p>El municipi de <strong>Tur\u00eds<\/strong> va celebrar recentment la <strong>jornada de portes obertes del local de l\u2019Associaci\u00f3 de Jubilats i Pensionistes<\/strong>, un acte que va comptar amb la pres\u00e8ncia de nombrosos usuaris i membres de la directiva de l\u2019entitat, i que va servir per donar a con\u00e9ixer la reobertura d\u2019aquest espai, ja disponible de nou per al p\u00fablic.<\/p>\n\n\n\n<p>Durant la visita, l\u2019<strong>alcalde de Tur\u00eds, Francisco Ricau<\/strong>, va destacar que \u201cel local compleix ara amb totes les normatives vigents i disposa d\u2019una millor accessibilitat\u201d, al mateix temps que va agrair la paci\u00e8ncia i comprensi\u00f3 del personal i dels usuaris \u201cdurant els mesos en qu\u00e8 el local ha rom\u00e0s tancat, ja que es tractava de reobrir-lo amb totes les garanties de seguretat\u201d.<\/p>\n\n\n\n<p>Les actuacions realitzades, finan\u00e7ades amb <strong>recursos propis de l\u2019Ajuntament<\/strong>, han perm\u00e9s una renovaci\u00f3 integral de l\u2019espai. Entre els treballs m\u00e9s destacats es troba la <strong>independitzaci\u00f3 dels comptadors de subministrament el\u00e8ctric i d\u2019aigua potable<\/strong> respecte de la resta de l\u2019edifici, aix\u00ed com la <strong>renovaci\u00f3 i adequaci\u00f3 completa de la instal\u00b7laci\u00f3 el\u00e8ctrica<\/strong> per al seu \u00fas com a local de p\u00fablica concurr\u00e8ncia, amb cablejat lliure d\u2019hal\u00f2gens i llumin\u00e0ries tipus LED, a m\u00e9s de la seua corresponent legalitzaci\u00f3.<\/p>\n\n\n\n<p>Aix\u00ed mateix, s\u2019han dut a terme millores en mat\u00e8ria de seguretat i accessibilitat, com la <strong>independitzaci\u00f3 del local de la resta de l\u2019edifici pel que fa a la resist\u00e8ncia al foc<\/strong>, la <strong>reparaci\u00f3 dels escalons d\u2019acc\u00e9s des de l\u2019avinguda<\/strong>, l\u2019<strong>adaptaci\u00f3 dels banys per a persones amb mobilitat redu\u00efda<\/strong> i la instal\u00b7laci\u00f3 de <strong>sensors de pres\u00e8ncia<\/strong> per a la il\u00b7luminaci\u00f3 dels banys i zones de poc pas.<\/p>\n\n\n\n<p>Altres actuacions han incl\u00f2s el <strong>trasllat de les m\u00e0quines d\u2019aire condicionat de la fa\u00e7ana a la terrassa<\/strong>, aix\u00ed com diverses <strong>millores en els elements de la cuina<\/strong>, a les quals se suma la incorporaci\u00f3 de <strong>nous electrodom\u00e8stics<\/strong>, entre ells una planxa, un rentavaixelles, un rentagots, un microones i dues neveres.<\/p>\n\n\n\n<p>Amb aquesta reobertura, l\u2019Ajuntament de Tur\u00eds reafirma el seu comprom\u00eds amb el benestar de les persones majors, dotant-les d\u2019un espai renovat, segur i plenament adaptat per al desenvolupament de les seues activitats i la conviv\u00e8ncia social.<\/p>\n\n\n\n<figure class=\"wp-block-gallery has-nested-images columns-2 is-cropped wp-block-gallery-1 is-layout-flex wp-block-gallery-is-layout-flex\">\n<figure class=\"wp-block-image size-large\"><img loading=\"lazy\" decoding=\"async\" width=\"1024\" height=\"576\" data-id=\"291759\" src=\"https:\/\/www.tucomarca.com\/wordpress\/segunda\/wp-content\/uploads\/2026\/01\/Turislocaljubilados1-1024x576.jpg\" alt=\"\" class=\"wp-image-291759\" srcset=\"https:\/\/www.tucomarca.com\/wordpress\/segunda\/wp-content\/uploads\/2026\/01\/Turislocaljubilados1-1024x576.jpg 1024w, https:\/\/www.tucomarca.com\/wordpress\/segunda\/wp-content\/uploads\/2026\/01\/Turislocaljubilados1-300x169.jpg 300w, https:\/\/www.tucomarca.com\/wordpress\/segunda\/wp-content\/uploads\/2026\/01\/Turislocaljubilados1-768x432.jpg 768w, https:\/\/www.tucomarca.com\/wordpress\/segunda\/wp-content\/uploads\/2026\/01\/Turislocaljubilados1-1536x864.jpg 1536w, https:\/\/www.tucomarca.com\/wordpress\/segunda\/wp-content\/uploads\/2026\/01\/Turislocaljubilados1-2048x1153.jpg 2048w, https:\/\/www.tucomarca.com\/wordpress\/segunda\/wp-content\/uploads\/2026\/01\/Turislocaljubilados1-678x381.jpg 678w\" sizes=\"auto, (max-width: 1024px) 100vw, 1024px\" \/><\/figure>\n\n\n\n<figure class=\"wp-block-image size-large\"><img loading=\"lazy\" decoding=\"async\" width=\"1024\" height=\"576\" data-id=\"291763\" src=\"https:\/\/www.tucomarca.com\/wordpress\/segunda\/wp-content\/uploads\/2026\/01\/Turislocaljubilados3-1024x576.jpg\" alt=\"\" class=\"wp-image-291763\" srcset=\"https:\/\/www.tucomarca.com\/wordpress\/segunda\/wp-content\/uploads\/2026\/01\/Turislocaljubilados3-1024x576.jpg 1024w, https:\/\/www.tucomarca.com\/wordpress\/segunda\/wp-content\/uploads\/2026\/01\/Turislocaljubilados3-300x169.jpg 300w, https:\/\/www.tucomarca.com\/wordpress\/segunda\/wp-content\/uploads\/2026\/01\/Turislocaljubilados3-768x432.jpg 768w, https:\/\/www.tucomarca.com\/wordpress\/segunda\/wp-content\/uploads\/2026\/01\/Turislocaljubilados3-1536x864.jpg 1536w, https:\/\/www.tucomarca.com\/wordpress\/segunda\/wp-content\/uploads\/2026\/01\/Turislocaljubilados3-2048x1153.jpg 2048w, https:\/\/www.tucomarca.com\/wordpress\/segunda\/wp-content\/uploads\/2026\/01\/Turislocaljubilados3-678x381.jpg 678w\" sizes=\"auto, (max-width: 1024px) 100vw, 1024px\" \/><\/figure>\n\n\n\n<figure class=\"wp-block-image size-large\"><img loading=\"lazy\" decoding=\"async\" width=\"768\" height=\"1024\" data-id=\"291765\" src=\"https:\/\/www.tucomarca.com\/wordpress\/segunda\/wp-content\/uploads\/2026\/01\/Turislocaljubilados4-768x1024.jpeg\" alt=\"\" class=\"wp-image-291765\" srcset=\"https:\/\/www.tucomarca.com\/wordpress\/segunda\/wp-content\/uploads\/2026\/01\/Turislocaljubilados4-768x1024.jpeg 768w, https:\/\/www.tucomarca.com\/wordpress\/segunda\/wp-content\/uploads\/2026\/01\/Turislocaljubilados4-225x300.jpeg 225w, https:\/\/www.tucomarca.com\/wordpress\/segunda\/wp-content\/uploads\/2026\/01\/Turislocaljubilados4-1152x1536.jpeg 1152w, https:\/\/www.tucomarca.com\/wordpress\/segunda\/wp-content\/uploads\/2026\/01\/Turislocaljubilados4.jpeg 1536w\" sizes=\"auto, (max-width: 768px) 100vw, 768px\" \/><\/figure>\n\n\n\n<figure class=\"wp-block-image size-large\"><img loading=\"lazy\" decoding=\"async\" width=\"768\" height=\"1024\" data-id=\"291767\" src=\"https:\/\/www.tucomarca.com\/wordpress\/segunda\/wp-content\/uploads\/2026\/01\/Turislocaljubilados5-768x1024.jpeg\" alt=\"\" class=\"wp-image-291767\" srcset=\"https:\/\/www.tucomarca.com\/wordpress\/segunda\/wp-content\/uploads\/2026\/01\/Turislocaljubilados5-768x1024.jpeg 768w, https:\/\/www.tucomarca.com\/wordpress\/segunda\/wp-content\/uploads\/2026\/01\/Turislocaljubilados5-225x300.jpeg 225w, https:\/\/www.tucomarca.com\/wordpress\/segunda\/wp-content\/uploads\/2026\/01\/Turislocaljubilados5-1152x1536.jpeg 1152w, https:\/\/www.tucomarca.com\/wordpress\/segunda\/wp-content\/uploads\/2026\/01\/Turislocaljubilados5.jpeg 1536w\" sizes=\"auto, (max-width: 768px) 100vw, 768px\" \/><\/figure>\n<\/figure>\n","protected":false},"excerpt":{"rendered":"<div class=\"mh-excerpt\">El municipi de Tur\u00eds va celebrar recentment la jornada de portes obertes del local de l\u2019Associaci\u00f3 de Jubilats i Pensionistes, un acte que va comptar amb la pres\u00e8ncia de nombrosos usuaris i membres de la <a class=\"mh-excerpt-more\" href=\"https:\/\/www.tucomarca.com\/wordpress\/segunda\/ca\/el-local-de-lassociacio-de-jubilats-de-turis-reobri-les-seues-portes-despres-duna-completa-adequacio\/\" title=\"El local de l\u2019Associaci\u00f3 de Jubilats de Tur\u00eds reobri les seues portes despr\u00e9s d\u2019una completa adequaci\u00f3\">[+] <\/a><\/div>\n","protected":false},"author":12,"featured_media":291762,"comment_status":"open","ping_status":"open","sticky":false,"template":"","format":"gallery","meta":{"footnotes":""},"categories":[10948,10894,10902,10947,10896,11047],"tags":[23837,11356,11093],"class_list":{"0":"post-291769","1":"post","2":"type-post","3":"status-publish","4":"format-gallery","5":"has-post-thumbnail","7":"category-infraestructuras-ca","8":"category-la-comarca-ca","9":"category-la-ribera-ca","10":"category-politica","11":"category-seccion-ca","12":"category-turis-ca","13":"tag-local-del-jubilado-ca","14":"tag-ribera-alta-ca","15":"tag-turis-ca","16":"post_format-post-format-gallery"},"_links":{"self":[{"href":"https:\/\/www.tucomarca.com\/wordpress\/segunda\/ca\/wp-json\/wp\/v2\/posts\/291769","targetHints":{"allow":["GET"]}}],"collection":[{"href":"https:\/\/www.tucomarca.com\/wordpress\/segunda\/ca\/wp-json\/wp\/v2\/posts"}],"about":[{"href":"https:\/\/www.tucomarca.com\/wordpress\/segunda\/ca\/wp-json\/wp\/v2\/types\/post"}],"author":[{"embeddable":true,"href":"https:\/\/www.tucomarca.com\/wordpress\/segunda\/ca\/wp-json\/wp\/v2\/users\/12"}],"replies":[{"embeddable":true,"href":"https:\/\/www.tucomarca.com\/wordpress\/segunda\/ca\/wp-json\/wp\/v2\/comments?post=291769"}],"version-history":[{"count":0,"href":"https:\/\/www.tucomarca.com\/wordpress\/segunda\/ca\/wp-json\/wp\/v2\/posts\/291769\/revisions"}],"wp:featuredmedia":[{"embeddable":true,"href":"https:\/\/www.tucomarca.com\/wordpress\/segunda\/ca\/wp-json\/wp\/v2\/media\/291762"}],"wp:attachment":[{"href":"https:\/\/www.tucomarca.com\/wordpress\/segunda\/ca\/wp-json\/wp\/v2\/media?parent=291769"}],"wp:term":[{"taxonomy":"category","embeddable":true,"href":"https:\/\/www.tucomarca.com\/wordpress\/segunda\/ca\/wp-json\/wp\/v2\/categories?post=291769"},{"taxonomy":"post_tag","embeddable":true,"href":"https:\/\/www.tucomarca.com\/wordpress\/segunda\/ca\/wp-json\/wp\/v2\/tags?post=291769"}],"curies":[{"name":"wp","href":"https:\/\/api.w.org\/{rel}","templated":true}]}}