{"id":291835,"date":"2026-02-02T09:30:00","date_gmt":"2026-02-02T08:30:00","guid":{"rendered":"https:\/\/www.tucomarca.com\/wordpress\/segunda\/?p=291835"},"modified":"2026-02-02T21:19:43","modified_gmt":"2026-02-02T20:19:43","slug":"el-debut-somiat-de-pau-dona-la-victoria-al-cd-bunyol-davant-latletic-saguntino-2-1","status":"publish","type":"post","link":"https:\/\/www.tucomarca.com\/wordpress\/segunda\/ca\/el-debut-somiat-de-pau-dona-la-victoria-al-cd-bunyol-davant-latletic-saguntino-2-1\/","title":{"rendered":"El debut somiat de Pau dona la vict\u00f2ria al CD Bunyol davant l\u2019Atl\u00e8tic Saguntino (2-1)"},"content":{"rendered":"\n<p>El <strong>CD Bunyol<\/strong> ha aconseguit una important vict\u00f2ria a casa despr\u00e9s d\u2019imposar-se per <strong>2-1 a l\u2019Atl\u00e8tic Saguntino<\/strong> en un encontre marcat per l\u2019estrena golejadora de <strong>Pau<\/strong>, nou fitxatge del conjunt bunyolenc, que ha sigut decisiu en el seu primer partit.<\/p>\n\n\n\n<p>El partit ha comen\u00e7at amb intensitat i les primeres ocasions no han tardat a arribar. En el <strong>minut 20<\/strong>, <strong>Mangel<\/strong> ha estat molt a prop d\u2019avan\u00e7ar el CD Bu\u00f1ol amb una clara ocasi\u00f3 de gol que ha al\u00e7at la graderia, encara que el tant s\u2019ha resistit en la primera meitat.<\/p>\n\n\n\n<p>Despr\u00e9s del descans, l\u2019encontre ha guanyat en emoci\u00f3. En el <strong>minut 69<\/strong>, <strong>Pau<\/strong> ha signat el seu primer gol com a jugador del CD Bunyol, estrenant-se de la millor manera possible i avan\u00e7ant els locals en el marcador. El davanter ha tornat a ser protagonista en el <strong>minut 80<\/strong>, quan ha anotat el <strong>segon gol<\/strong>, certificant una actuaci\u00f3 excel\u00b7lent en el seu debut i posant el 2-0 en l\u2019electr\u00f2nic.<\/p>\n\n\n\n<p>L\u2019Atl\u00e9tico Saguntino ha retallat dist\u00e0ncies en els minuts finals, per\u00f2 el CD Bunyol ha sabut gestionar l\u2019avantatge per a assegurar tres punts molt valuosos davant la seua afici\u00f3.<\/p>\n\n\n\n<p>Amb este triomf, el conjunt bunyolenc refor\u00e7a la seua confian\u00e7a i suma una vict\u00f2ria marcada pel debut estel\u00b7lar de <strong>Pau<\/strong>, cridat a ser una pe\u00e7a important en l\u2019atac de l\u2019equip.<\/p>\n\n\n\n<p><strong>Foto: Jos\u00e9 L. Mont\u00f3n<\/strong><\/p>\n","protected":false},"excerpt":{"rendered":"<div class=\"mh-excerpt\">El CD Bunyol ha aconseguit una important vict\u00f2ria a casa despr\u00e9s d\u2019imposar-se per 2-1 a l\u2019Atl\u00e8tic Saguntino en un encontre marcat per l\u2019estrena golejadora de Pau, nou fitxatge del conjunt bunyolenc, que ha sigut decisiu <a class=\"mh-excerpt-more\" href=\"https:\/\/www.tucomarca.com\/wordpress\/segunda\/ca\/el-debut-somiat-de-pau-dona-la-victoria-al-cd-bunyol-davant-latletic-saguntino-2-1\/\" title=\"El debut somiat de Pau dona la vict\u00f2ria al CD Bunyol davant l\u2019Atl\u00e8tic Saguntino (2-1)\">[+] <\/a><\/div>\n","protected":false},"author":12,"featured_media":291833,"comment_status":"open","ping_status":"open","sticky":false,"template":"","format":"standard","meta":{"footnotes":""},"categories":[10911,11015,11003,10894,10912,10896],"tags":[10913,11126,10914],"class_list":{"0":"post-291835","1":"post","2":"type-post","3":"status-publish","4":"format-standard","5":"has-post-thumbnail","7":"category-bunol-ca","8":"category-canal-futbol","9":"category-sports","10":"category-la-comarca-ca","11":"category-la-hoya-ca","12":"category-seccion-ca","13":"tag-bunol-ca","14":"tag-cd-bunol-ca","15":"tag-la-hoya-de-bunol-chiva-ca"},"_links":{"self":[{"href":"https:\/\/www.tucomarca.com\/wordpress\/segunda\/ca\/wp-json\/wp\/v2\/posts\/291835","targetHints":{"allow":["GET"]}}],"collection":[{"href":"https:\/\/www.tucomarca.com\/wordpress\/segunda\/ca\/wp-json\/wp\/v2\/posts"}],"about":[{"href":"https:\/\/www.tucomarca.com\/wordpress\/segunda\/ca\/wp-json\/wp\/v2\/types\/post"}],"author":[{"embeddable":true,"href":"https:\/\/www.tucomarca.com\/wordpress\/segunda\/ca\/wp-json\/wp\/v2\/users\/12"}],"replies":[{"embeddable":true,"href":"https:\/\/www.tucomarca.com\/wordpress\/segunda\/ca\/wp-json\/wp\/v2\/comments?post=291835"}],"version-history":[{"count":0,"href":"https:\/\/www.tucomarca.com\/wordpress\/segunda\/ca\/wp-json\/wp\/v2\/posts\/291835\/revisions"}],"wp:featuredmedia":[{"embeddable":true,"href":"https:\/\/www.tucomarca.com\/wordpress\/segunda\/ca\/wp-json\/wp\/v2\/media\/291833"}],"wp:attachment":[{"href":"https:\/\/www.tucomarca.com\/wordpress\/segunda\/ca\/wp-json\/wp\/v2\/media?parent=291835"}],"wp:term":[{"taxonomy":"category","embeddable":true,"href":"https:\/\/www.tucomarca.com\/wordpress\/segunda\/ca\/wp-json\/wp\/v2\/categories?post=291835"},{"taxonomy":"post_tag","embeddable":true,"href":"https:\/\/www.tucomarca.com\/wordpress\/segunda\/ca\/wp-json\/wp\/v2\/tags?post=291835"}],"curies":[{"name":"wp","href":"https:\/\/api.w.org\/{rel}","templated":true}]}}