{"id":291892,"date":"2026-02-02T11:30:00","date_gmt":"2026-02-02T10:30:00","guid":{"rendered":"https:\/\/www.tucomarca.com\/wordpress\/segunda\/?p=291892"},"modified":"2026-02-02T21:28:36","modified_gmt":"2026-02-02T20:28:36","slug":"la-fallera-major-infantil-de-valencia-visitara-siete-aguas-el-proxim-16-de-febrer","status":"publish","type":"post","link":"https:\/\/www.tucomarca.com\/wordpress\/segunda\/ca\/la-fallera-major-infantil-de-valencia-visitara-siete-aguas-el-proxim-16-de-febrer\/","title":{"rendered":"La Fallera Major Infantil de Val\u00e8ncia visitar\u00e0 Siete Aguas el pr\u00f2xim 16 de febrer"},"content":{"rendered":"\n<p>Siete Aguas es prepara per a rebre una visita molt especial. La <strong>Fallera Major Infantil de Val\u00e8ncia 2026, Marta Mercader Roig<\/strong>, visitar\u00e0 el municipi el <strong>pr\u00f2xim dilluns 16 de febrer<\/strong>, acompanyada per la seua <strong>Cort d\u2019Honor<\/strong>, en una jornada carregada d\u2019emoci\u00f3 i simbolisme a causa de l\u2019important arrelament familiar que la m\u00e0xima representant infantil de les Falles mant\u00e9 amb la localitat.<\/p>\n\n\n\n<p>Des de l\u2019<strong>Ajuntament de Siete Aguas<\/strong> han volgut mostrar p\u00fablicament el seu agra\u00efment per les cont\u00ednues refer\u00e8ncies i mostres d\u2019afecte que Marta Mercader Roig i la seua fam\u00edlia dediquen al municipi. Un vincle que, tal com destaquen des del consistori, resulta especialment emotiu en un any tan significatiu per a la jove fallera, que viu una de les experi\u00e8ncies m\u00e9s boniques i especials de la seua vida en ostentar el c\u00e0rrec de Fallera Major Infantil de Val\u00e8ncia 2026.<\/p>\n\n\n\n<p>Com a gest d\u2019afecte i record, des de Siete Aguas se li ha fet arribar a Marta un <strong>centre de flors<\/strong>, s\u00edmbol que el seu poble tamb\u00e9 la t\u00e9 molt present en estos dies tan intensos i feli\u00e7os. Un detall amb el qual s\u2019ha volgut refor\u00e7ar el lla\u00e7 emocional que unix la Fallera Major Infantil amb el municipi.<\/p>\n\n\n\n<p>Des de l\u2019Ajuntament es confia que l\u2019acte de la seua <strong>Exaltaci\u00f3<\/strong> marque l\u2019inici d\u2019uns mesos plens d\u2019il\u00b7lusi\u00f3, alegria i records inoblidables tant per a Marta com per a la seua fam\u00edlia i la seua Cort d\u2019Honor.<\/p>\n\n\n\n<p>Aix\u00ed mateix, s\u2019ha anunciat oficialment que el <strong>dilluns 16 de febrer<\/strong>, en horari encara per confirmar, Siete Aguas rebr\u00e0 la <strong>visita de Marta Mercader Roig i la seua Cort d\u2019Honor<\/strong>, una ocasi\u00f3 en la qual podran rec\u00f3rrer els carrers del municipi, fer-se fotografies i sentir de prop l\u2019afecte i la calor dels seus ve\u00efns i ve\u00efnes.<\/p>\n\n\n\n<p>Per tot aix\u00f2, des del consistori s\u2019anima <strong>tots i totes les seteaig\u00fcenques<\/strong> a participar en esta visita i a rebre-les amb el major dels afectes, convertint la jornada en un record inesborrable per a la Fallera Major Infantil de Val\u00e8ncia i la seua Cort d\u2019Honor.<\/p>\n","protected":false},"excerpt":{"rendered":"<div class=\"mh-excerpt\">Siete Aguas es prepara per a rebre una visita molt especial. La Fallera Major Infantil de Val\u00e8ncia 2026, Marta Mercader Roig, visitar\u00e0 el municipi el pr\u00f2xim dilluns 16 de febrer, acompanyada per la seua Cort <a class=\"mh-excerpt-more\" href=\"https:\/\/www.tucomarca.com\/wordpress\/segunda\/ca\/la-fallera-major-infantil-de-valencia-visitara-siete-aguas-el-proxim-16-de-febrer\/\" title=\"La Fallera Major Infantil de Val\u00e8ncia visitar\u00e0 Siete Aguas el pr\u00f2xim 16 de febrer\">[+] <\/a><\/div>\n","protected":false},"author":12,"featured_media":291891,"comment_status":"open","ping_status":"open","sticky":false,"template":"","format":"standard","meta":{"footnotes":""},"categories":[11019,10894,10912,11007,11008,10896,10979],"tags":[23845,10914,11157],"class_list":{"0":"post-291892","1":"post","2":"type-post","3":"status-publish","4":"format-standard","5":"has-post-thumbnail","7":"category-agenda-ca","8":"category-la-comarca-ca","9":"category-la-hoya-ca","10":"category-ocio-y-cultura-ca","11":"category-pueblos-en-fiestas-ca","12":"category-seccion-ca","13":"category-siete-aguas-ca","14":"tag-fmi-de-valencia-ca","15":"tag-la-hoya-de-bunol-chiva-ca","16":"tag-siete-aguas-ca"},"_links":{"self":[{"href":"https:\/\/www.tucomarca.com\/wordpress\/segunda\/ca\/wp-json\/wp\/v2\/posts\/291892","targetHints":{"allow":["GET"]}}],"collection":[{"href":"https:\/\/www.tucomarca.com\/wordpress\/segunda\/ca\/wp-json\/wp\/v2\/posts"}],"about":[{"href":"https:\/\/www.tucomarca.com\/wordpress\/segunda\/ca\/wp-json\/wp\/v2\/types\/post"}],"author":[{"embeddable":true,"href":"https:\/\/www.tucomarca.com\/wordpress\/segunda\/ca\/wp-json\/wp\/v2\/users\/12"}],"replies":[{"embeddable":true,"href":"https:\/\/www.tucomarca.com\/wordpress\/segunda\/ca\/wp-json\/wp\/v2\/comments?post=291892"}],"version-history":[{"count":0,"href":"https:\/\/www.tucomarca.com\/wordpress\/segunda\/ca\/wp-json\/wp\/v2\/posts\/291892\/revisions"}],"wp:featuredmedia":[{"embeddable":true,"href":"https:\/\/www.tucomarca.com\/wordpress\/segunda\/ca\/wp-json\/wp\/v2\/media\/291891"}],"wp:attachment":[{"href":"https:\/\/www.tucomarca.com\/wordpress\/segunda\/ca\/wp-json\/wp\/v2\/media?parent=291892"}],"wp:term":[{"taxonomy":"category","embeddable":true,"href":"https:\/\/www.tucomarca.com\/wordpress\/segunda\/ca\/wp-json\/wp\/v2\/categories?post=291892"},{"taxonomy":"post_tag","embeddable":true,"href":"https:\/\/www.tucomarca.com\/wordpress\/segunda\/ca\/wp-json\/wp\/v2\/tags?post=291892"}],"curies":[{"name":"wp","href":"https:\/\/api.w.org\/{rel}","templated":true}]}}