{"id":291919,"date":"2026-02-02T11:25:00","date_gmt":"2026-02-02T10:25:00","guid":{"rendered":"https:\/\/www.tucomarca.com\/wordpress\/segunda\/?p=291919"},"modified":"2026-02-02T21:45:26","modified_gmt":"2026-02-02T20:45:26","slug":"anecoop-bodegas-aterra-en-barcelona-wine-week-amb-noves-propostes","status":"publish","type":"post","link":"https:\/\/www.tucomarca.com\/wordpress\/segunda\/ca\/anecoop-bodegas-aterra-en-barcelona-wine-week-amb-noves-propostes\/","title":{"rendered":"Anecoop Bodegas aterra en Barcelona Wine Week amb noves propostes"},"content":{"rendered":"\n<h3 class=\"wp-block-heading\">Participa per primera vegada amb estand propi en este certamen, que hui ha inaugurat la seua sisena edici\u00f3.<\/h3>\n\n\n\n<h3 class=\"wp-block-heading\">El seu espai expositiu acull la qualitat, l\u2019autenticitat i la diversitat de l\u2019oferta de les seues bodegues s\u00f2cies: Cooperativa La Vi\u00f1a (La Font de la Figuera), Bodegas Reymos (Cheste), Bodegas San Mart\u00edn i Proyecto Unsi (San Mart\u00edn de Unx), que participen amb les seues refer\u00e8ncies m\u00e9s emblem\u00e0tiques, junt amb propostes de menor graduaci\u00f3 alineades amb les noves tend\u00e8ncies de consum.<\/h3>\n\n\n\n<p><strong>Anecoop Bodegas<\/strong> impulsa la promoci\u00f3 nacional i internacional de la seua oferta vin\u00edcola en 2026 amb un enfocament estrat\u00e8gic que contempla la seua pres\u00e8ncia en les fires i esdeveniments m\u00e9s importants del calendari sectorial; consolidant i refor\u00e7ant la seua activitat en aquells en qu\u00e8 ja estava present i incorporant-se com a novetat a altres cert\u00e0mens clau que representen noves oportunitats de negoci.<\/p>\n\n\n\n<p>Hui inicia este recorregut amb la seua participaci\u00f3 en la sisena edici\u00f3 de <strong>Barcelona Wine Week<\/strong>, que se celebra en el recinte <strong>Montju\u00efc de Fira Barcelona<\/strong> fins al pr\u00f2xim dimecres, 4 de febrer. Com a novetat, Anecoop Bodegas est\u00e0 present en este esdeveniment de refer\u00e8ncia de l\u2019oferta espanyola de qualitat per primera vegada amb un espai expositiu propi, situat en el <strong>Hall 8, Stand D82<\/strong>.<\/p>\n\n\n\n<p>Durant tres jornades, projectar\u00e0 l\u2019excel\u00b7l\u00e8ncia i la diversitat dels vins elaborats per les seues bodegues s\u00f2cies: <strong>Cooperativa La Vi\u00f1a<\/strong> (La Font de la Figuera) i <strong>Bodegas Reymos<\/strong> (Cheste), ambdues amb <strong>D.O.P. Val\u00e8ncia<\/strong>, i <strong>Bodegas San Mart\u00edn<\/strong> i <strong>Proyecto Unsi<\/strong> (San Mart\u00edn de Unx), amb <strong>D.O. Navarra<\/strong>.<\/p>\n\n\n\n<p>Des de hui, l\u2019equip comercial i t\u00e8cnic d\u2019Anecoop Bodegas despla\u00e7at a este esdeveniment est\u00e0 mantenint una \u00e0mplia agenda de reunions de treball en el marc d\u2019un pla comercial que prioritza la fidelitzaci\u00f3 de la cartera actual i la identificaci\u00f3 i captaci\u00f3 de clients potencials.<\/p>\n\n\n\n<figure class=\"wp-block-image size-large\"><img loading=\"lazy\" decoding=\"async\" width=\"1024\" height=\"1024\" src=\"http:\/\/www.tucomarca.com\/wordpress\/segunda\/wp-content\/uploads\/2026\/02\/AnecoopBarcelonaWineWeek2026-1024x1024.jpg\" alt=\"\" class=\"wp-image-291916\" srcset=\"https:\/\/www.tucomarca.com\/wordpress\/segunda\/wp-content\/uploads\/2026\/02\/AnecoopBarcelonaWineWeek2026-1024x1024.jpg 1024w, https:\/\/www.tucomarca.com\/wordpress\/segunda\/wp-content\/uploads\/2026\/02\/AnecoopBarcelonaWineWeek2026-300x300.jpg 300w, https:\/\/www.tucomarca.com\/wordpress\/segunda\/wp-content\/uploads\/2026\/02\/AnecoopBarcelonaWineWeek2026-290x290.jpg 290w, https:\/\/www.tucomarca.com\/wordpress\/segunda\/wp-content\/uploads\/2026\/02\/AnecoopBarcelonaWineWeek2026-768x768.jpg 768w, https:\/\/www.tucomarca.com\/wordpress\/segunda\/wp-content\/uploads\/2026\/02\/AnecoopBarcelonaWineWeek2026-1536x1536.jpg 1536w, https:\/\/www.tucomarca.com\/wordpress\/segunda\/wp-content\/uploads\/2026\/02\/AnecoopBarcelonaWineWeek2026-2048x2048.jpg 2048w\" sizes=\"auto, (max-width: 1024px) 100vw, 1024px\" \/><\/figure>\n\n\n\n<p><strong>Augment de les propostes 0,0 % alcohol<\/strong><\/p>\n\n\n\n<p>En el seu estand donar\u00e0 a con\u00e9ixer tota la seua oferta als milers de professionals que visiten esta fira, destacant els vins <strong>0,0 % alcohol<\/strong> i les noves propostes de baixa graduaci\u00f3 que naixen impulsades per una demanda en auge arreu del m\u00f3n. Aix\u00ed, dins d\u2019algunes de les seues gammes m\u00e9s emblem\u00e0tiques, com <strong>Juan de Juanes<\/strong> (Cooperativa La Vi\u00f1a) i <strong>Amatista<\/strong> i <strong>Reymos<\/strong> (Bodegas Reymos), ha incorporat refer\u00e8ncies 0,0 %, diversificant la seua oferta tant en vins tranquils com en escumosos.<\/p>\n\n\n\n<p>Tamb\u00e9 seran protagonistes vins valencians molt consolidats en el mercat, com els que integren la fam\u00edlia <strong>Venta del Puerto<\/strong> o les esmentades <strong>Juan de Juanes<\/strong>, <strong>Amatista<\/strong> i <strong>Reymos<\/strong>. Els vins navarresos estan representats en les gammes <strong>Dominio de Unx<\/strong>, <strong>Alma de Unx<\/strong> i <strong>Unsi<\/strong>.<\/p>\n","protected":false},"excerpt":{"rendered":"<div class=\"mh-excerpt\">Participa per primera vegada amb estand propi en este certamen, que hui ha inaugurat la seua sisena edici\u00f3. El seu espai expositiu acull la qualitat, l\u2019autenticitat i la diversitat de l\u2019oferta de les seues bodegues <a class=\"mh-excerpt-more\" href=\"https:\/\/www.tucomarca.com\/wordpress\/segunda\/ca\/anecoop-bodegas-aterra-en-barcelona-wine-week-amb-noves-propostes\/\" title=\"Anecoop Bodegas aterra en Barcelona Wine Week amb noves propostes\">[+] <\/a><\/div>\n","protected":false},"author":12,"featured_media":291915,"comment_status":"open","ping_status":"open","sticky":false,"template":"","format":"standard","meta":{"footnotes":""},"categories":[11006,10898,10894,10904,10912,11007,10896,10974],"tags":[14667,12655,11071,10914],"class_list":{"0":"post-291919","1":"post","2":"type-post","3":"status-publish","4":"format-standard","5":"has-post-thumbnail","7":"category-canal-vinos","8":"category-ventana-ca","9":"category-la-comarca-ca","10":"category-sin-categorizar-ca","11":"category-la-hoya-ca","12":"category-ocio-y-cultura-ca","13":"category-seccion-ca","14":"category-cheste-ca","15":"tag-anecoop-bodegas-ca","16":"tag-bodegas-reymos-ca","17":"tag-cheste","18":"tag-la-hoya-de-bunol-chiva-ca"},"_links":{"self":[{"href":"https:\/\/www.tucomarca.com\/wordpress\/segunda\/ca\/wp-json\/wp\/v2\/posts\/291919","targetHints":{"allow":["GET"]}}],"collection":[{"href":"https:\/\/www.tucomarca.com\/wordpress\/segunda\/ca\/wp-json\/wp\/v2\/posts"}],"about":[{"href":"https:\/\/www.tucomarca.com\/wordpress\/segunda\/ca\/wp-json\/wp\/v2\/types\/post"}],"author":[{"embeddable":true,"href":"https:\/\/www.tucomarca.com\/wordpress\/segunda\/ca\/wp-json\/wp\/v2\/users\/12"}],"replies":[{"embeddable":true,"href":"https:\/\/www.tucomarca.com\/wordpress\/segunda\/ca\/wp-json\/wp\/v2\/comments?post=291919"}],"version-history":[{"count":0,"href":"https:\/\/www.tucomarca.com\/wordpress\/segunda\/ca\/wp-json\/wp\/v2\/posts\/291919\/revisions"}],"wp:featuredmedia":[{"embeddable":true,"href":"https:\/\/www.tucomarca.com\/wordpress\/segunda\/ca\/wp-json\/wp\/v2\/media\/291915"}],"wp:attachment":[{"href":"https:\/\/www.tucomarca.com\/wordpress\/segunda\/ca\/wp-json\/wp\/v2\/media?parent=291919"}],"wp:term":[{"taxonomy":"category","embeddable":true,"href":"https:\/\/www.tucomarca.com\/wordpress\/segunda\/ca\/wp-json\/wp\/v2\/categories?post=291919"},{"taxonomy":"post_tag","embeddable":true,"href":"https:\/\/www.tucomarca.com\/wordpress\/segunda\/ca\/wp-json\/wp\/v2\/tags?post=291919"}],"curies":[{"name":"wp","href":"https:\/\/api.w.org\/{rel}","templated":true}]}}